{"id":743,"date":"2021-02-24T07:59:27","date_gmt":"2021-02-24T06:59:27","guid":{"rendered":"http:\/\/5.45.101.177\/haut-allier\/usagers-transportse\/index.php\/2021\/02\/24\/reouverture-de-la-ligne-clermont743\/"},"modified":"2021-02-24T07:59:27","modified_gmt":"2021-02-24T06:59:27","slug":"reouverture-de-la-ligne-clermont743","status":"publish","type":"post","link":"https:\/\/usagers-transports.haut-allier.eu\/index.php\/2021\/02\/24\/reouverture-de-la-ligne-clermont743\/","title":{"rendered":"R\u00e9ouverture de la ligne Clermont Fd &#8211; Thiers &#8211; Bo\u00ebn &#8211; St Etienne &#8211; Lyon : avanc\u00e9e majeure \u00e0 la r\u00e9gion Auvergne Rh\u00f4ne Alpes"},"content":{"rendered":"<p>Ce que le <a href=\"https:\/\/letrain634269.org\"><strong>Collectif letrain634269<\/strong><\/a> a r\u00e9ussi \u00e0 faire adopter hier en s\u00e9ance pl\u00e9ni\u00e8re du conseil r\u00e9gional AuRA est \u00e9norme : l&rsquo;amendement de Martine Guibert, Vice-pr\u00e9sidente charg\u00e9e des transports, directement inspir\u00e9 de celui de C\u00e9cile Cukierman \u00e9lue communiste et s\u00e9natrice de la Loire, a \u00e9t\u00e9 vot\u00e9 \u00e0 l&rsquo;unanimit\u00e9 des groupes politiques pr\u00e9sents ! Un fait suffisamment rare \u00e0 la r\u00e9gion Auvergne Rh\u00f4ne Alpes pour que nous le soulignions.<br \/>\n&nbsp;<br \/>\n<img loading=\"lazy\" decoding=\"async\" class=\" aligncenter size-full wp-image-3208\" src=\"http:\/\/5.45.101.177\/haut-allier\/usagers-transportse\/wp-content\/uploads\/2021\/02\/screenshot-tv.auvergnerhonealpes.fr-2021.02.24-07_23_49.jpg\" alt=\"screenshot-tv.auvergnerhonealpes.fr-2021.02.24-07_23_49.jpg\" align=\"center\" width=\"423\" height=\"242\" srcset=\"https:\/\/usagers-transports.haut-allier.eu\/wp-content\/uploads\/2021\/02\/screenshot-tv.auvergnerhonealpes.fr-2021.02.24-07_23_49.jpg 423w, https:\/\/usagers-transports.haut-allier.eu\/wp-content\/uploads\/2021\/02\/screenshot-tv.auvergnerhonealpes.fr-2021.02.24-07_23_49-300x172.jpg 300w\" sizes=\"auto, (max-width: 423px) 100vw, 423px\" \/><br \/>\n&nbsp;<br \/>\nLe pr\u00e9sident de s\u00e9ance Laurent Wauquiez a, \u00e9tonnamment, lui aussi et de l&rsquo;avis g\u00e9n\u00e9ral, men\u00e9 cette s\u00e9ance dans le bon ton, sans parti pris, didactique, rassurant, et apportant les garanties que le Collectif souhaitait. Un changement d&rsquo;attitude complet vis-\u00e0-vis du d\u00e9but de son mandat.<br \/>\n&nbsp;<br \/>\nMartine Guibert pr\u00e9sente l&rsquo;amendement vot\u00e9 :<br \/>\n&nbsp;<br \/>\n<img loading=\"lazy\" decoding=\"async\" class=\" aligncenter size-full wp-image-3209\" src=\"http:\/\/5.45.101.177\/haut-allier\/usagers-transportse\/wp-content\/uploads\/2021\/02\/screenshot-tv.auvergnerhonealpes.fr-2021.02.24-07_27_24.jpg\" alt=\"screenshot-tv.auvergnerhonealpes.fr-2021.02.24-07_27_24.jpg\" align=\"center\" width=\"425\" height=\"239\" srcset=\"https:\/\/usagers-transports.haut-allier.eu\/wp-content\/uploads\/2021\/02\/screenshot-tv.auvergnerhonealpes.fr-2021.02.24-07_27_24.jpg 425w, https:\/\/usagers-transports.haut-allier.eu\/wp-content\/uploads\/2021\/02\/screenshot-tv.auvergnerhonealpes.fr-2021.02.24-07_27_24-300x169.jpg 300w\" sizes=\"auto, (max-width: 425px) 100vw, 425px\" \/><br \/>\n&nbsp;<br \/>\n<em> <strong>\u00ab\u00a0Cet amendement concerne la ligne ferroviaire Bo\u00ebn Thiers donc nous l\u2019avons \u00e9voqu\u00e9 dans nos d\u00e9bats successifs. Ce segment de ligne qui relie Thiers \u00e0 Clermont-Ferrand&#8230; pardon qui relie Thiers \u00e0 Saint-Etienne a \u00e9t\u00e9 suspendu par SNCF R\u00e9seau en 2016 pour des raisons de s\u00e9curit\u00e9, et depuis lors en effet pas de d\u00e9marche je dirais territoriale. De notre part un plan de sauvetage tr\u00e8s ambitieux nous l\u2019avons dit, un plan de sauvetage prioris\u00e9 et donc aujourd\u2019hui nous portons une attention particuli\u00e8re sur cette ligne dans la mesure o\u00f9 nous avons d\u00e9j\u00e0 financ\u00e9 d\u2019autres segments, avec Bo\u00ebn Givors notamment. Donc aujourd\u2019hui nous nous inscrivons dans une continuit\u00e9 ferroviaire de cette ligne, cette ligne qui appartient aux lignes class\u00e9es UC 7 \u00e0 9 m\u00e9rite en effet un traitement particulier et en tous cas une \u00e9tude approfondie pour voir quelles peuvent \u00eatre les perspectives qu\u2019on peut lui donner dans le cadre de cette continuit\u00e9 ferroviaire et d\u2019un projet territorial. Faute d\u2019avoir r\u00e9alis\u00e9 les investissements n\u00e9cessaires, je rappelle que les circulations ferroviaires sont suspendues depuis mi 2016 par SNCF R\u00e9seau on le rappelle encore une fois qui est gestionnaire de l\u2019infrastructure nationale, avec propri\u00e9t\u00e9 de l\u2019Etat, nous souhaitons, R\u00e9gion, que soient \u00e9tudi\u00e9e la possibilit\u00e9 de r\u00e9tablir cette continuit\u00e9 ferroviaire entre Bo\u00ebn et Thiers permettant ainsi en effet de relier deux m\u00e9tropoles Saint-Etienne et Clermont-Ferrand. Donc nous avons demand\u00e9 \u00e0 l\u2019Etat et \u00e0 SNCF R\u00e9seau de ne pas proc\u00e9der au d\u00e9classement de cette ligne, d\u2019en pr\u00e9server les installations, de compl\u00e9ter les accords Etat R\u00e9gion pour la relance du ferroviaire par une \u00e9tude portant d\u2019une part sur le potentiel r\u00e9el de fr\u00e9quentation et d\u2019autre part sur le co\u00fbt de r\u00e9g\u00e9n\u00e9ration qui avait \u00e9t\u00e9 estim\u00e9 en 2016 \u00e0 plus de 50 millions d\u2019euros, \u00e9tude dont la r\u00e9gion est pr\u00eate \u00e0 prendre en charge le financement \u00e0 hauteur de 300 000 euros. Donc bien \u00e9videmment nous avons besoin aujourd\u2019hui de r\u00e9actualiser ce diagnostic, ces \u00e9tudes, et de travailler en partenariat avec tous les acteurs locaux autour de ce projet, donner un vrai sens je dirais \u00e0 l\u2019engagement de ces d\u00e9penses futures.\u00a0\u00bb<\/strong>    <\/em><br \/>\n&nbsp;<br \/>\n<img loading=\"lazy\" decoding=\"async\" class=\" aligncenter size-full wp-image-3210\" src=\"http:\/\/5.45.101.177\/haut-allier\/usagers-transportse\/wp-content\/uploads\/2021\/02\/eu9oy6zxcagjaqs.jpg\" alt=\"eu9oy6zxcagjaqs.jpg\" align=\"center\" width=\"640\" height=\"845\" srcset=\"https:\/\/usagers-transports.haut-allier.eu\/wp-content\/uploads\/2021\/02\/eu9oy6zxcagjaqs.jpg 640w, https:\/\/usagers-transports.haut-allier.eu\/wp-content\/uploads\/2021\/02\/eu9oy6zxcagjaqs-227x300.jpg 227w\" sizes=\"auto, (max-width: 640px) 100vw, 640px\" \/><br \/>\n&nbsp;<br \/>\nC\u00e9cile Cukierman, \u00e9lue PC, \u00e9galement f\u00e9licit\u00e9e pour son travail sur la th\u00e9matique Bo\u00ebn Thiers par le pr\u00e9sident de R\u00e9gion (!)<br \/>\n&nbsp;<br \/>\n<img loading=\"lazy\" decoding=\"async\" class=\" aligncenter size-full wp-image-3211\" src=\"http:\/\/5.45.101.177\/haut-allier\/usagers-transportse\/wp-content\/uploads\/2021\/02\/screenshot-tv.auvergnerhonealpes.fr-2021.02.24-07_26_29.jpg\" alt=\"screenshot-tv.auvergnerhonealpes.fr-2021.02.24-07_26_29.jpg\" align=\"center\" width=\"415\" height=\"237\" srcset=\"https:\/\/usagers-transports.haut-allier.eu\/wp-content\/uploads\/2021\/02\/screenshot-tv.auvergnerhonealpes.fr-2021.02.24-07_26_29.jpg 415w, https:\/\/usagers-transports.haut-allier.eu\/wp-content\/uploads\/2021\/02\/screenshot-tv.auvergnerhonealpes.fr-2021.02.24-07_26_29-300x171.jpg 300w\" sizes=\"auto, (max-width: 415px) 100vw, 415px\" \/><br \/>\n&nbsp;<br \/>\nUne grande avanc\u00e9e pour cette ligne. Merci \u00e0 tous et toutes. Prochaine action \u00e0 Thiers pr\u00e8s de la Gare d\u00e9but mars, \u00e0 la rencontre des habitants.<br \/>\n&nbsp;<br \/>\n<a href=\"https:\/\/letrain634269.org\"><strong>Toutes les infos et les d\u00e9tails sur le site du Collectif.<\/strong><\/a><br \/>\n&nbsp;<br \/>\nLa vid\u00e9o du vote au conseil r\u00e9gional :<br \/>\n&nbsp;<br \/>\n<iframe loading=\"lazy\" width=\"560\" height=\"315\" src=\"https:\/\/www.youtube.com\/embed\/RHgyvhwHf7U\" frameborder=\"0\" allow=\"accelerometer; autoplay; clipboard-write; encrypted-media; gyroscope; picture-in-picture\" allowfullscreen><\/iframe><br \/>\n&nbsp;<br \/>\n<strong>Dans la presse (en plus de la section presse du site du collectif Thiers Bo\u00ebn) :<\/strong><br \/>\n&nbsp;<br \/>\n-Actu Infos Saint-Etienne du 2 mars : <a href=\"https:\/\/actu.fr\/auvergne-rhone-alpes\/clermont-ferrand_63113\/pres-de-clermont-la-region-vient-au-secours-de-la-ligne-de-train-thiers-boen_39882622.html\"><em>Pr\u00e8s de Clermont. La R\u00e9gion vient au secours de la ligne de train Thiers-Bo\u00ebn<\/em><\/a><br \/>\n&nbsp;<br \/>\n<img loading=\"lazy\" decoding=\"async\" class=\" aligncenter size-full wp-image-3212\" src=\"http:\/\/5.45.101.177\/haut-allier\/usagers-transportse\/wp-content\/uploads\/2021\/02\/screenshot-actu.fr-2021.03.02-18_08_47-scaled.jpg\" alt=\"screenshot-actu.fr-2021.03.02-18_08_47.jpg\" align=\"center\" width=\"848\" height=\"2560\" srcset=\"https:\/\/usagers-transports.haut-allier.eu\/wp-content\/uploads\/2021\/02\/screenshot-actu.fr-2021.03.02-18_08_47-scaled.jpg 848w, https:\/\/usagers-transports.haut-allier.eu\/wp-content\/uploads\/2021\/02\/screenshot-actu.fr-2021.03.02-18_08_47-99x300.jpg 99w, https:\/\/usagers-transports.haut-allier.eu\/wp-content\/uploads\/2021\/02\/screenshot-actu.fr-2021.03.02-18_08_47-339x1024.jpg 339w, https:\/\/usagers-transports.haut-allier.eu\/wp-content\/uploads\/2021\/02\/screenshot-actu.fr-2021.03.02-18_08_47-768x2317.jpg 768w, https:\/\/usagers-transports.haut-allier.eu\/wp-content\/uploads\/2021\/02\/screenshot-actu.fr-2021.03.02-18_08_47-509x1536.jpg 509w\" sizes=\"auto, (max-width: 848px) 100vw, 848px\" \/><br \/>\n&nbsp;<\/p>\n","protected":false},"excerpt":{"rendered":"<p>Ce que le Collectif letrain634269 a r\u00e9ussi \u00e0 faire adopter hier en s\u00e9ance pl\u00e9ni\u00e8re du conseil r\u00e9gional AuRA<\/p>\n","protected":false},"author":1,"featured_media":3207,"comment_status":"open","ping_status":"open","sticky":false,"template":"","format":"standard","meta":{"footnotes":""},"categories":[2],"tags":[],"class_list":["post-743","post","type-post","status-publish","format-standard","has-post-thumbnail","hentry","category-infos"],"_links":{"self":[{"href":"https:\/\/usagers-transports.haut-allier.eu\/index.php\/wp-json\/wp\/v2\/posts\/743","targetHints":{"allow":["GET"]}}],"collection":[{"href":"https:\/\/usagers-transports.haut-allier.eu\/index.php\/wp-json\/wp\/v2\/posts"}],"about":[{"href":"https:\/\/usagers-transports.haut-allier.eu\/index.php\/wp-json\/wp\/v2\/types\/post"}],"author":[{"embeddable":true,"href":"https:\/\/usagers-transports.haut-allier.eu\/index.php\/wp-json\/wp\/v2\/users\/1"}],"replies":[{"embeddable":true,"href":"https:\/\/usagers-transports.haut-allier.eu\/index.php\/wp-json\/wp\/v2\/comments?post=743"}],"version-history":[{"count":0,"href":"https:\/\/usagers-transports.haut-allier.eu\/index.php\/wp-json\/wp\/v2\/posts\/743\/revisions"}],"wp:featuredmedia":[{"embeddable":true,"href":"https:\/\/usagers-transports.haut-allier.eu\/index.php\/wp-json\/wp\/v2\/media\/3207"}],"wp:attachment":[{"href":"https:\/\/usagers-transports.haut-allier.eu\/index.php\/wp-json\/wp\/v2\/media?parent=743"}],"wp:term":[{"taxonomy":"category","embeddable":true,"href":"https:\/\/usagers-transports.haut-allier.eu\/index.php\/wp-json\/wp\/v2\/categories?post=743"},{"taxonomy":"post_tag","embeddable":true,"href":"https:\/\/usagers-transports.haut-allier.eu\/index.php\/wp-json\/wp\/v2\/tags?post=743"}],"curies":[{"name":"wp","href":"https:\/\/api.w.org\/{rel}","templated":true}]}}