{"id":744,"date":"2021-02-26T21:13:39","date_gmt":"2021-02-26T20:13:39","guid":{"rendered":"http:\/\/5.45.101.177\/haut-allier\/usagers-transportse\/index.php\/2021\/02\/26\/film-le-train-cevenol-passe-par744\/"},"modified":"2021-02-26T21:13:39","modified_gmt":"2021-02-26T20:13:39","slug":"film-le-train-cevenol-passe-par744","status":"publish","type":"post","link":"https:\/\/usagers-transports.haut-allier.eu\/index.php\/2021\/02\/26\/film-le-train-cevenol-passe-par744\/","title":{"rendered":"Film : Le train C\u00e9venol passe par Alleyras"},"content":{"rendered":"<p>En 2010 le train C\u00e9venol passait par Alleyras mais ne s&rsquo;y arr\u00eatait plus depuis longtemps. Un seul train stoppait alors une fois par jour et dans un seul sens. Une histoire de non retour en quelque sorte. C&rsquo;est le collectif des Usagers des transports du Haut Allier qui \u00e0 force de pers\u00e9v\u00e9rance arrivera \u00e0 obtenir de l&rsquo;ex r\u00e9gion Auvergne, de la SNCF puis de la r\u00e9gion Occitanie en charge du C\u00e9venol, l&rsquo;arr\u00eat de tous les trains, 6 quotidiens d\u00e9sormais.<br \/>\n&nbsp;<br \/>\nCette ann\u00e9e l\u00e0 justement la f\u00eate d&rsquo;\u00e9t\u00e9 des Amis du bourg d&rsquo;Alleyras eut pour th\u00e8me le train C\u00e9venol. Un train factice, de carnaval, avait alors \u00e9t\u00e9 construit et fut l&rsquo;occasion de belles sc\u00e9nettes dans le village avec des acteurs villageois costum\u00e9s. De fausses gares \u00e9gayaient le parcours et plusieurs maires de la ligne des C\u00e9vennes, dont celui de Langogne, Guy Malaval, avait fait le d\u00e9placement, Un souvenir sympathique.<br \/>\n&nbsp;<br \/>\nG\u00e9rard Varlot habitant du bourg avait r\u00e9alis\u00e9 un petit film sur le train et Alleyras et l&rsquo;avait projet\u00e9 en plein air avant le feu d&rsquo;artifices. Nous venons de le r\u00e9encoder en corrigeant la partie audio afin de vous le (re)pr\u00e9senter. Images nostalgiques d&rsquo;un temps r\u00e9volu qui laisse place d\u00e9sormais \u00e0 un d\u00e9veloppement futur avec les nouvelles rames, une r\u00e9g\u00e9n\u00e9ration de la ligne que nous demandons \u00e0 l&rsquo;\u00e9tat, condition indispensable au retour du train de nuit supprim\u00e9 en 2013 et \u00e0 de meilleurs cadencements qu&rsquo;autorisera peut-\u00eatre une automatisation totale de la ligne. C&rsquo;est ce que plaide actuellement le collectif.<br \/>\n&nbsp;<br \/>\nS\u00e9quence souvenirs (cliquer, un lecteur devrait appara\u00eetre) :<br \/>\n&nbsp;<br \/>\n<a href=\"http:\/\/alleyras-capitale.info\/IMG\/mp4\/le-cevenol-passe-par-alleyras-v2021.mp4\">le-cevenol-passe-par-alleyras-v2021.mp4<\/a><\/p>\n","protected":false},"excerpt":{"rendered":"<p>En 2010 le train C\u00e9venol passait par Alleyras mais ne s&rsquo;y arr\u00eatait plus depuis longtemps. Un seul train<\/p>\n","protected":false},"author":1,"featured_media":3213,"comment_status":"open","ping_status":"open","sticky":false,"template":"","format":"standard","meta":{"footnotes":""},"categories":[3],"tags":[],"class_list":["post-744","post","type-post","status-publish","format-standard","has-post-thumbnail","hentry","category-en-train"],"_links":{"self":[{"href":"https:\/\/usagers-transports.haut-allier.eu\/index.php\/wp-json\/wp\/v2\/posts\/744","targetHints":{"allow":["GET"]}}],"collection":[{"href":"https:\/\/usagers-transports.haut-allier.eu\/index.php\/wp-json\/wp\/v2\/posts"}],"about":[{"href":"https:\/\/usagers-transports.haut-allier.eu\/index.php\/wp-json\/wp\/v2\/types\/post"}],"author":[{"embeddable":true,"href":"https:\/\/usagers-transports.haut-allier.eu\/index.php\/wp-json\/wp\/v2\/users\/1"}],"replies":[{"embeddable":true,"href":"https:\/\/usagers-transports.haut-allier.eu\/index.php\/wp-json\/wp\/v2\/comments?post=744"}],"version-history":[{"count":0,"href":"https:\/\/usagers-transports.haut-allier.eu\/index.php\/wp-json\/wp\/v2\/posts\/744\/revisions"}],"wp:featuredmedia":[{"embeddable":true,"href":"https:\/\/usagers-transports.haut-allier.eu\/index.php\/wp-json\/wp\/v2\/media\/3213"}],"wp:attachment":[{"href":"https:\/\/usagers-transports.haut-allier.eu\/index.php\/wp-json\/wp\/v2\/media?parent=744"}],"wp:term":[{"taxonomy":"category","embeddable":true,"href":"https:\/\/usagers-transports.haut-allier.eu\/index.php\/wp-json\/wp\/v2\/categories?post=744"},{"taxonomy":"post_tag","embeddable":true,"href":"https:\/\/usagers-transports.haut-allier.eu\/index.php\/wp-json\/wp\/v2\/tags?post=744"}],"curies":[{"name":"wp","href":"https:\/\/api.w.org\/{rel}","templated":true}]}}