{"id":745,"date":"2021-02-27T06:10:10","date_gmt":"2021-02-27T05:10:10","guid":{"rendered":"http:\/\/5.45.101.177\/haut-allier\/usagers-transportse\/index.php\/2021\/02\/27\/reouverture-de-la-ligne-clermont745\/"},"modified":"2021-02-27T06:10:10","modified_gmt":"2021-02-27T05:10:10","slug":"reouverture-de-la-ligne-clermont745","status":"publish","type":"post","link":"https:\/\/usagers-transports.haut-allier.eu\/index.php\/2021\/02\/27\/reouverture-de-la-ligne-clermont745\/","title":{"rendered":"R\u00e9ouverture de la ligne Clermont Fd &#8211; Thiers &#8211; Bo\u00ebn &#8211; St Etienne &#8211; Lyon : les citoyens auront la parole le 14 mars"},"content":{"rendered":"<p>Le prochain rendez-vous organis\u00e9 par le <a href=\"https:\/\/letrain634269.org\"><em>Collectif letrain634269<\/em><\/a> est pr\u00e9vu le dimanche 14 mars 2021 \u00e0 partir de 10h30 gare SNCF de Thiers (Puy de D\u00f4me).<br \/>\n&nbsp;<br \/>\n<img loading=\"lazy\" decoding=\"async\" class=\" aligncenter size-full wp-image-3215\" src=\"http:\/\/5.45.101.177\/haut-allier\/usagers-transportse\/wp-content\/uploads\/2021\/02\/affiche_collectif_ferroviaire_clermont-thiers-boen-st_etienne-lyon_-_dimanche_14_mars_a_10h_30_en_gare_de_thiers.png\" alt=\"affiche_collectif_ferroviaire_clermont-thiers-boen-st_etienne-lyon_-_dimanche_14_mars_a_10h_30_en_gare_de_thiers.png\" align=\"center\" width=\"1754\" height=\"2480\" srcset=\"https:\/\/usagers-transports.haut-allier.eu\/wp-content\/uploads\/2021\/02\/affiche_collectif_ferroviaire_clermont-thiers-boen-st_etienne-lyon_-_dimanche_14_mars_a_10h_30_en_gare_de_thiers.png 1754w, https:\/\/usagers-transports.haut-allier.eu\/wp-content\/uploads\/2021\/02\/affiche_collectif_ferroviaire_clermont-thiers-boen-st_etienne-lyon_-_dimanche_14_mars_a_10h_30_en_gare_de_thiers-212x300.png 212w, https:\/\/usagers-transports.haut-allier.eu\/wp-content\/uploads\/2021\/02\/affiche_collectif_ferroviaire_clermont-thiers-boen-st_etienne-lyon_-_dimanche_14_mars_a_10h_30_en_gare_de_thiers-724x1024.png 724w, https:\/\/usagers-transports.haut-allier.eu\/wp-content\/uploads\/2021\/02\/affiche_collectif_ferroviaire_clermont-thiers-boen-st_etienne-lyon_-_dimanche_14_mars_a_10h_30_en_gare_de_thiers-768x1086.png 768w, https:\/\/usagers-transports.haut-allier.eu\/wp-content\/uploads\/2021\/02\/affiche_collectif_ferroviaire_clermont-thiers-boen-st_etienne-lyon_-_dimanche_14_mars_a_10h_30_en_gare_de_thiers-1086x1536.png 1086w, https:\/\/usagers-transports.haut-allier.eu\/wp-content\/uploads\/2021\/02\/affiche_collectif_ferroviaire_clermont-thiers-boen-st_etienne-lyon_-_dimanche_14_mars_a_10h_30_en_gare_de_thiers-1448x2048.png 1448w\" sizes=\"auto, (max-width: 1754px) 100vw, 1754px\" \/><br \/>\n&nbsp;<br \/>\nBien que satisfait par le vote de l&rsquo;amendement la semaine derni\u00e8re au Conseil r\u00e9gional d&rsquo;Auvergne Rh\u00f4ne Alpes le groupe citoyen a maintenu l&rsquo;\u00e9v\u00e9nement pr\u00e9vu de longue date \u00e0 Thiers pour deux raisons :<br \/>\n&nbsp;<br \/>\n&#8211; Les craintes subsistent de voir la ligne ferm\u00e9e d\u00e9finitivement en juillet car aucun budget n&rsquo;est pour l&rsquo;instant vot\u00e9 dans le nouveau CPER, le contrat de plan Etat R\u00e9gion. Administrativement la ligne peut dispara\u00eetre, malgr\u00e9 les promesses de SNCF R\u00e9seau, dont nous connaissons d\u00e9sormais la valeur, faites au pr\u00e9sident de r\u00e9gion.<br \/>\n&#8211; Le collectif s&rsquo;est engag\u00e9 \u00e0 r\u00e9colter les souhaits des habitants et des acteurs \u00e9conomiques du Forez dans une d\u00e9marche participative de projet de territoire.<br \/>\n&nbsp;<br \/>\nAinsi nous serons l\u00e0 pour collecter les t\u00e9moignages et les d\u00e9sirs des thiernois concernant leur mobilit\u00e9 entre Loire et Puy de D\u00f4me.<br \/>\n&nbsp;<br \/>\n<em>L&#8217;emplacement de la gare dans les hauts de la ville<\/em><br \/>\n<img loading=\"lazy\" decoding=\"async\" class=\" aligncenter size-full wp-image-3216\" src=\"http:\/\/5.45.101.177\/haut-allier\/usagers-transportse\/wp-content\/uploads\/2021\/02\/screenshot-www.google.fr-2021.02.27-06_37_17.jpg\" alt=\"screenshot-www.google.fr-2021.02.27-06_37_17.jpg\" align=\"center\" width=\"1187\" height=\"594\" srcset=\"https:\/\/usagers-transports.haut-allier.eu\/wp-content\/uploads\/2021\/02\/screenshot-www.google.fr-2021.02.27-06_37_17.jpg 1187w, https:\/\/usagers-transports.haut-allier.eu\/wp-content\/uploads\/2021\/02\/screenshot-www.google.fr-2021.02.27-06_37_17-300x150.jpg 300w, https:\/\/usagers-transports.haut-allier.eu\/wp-content\/uploads\/2021\/02\/screenshot-www.google.fr-2021.02.27-06_37_17-1024x512.jpg 1024w, https:\/\/usagers-transports.haut-allier.eu\/wp-content\/uploads\/2021\/02\/screenshot-www.google.fr-2021.02.27-06_37_17-768x384.jpg 768w\" sizes=\"auto, (max-width: 1187px) 100vw, 1187px\" \/><br \/>\n&nbsp;<br \/>\n<em>La ville depuis le faubourg du Moutier<\/em><br \/>\n<img loading=\"lazy\" decoding=\"async\" class=\" aligncenter size-full wp-image-3217\" src=\"http:\/\/5.45.101.177\/haut-allier\/usagers-transportse\/wp-content\/uploads\/2021\/02\/pont_du_moutier_a_thiers.jpg\" alt=\"pont_du_moutier_a_thiers.jpg\" align=\"center\" width=\"1200\" height=\"900\" srcset=\"https:\/\/usagers-transports.haut-allier.eu\/wp-content\/uploads\/2021\/02\/pont_du_moutier_a_thiers.jpg 1200w, https:\/\/usagers-transports.haut-allier.eu\/wp-content\/uploads\/2021\/02\/pont_du_moutier_a_thiers-300x225.jpg 300w, https:\/\/usagers-transports.haut-allier.eu\/wp-content\/uploads\/2021\/02\/pont_du_moutier_a_thiers-1024x768.jpg 1024w, https:\/\/usagers-transports.haut-allier.eu\/wp-content\/uploads\/2021\/02\/pont_du_moutier_a_thiers-768x576.jpg 768w\" sizes=\"auto, (max-width: 1200px) 100vw, 1200px\" \/><br \/>\n&nbsp;      <\/p>\n","protected":false},"excerpt":{"rendered":"<p>Le prochain rendez-vous organis\u00e9 par le Collectif letrain634269 est pr\u00e9vu le dimanche 14 mars 2021 \u00e0 partir de<\/p>\n","protected":false},"author":1,"featured_media":3214,"comment_status":"open","ping_status":"open","sticky":false,"template":"","format":"standard","meta":{"footnotes":""},"categories":[2],"tags":[],"class_list":["post-745","post","type-post","status-publish","format-standard","has-post-thumbnail","hentry","category-infos"],"_links":{"self":[{"href":"https:\/\/usagers-transports.haut-allier.eu\/index.php\/wp-json\/wp\/v2\/posts\/745","targetHints":{"allow":["GET"]}}],"collection":[{"href":"https:\/\/usagers-transports.haut-allier.eu\/index.php\/wp-json\/wp\/v2\/posts"}],"about":[{"href":"https:\/\/usagers-transports.haut-allier.eu\/index.php\/wp-json\/wp\/v2\/types\/post"}],"author":[{"embeddable":true,"href":"https:\/\/usagers-transports.haut-allier.eu\/index.php\/wp-json\/wp\/v2\/users\/1"}],"replies":[{"embeddable":true,"href":"https:\/\/usagers-transports.haut-allier.eu\/index.php\/wp-json\/wp\/v2\/comments?post=745"}],"version-history":[{"count":0,"href":"https:\/\/usagers-transports.haut-allier.eu\/index.php\/wp-json\/wp\/v2\/posts\/745\/revisions"}],"wp:featuredmedia":[{"embeddable":true,"href":"https:\/\/usagers-transports.haut-allier.eu\/index.php\/wp-json\/wp\/v2\/media\/3214"}],"wp:attachment":[{"href":"https:\/\/usagers-transports.haut-allier.eu\/index.php\/wp-json\/wp\/v2\/media?parent=745"}],"wp:term":[{"taxonomy":"category","embeddable":true,"href":"https:\/\/usagers-transports.haut-allier.eu\/index.php\/wp-json\/wp\/v2\/categories?post=745"},{"taxonomy":"post_tag","embeddable":true,"href":"https:\/\/usagers-transports.haut-allier.eu\/index.php\/wp-json\/wp\/v2\/tags?post=745"}],"curies":[{"name":"wp","href":"https:\/\/api.w.org\/{rel}","templated":true}]}}