{"id":746,"date":"2021-03-01T10:46:39","date_gmt":"2021-03-01T09:46:39","guid":{"rendered":"http:\/\/5.45.101.177\/haut-allier\/usagers-transportse\/index.php\/2021\/03\/01\/la-ligne-de-chemin-de-fer-des746\/"},"modified":"2021-03-01T10:46:39","modified_gmt":"2021-03-01T09:46:39","slug":"la-ligne-de-chemin-de-fer-des746","status":"publish","type":"post","link":"https:\/\/usagers-transports.haut-allier.eu\/index.php\/2021\/03\/01\/la-ligne-de-chemin-de-fer-des746\/","title":{"rendered":"La ligne de chemin de fer des C\u00e9vennes, ceux qui l&rsquo;ont construite"},"content":{"rendered":"<p>Bernard Soulier est n\u00e9 \u00e0 Auvers, dans le massif du Mont Mouchet \u00e0 la limite du Cantal et de la Haute-Loire, passionn\u00e9 d&rsquo;histoire et en particulier par le myst\u00e8re de la B\u00eate du G\u00e9vaudan dont il a \u00e9crit une version, il vient de publier, parmi d&rsquo;autres sujets, un r\u00e9cit int\u00e9ressant de 39 pages sur la construction de la ligne des C\u00e9vennes entre G\u00e9nolhac et Langeac, dans le num\u00e9ro 12 d&rsquo;Histoire sociale de la Haute-Loire. Une saga bien document\u00e9e et si plusieurs ouvrages de r\u00e9f\u00e9rence sur la ligne du train C\u00e9venol sont d\u00e9j\u00e0 parus, notamment ceux de Pascal Bejui, Trains de Montagne en 1985, Histoire du Rail TransC\u00e9venol en 1991 (\u00e9puis\u00e9s), l&rsquo;auteur s&rsquo;est concentr\u00e9 sur la construction de la ligne et ses aspects soci\u00e9taux avec l&rsquo;irruption de centaines d&rsquo;ouvriers \u00ab\u00a0\u00e9trangers\u00a0\u00bb dans ces contr\u00e9es recul\u00e9es et assez ferm\u00e9es de Loz\u00e8re et de Haute-Loire. Il y est question aussi de la bataille que se sont livr\u00e9s les \u00e9lus locaux pour le choix du trac\u00e9 d\u00e9finitif. Au moment o\u00f9 l&rsquo;on f\u00eate les 150 ans de la ligne Clermont N\u00eemes ces quelques pages tombent \u00e0 pic pour nous rappeler le g\u00e9nie de quelques uns, la sueur et le sang de nos anciens qui ont coul\u00e9 pour son \u00e9dification.<br \/>\n&nbsp;<br \/>\n<img loading=\"lazy\" decoding=\"async\" class=\" aligncenter size-full wp-image-3219\" src=\"http:\/\/5.45.101.177\/haut-allier\/usagers-transportse\/wp-content\/uploads\/2021\/03\/histoire-sociale-haute-loire.jpg\" alt=\"histoire-sociale-haute-loire.jpg\" align=\"center\" width=\"400\" height=\"600\" srcset=\"https:\/\/usagers-transports.haut-allier.eu\/wp-content\/uploads\/2021\/03\/histoire-sociale-haute-loire.jpg 400w, https:\/\/usagers-transports.haut-allier.eu\/wp-content\/uploads\/2021\/03\/histoire-sociale-haute-loire-200x300.jpg 200w\" sizes=\"auto, (max-width: 400px) 100vw, 400px\" \/><br \/>\n&nbsp;<br \/>\nUn document fort int\u00e9ressant comme le sont toujours les choix de r\u00e9daction de cette collection, accompagn\u00e9 ensuite d&rsquo;une \u00e9tude de Ren\u00e9 Dupuy sur les Al\u00e9as de la navigation sur l&rsquo;Allier et la d\u00e9vastation des for\u00eats de Haute-Loire, qui traite de la difficult\u00e9 des \u00e9changes le long de cette rivi\u00e8re depuis les temps anciens.<br \/>\n&nbsp;<br \/>\n<img loading=\"lazy\" decoding=\"async\" class=\" aligncenter size-full wp-image-3220\" src=\"http:\/\/5.45.101.177\/haut-allier\/usagers-transportse\/wp-content\/uploads\/2021\/03\/img_20210301_095137_212z.jpg\" alt=\"img_20210301_095137_212z.jpg\" align=\"center\" width=\"2101\" height=\"1506\" srcset=\"https:\/\/usagers-transports.haut-allier.eu\/wp-content\/uploads\/2021\/03\/img_20210301_095137_212z.jpg 2101w, https:\/\/usagers-transports.haut-allier.eu\/wp-content\/uploads\/2021\/03\/img_20210301_095137_212z-300x215.jpg 300w, https:\/\/usagers-transports.haut-allier.eu\/wp-content\/uploads\/2021\/03\/img_20210301_095137_212z-1024x734.jpg 1024w, https:\/\/usagers-transports.haut-allier.eu\/wp-content\/uploads\/2021\/03\/img_20210301_095137_212z-768x551.jpg 768w, https:\/\/usagers-transports.haut-allier.eu\/wp-content\/uploads\/2021\/03\/img_20210301_095137_212z-1536x1101.jpg 1536w, https:\/\/usagers-transports.haut-allier.eu\/wp-content\/uploads\/2021\/03\/img_20210301_095137_212z-2048x1468.jpg 2048w\" sizes=\"auto, (max-width: 2101px) 100vw, 2101px\" \/><br \/>\n&nbsp;<br \/>\nA se procurer urgemment.<br \/>\n&nbsp;<br \/>\n<em>Histoire sociale Haute-Loire num\u00e9ro 12 ann\u00e9e 2021 aux \u00e9ditions Flandonni\u00e8re, disponible pour 22 euros dans toutes les librairies altilig\u00e9riennes et aussi FNAC du Puy en Velay.   <\/em> <\/p>\n","protected":false},"excerpt":{"rendered":"<p>Bernard Soulier est n\u00e9 \u00e0 Auvers, dans le massif du Mont Mouchet \u00e0 la limite du Cantal et<\/p>\n","protected":false},"author":1,"featured_media":3218,"comment_status":"open","ping_status":"open","sticky":false,"template":"","format":"standard","meta":{"footnotes":""},"categories":[2],"tags":[],"class_list":["post-746","post","type-post","status-publish","format-standard","has-post-thumbnail","hentry","category-infos"],"_links":{"self":[{"href":"https:\/\/usagers-transports.haut-allier.eu\/index.php\/wp-json\/wp\/v2\/posts\/746","targetHints":{"allow":["GET"]}}],"collection":[{"href":"https:\/\/usagers-transports.haut-allier.eu\/index.php\/wp-json\/wp\/v2\/posts"}],"about":[{"href":"https:\/\/usagers-transports.haut-allier.eu\/index.php\/wp-json\/wp\/v2\/types\/post"}],"author":[{"embeddable":true,"href":"https:\/\/usagers-transports.haut-allier.eu\/index.php\/wp-json\/wp\/v2\/users\/1"}],"replies":[{"embeddable":true,"href":"https:\/\/usagers-transports.haut-allier.eu\/index.php\/wp-json\/wp\/v2\/comments?post=746"}],"version-history":[{"count":0,"href":"https:\/\/usagers-transports.haut-allier.eu\/index.php\/wp-json\/wp\/v2\/posts\/746\/revisions"}],"wp:featuredmedia":[{"embeddable":true,"href":"https:\/\/usagers-transports.haut-allier.eu\/index.php\/wp-json\/wp\/v2\/media\/3218"}],"wp:attachment":[{"href":"https:\/\/usagers-transports.haut-allier.eu\/index.php\/wp-json\/wp\/v2\/media?parent=746"}],"wp:term":[{"taxonomy":"category","embeddable":true,"href":"https:\/\/usagers-transports.haut-allier.eu\/index.php\/wp-json\/wp\/v2\/categories?post=746"},{"taxonomy":"post_tag","embeddable":true,"href":"https:\/\/usagers-transports.haut-allier.eu\/index.php\/wp-json\/wp\/v2\/tags?post=746"}],"curies":[{"name":"wp","href":"https:\/\/api.w.org\/{rel}","templated":true}]}}