{"id":747,"date":"2021-03-02T07:39:54","date_gmt":"2021-03-02T06:39:54","guid":{"rendered":"http:\/\/5.45.101.177\/haut-allier\/usagers-transportse\/index.php\/2021\/03\/02\/ligne-du-train-cevenol-le-depute747\/"},"modified":"2021-03-02T07:39:54","modified_gmt":"2021-03-02T06:39:54","slug":"ligne-du-train-cevenol-le-depute747","status":"publish","type":"post","link":"https:\/\/usagers-transports.haut-allier.eu\/index.php\/2021\/03\/02\/ligne-du-train-cevenol-le-depute747\/","title":{"rendered":"Ligne du train C\u00e9venol : le d\u00e9put\u00e9 Jean-Pierre Vigier demande le retour des trains de nuit et d&rsquo;\u00e9quilibre des territoires"},"content":{"rendered":"<p>Apr\u00e8s avoir rencontr\u00e9 son homologue loz\u00e9rien Pierre Morel A l&rsquo;Huissier et s&rsquo;\u00eatre synchronis\u00e9 avec lui, le d\u00e9put\u00e9 de Haute Loire vient de poser hier 1er mars une nouvelle question \u00e9crite au Minist\u00e8re de la transition \u00e9cologique charg\u00e9 des transports : il y demande la revalorisation des trains de nuit et des Intercit\u00e9s pour \u00e9viter la d\u00e9sertification du Massif Central.<br \/>\n&nbsp;<br \/>\nIl se dit aussi \u00e9tonn\u00e9 de l&rsquo;absence de trains de nuit irriguant ce massif au vu des cartes publi\u00e9es il y a quelques jours.Il demande donc la r\u00e9g\u00e9n\u00e9ration compl\u00e8te des voies de la ligne des C\u00e9vennes, de celle de l&rsquo;Aubrac et de celle partant sur Aurillac.<br \/>\n&nbsp;<br \/>\nEn voici <a href=\"https:\/\/questions.assemblee-nationale.fr\/q15\/15-35383QE.htm\"><strong>le texte<\/strong><\/a> :<br \/>\n&nbsp;<br \/>\n<img loading=\"lazy\" decoding=\"async\" class=\" aligncenter size-full wp-image-3222\" src=\"http:\/\/5.45.101.177\/haut-allier\/usagers-transportse\/wp-content\/uploads\/2021\/03\/qe-jpv.jpg\" alt=\"qe-jpv.jpg\" align=\"center\" width=\"1185\" height=\"1222\" srcset=\"https:\/\/usagers-transports.haut-allier.eu\/wp-content\/uploads\/2021\/03\/qe-jpv.jpg 1185w, https:\/\/usagers-transports.haut-allier.eu\/wp-content\/uploads\/2021\/03\/qe-jpv-291x300.jpg 291w, https:\/\/usagers-transports.haut-allier.eu\/wp-content\/uploads\/2021\/03\/qe-jpv-993x1024.jpg 993w, https:\/\/usagers-transports.haut-allier.eu\/wp-content\/uploads\/2021\/03\/qe-jpv-768x792.jpg 768w\" sizes=\"auto, (max-width: 1185px) 100vw, 1185px\" \/><br \/>\n&nbsp;<\/p>\n","protected":false},"excerpt":{"rendered":"<p>Apr\u00e8s avoir rencontr\u00e9 son homologue loz\u00e9rien Pierre Morel A l&rsquo;Huissier et s&rsquo;\u00eatre synchronis\u00e9 avec lui, le d\u00e9put\u00e9 de<\/p>\n","protected":false},"author":1,"featured_media":3221,"comment_status":"open","ping_status":"open","sticky":false,"template":"","format":"standard","meta":{"footnotes":""},"categories":[2],"tags":[],"class_list":["post-747","post","type-post","status-publish","format-standard","has-post-thumbnail","hentry","category-infos"],"_links":{"self":[{"href":"https:\/\/usagers-transports.haut-allier.eu\/index.php\/wp-json\/wp\/v2\/posts\/747","targetHints":{"allow":["GET"]}}],"collection":[{"href":"https:\/\/usagers-transports.haut-allier.eu\/index.php\/wp-json\/wp\/v2\/posts"}],"about":[{"href":"https:\/\/usagers-transports.haut-allier.eu\/index.php\/wp-json\/wp\/v2\/types\/post"}],"author":[{"embeddable":true,"href":"https:\/\/usagers-transports.haut-allier.eu\/index.php\/wp-json\/wp\/v2\/users\/1"}],"replies":[{"embeddable":true,"href":"https:\/\/usagers-transports.haut-allier.eu\/index.php\/wp-json\/wp\/v2\/comments?post=747"}],"version-history":[{"count":0,"href":"https:\/\/usagers-transports.haut-allier.eu\/index.php\/wp-json\/wp\/v2\/posts\/747\/revisions"}],"wp:featuredmedia":[{"embeddable":true,"href":"https:\/\/usagers-transports.haut-allier.eu\/index.php\/wp-json\/wp\/v2\/media\/3221"}],"wp:attachment":[{"href":"https:\/\/usagers-transports.haut-allier.eu\/index.php\/wp-json\/wp\/v2\/media?parent=747"}],"wp:term":[{"taxonomy":"category","embeddable":true,"href":"https:\/\/usagers-transports.haut-allier.eu\/index.php\/wp-json\/wp\/v2\/categories?post=747"},{"taxonomy":"post_tag","embeddable":true,"href":"https:\/\/usagers-transports.haut-allier.eu\/index.php\/wp-json\/wp\/v2\/tags?post=747"}],"curies":[{"name":"wp","href":"https:\/\/api.w.org\/{rel}","templated":true}]}}