{"id":748,"date":"2021-03-03T18:16:05","date_gmt":"2021-03-03T17:16:05","guid":{"rendered":"http:\/\/5.45.101.177\/haut-allier\/usagers-transportse\/index.php\/2021\/03\/03\/ligne-du-train-cevenol-les-fiches748\/"},"modified":"2021-03-03T18:16:05","modified_gmt":"2021-03-03T17:16:05","slug":"ligne-du-train-cevenol-les-fiches748","status":"publish","type":"post","link":"https:\/\/usagers-transports.haut-allier.eu\/index.php\/2021\/03\/03\/ligne-du-train-cevenol-les-fiches748\/","title":{"rendered":"Ligne du train C\u00e9venol : les fiches horaires TER Auvergne pendant les travaux 2021"},"content":{"rendered":"<p>Parue aujourd&rsquo;hui la fiche durant les travaux sur la ligne des C\u00e9vennes du 29 mars au 2 juillet. A t\u00e9l\u00e9charger, imprimer et\/ou consulter.<br \/>\n&nbsp;<br \/>\n<a href=\"http:\/\/5.45.101.177\/haut-allier\/usagers-transportse\/wp-content\/uploads\/2021\/03\/a3f-l08du29marsau02juil2021.pdf\">a3f-l08du29marsau02juil2021.pdf<\/a><br \/>\n&nbsp;<br \/>\n<img loading=\"lazy\" decoding=\"async\" class=\" aligncenter size-full wp-image-3225\" src=\"http:\/\/5.45.101.177\/haut-allier\/usagers-transportse\/wp-content\/uploads\/2021\/03\/a3f-l08du29marsau02juil2021-b.jpg\" alt=\"a3f-l08du29marsau02juil2021-b.jpg\" align=\"center\" width=\"1169\" height=\"1653\" srcset=\"https:\/\/usagers-transports.haut-allier.eu\/wp-content\/uploads\/2021\/03\/a3f-l08du29marsau02juil2021-b.jpg 1169w, https:\/\/usagers-transports.haut-allier.eu\/wp-content\/uploads\/2021\/03\/a3f-l08du29marsau02juil2021-b-212x300.jpg 212w, https:\/\/usagers-transports.haut-allier.eu\/wp-content\/uploads\/2021\/03\/a3f-l08du29marsau02juil2021-b-724x1024.jpg 724w, https:\/\/usagers-transports.haut-allier.eu\/wp-content\/uploads\/2021\/03\/a3f-l08du29marsau02juil2021-b-768x1086.jpg 768w, https:\/\/usagers-transports.haut-allier.eu\/wp-content\/uploads\/2021\/03\/a3f-l08du29marsau02juil2021-b-1086x1536.jpg 1086w\" sizes=\"auto, (max-width: 1169px) 100vw, 1169px\" \/><br \/>\n&nbsp;<br \/>\nC&rsquo;est la traduction des annonces faites \u00e0 notre collectif r\u00e9cemment, voir <a href=\"https:\/\/usagers-transports.haut-allier.eu\/?ligne-du-train-cevenol-pendant-les,741\"><strong>cet article<\/strong><\/a>. Concernant notamment les navettes en minibus dans les gorges de l&rsquo;Allier le matin et les TAD pour l&rsquo;ex train C\u00e9venol Occitanie en milieu de journ\u00e9e.<br \/>\n&nbsp;<\/p>\n","protected":false},"excerpt":{"rendered":"<p>Parue aujourd&rsquo;hui la fiche durant les travaux sur la ligne des C\u00e9vennes du 29 mars au 2 juillet.<\/p>\n","protected":false},"author":1,"featured_media":3223,"comment_status":"open","ping_status":"open","sticky":false,"template":"","format":"standard","meta":{"footnotes":""},"categories":[2],"tags":[],"class_list":["post-748","post","type-post","status-publish","format-standard","has-post-thumbnail","hentry","category-infos"],"_links":{"self":[{"href":"https:\/\/usagers-transports.haut-allier.eu\/index.php\/wp-json\/wp\/v2\/posts\/748","targetHints":{"allow":["GET"]}}],"collection":[{"href":"https:\/\/usagers-transports.haut-allier.eu\/index.php\/wp-json\/wp\/v2\/posts"}],"about":[{"href":"https:\/\/usagers-transports.haut-allier.eu\/index.php\/wp-json\/wp\/v2\/types\/post"}],"author":[{"embeddable":true,"href":"https:\/\/usagers-transports.haut-allier.eu\/index.php\/wp-json\/wp\/v2\/users\/1"}],"replies":[{"embeddable":true,"href":"https:\/\/usagers-transports.haut-allier.eu\/index.php\/wp-json\/wp\/v2\/comments?post=748"}],"version-history":[{"count":0,"href":"https:\/\/usagers-transports.haut-allier.eu\/index.php\/wp-json\/wp\/v2\/posts\/748\/revisions"}],"wp:featuredmedia":[{"embeddable":true,"href":"https:\/\/usagers-transports.haut-allier.eu\/index.php\/wp-json\/wp\/v2\/media\/3223"}],"wp:attachment":[{"href":"https:\/\/usagers-transports.haut-allier.eu\/index.php\/wp-json\/wp\/v2\/media?parent=748"}],"wp:term":[{"taxonomy":"category","embeddable":true,"href":"https:\/\/usagers-transports.haut-allier.eu\/index.php\/wp-json\/wp\/v2\/categories?post=748"},{"taxonomy":"post_tag","embeddable":true,"href":"https:\/\/usagers-transports.haut-allier.eu\/index.php\/wp-json\/wp\/v2\/tags?post=748"}],"curies":[{"name":"wp","href":"https:\/\/api.w.org\/{rel}","templated":true}]}}