{"id":749,"date":"2021-03-05T19:33:45","date_gmt":"2021-03-05T18:33:45","guid":{"rendered":"http:\/\/5.45.101.177\/haut-allier\/usagers-transportse\/index.php\/2021\/03\/05\/lignes-ferroviaires-du-massif749\/"},"modified":"2021-03-05T19:33:45","modified_gmt":"2021-03-05T18:33:45","slug":"lignes-ferroviaires-du-massif749","status":"publish","type":"post","link":"https:\/\/usagers-transports.haut-allier.eu\/index.php\/2021\/03\/05\/lignes-ferroviaires-du-massif749\/","title":{"rendered":"Lignes ferroviaires du Massif central : la s\u00e9natrice de Loz\u00e8re Guyl\u00e8ne Pantel interpelle l&rsquo;Etat"},"content":{"rendered":"<p>Lu dans la Loz\u00e8re Nouvelle de cette semaine : la s\u00e9natrice de Loz\u00e8re a interrog\u00e9 en s\u00e9ance publique sur les engagements de l&rsquo;Etat et de la SNCF concernant les trains d&rsquo;\u00e9quilibre du territoire de l&rsquo;Aubrac et du C\u00e9venol.<br \/>\n&nbsp;<br \/>\n<em> <strong>\u00a0\u00bb L&rsquo;Etat doit s&rsquo;engager via un protocole d&rsquo;accord avec les R\u00e9gions sur les lignes de l&rsquo;Aubrac et du C\u00e9venol. L&rsquo;Etat repousse depuis de longs mois l&rsquo;adoption de ce protocole. Ce souhait de report renforce mes inqui\u00e9tudes sur les intentions du gouvernement concernant notamment la ligne de l&rsquo;Aubrac. J&rsquo;ai donc interrog\u00e9 le ministre pour obtenir des r\u00e9ponses sur l&rsquo;ambition du gouvernement pour la p\u00e9rennisation de cette ligne.\u00a0\u00bb <\/strong>  <\/em><br \/>\n&nbsp;<br \/>\nCela confirme malheureusement le double discours du Gouvernement Macron : Vive les petites lignes mais aucune action quand il s&rsquo;agit de passer \u00e0 la caisse. Et on restera sur le tr\u00e8s mauvais \u00e9tat de l&rsquo;infrastructure qui justifiera encore une fois la fermeture. Tout ceci est CRIMINEL de la part des d\u00e9cideurs politiques parisiens. L&rsquo;Histoire jugera.<br \/>\n&nbsp;<br \/>\n<img loading=\"lazy\" decoding=\"async\" class=\" aligncenter size-full wp-image-3227\" src=\"http:\/\/5.45.101.177\/haut-allier\/usagers-transportse\/wp-content\/uploads\/2021\/03\/article-2021-03-04-09-10-017728.png\" alt=\"article-2021-03-04-09-10-017728.png\" align=\"center\" width=\"800\" height=\"271\" srcset=\"https:\/\/usagers-transports.haut-allier.eu\/wp-content\/uploads\/2021\/03\/article-2021-03-04-09-10-017728.png 800w, https:\/\/usagers-transports.haut-allier.eu\/wp-content\/uploads\/2021\/03\/article-2021-03-04-09-10-017728-300x102.png 300w, https:\/\/usagers-transports.haut-allier.eu\/wp-content\/uploads\/2021\/03\/article-2021-03-04-09-10-017728-768x260.png 768w\" sizes=\"auto, (max-width: 800px) 100vw, 800px\" \/><br \/>\n&nbsp;<\/p>\n","protected":false},"excerpt":{"rendered":"<p>Lu dans la Loz\u00e8re Nouvelle de cette semaine : la s\u00e9natrice de Loz\u00e8re a interrog\u00e9 en s\u00e9ance publique<\/p>\n","protected":false},"author":1,"featured_media":3226,"comment_status":"open","ping_status":"open","sticky":false,"template":"","format":"standard","meta":{"footnotes":""},"categories":[2],"tags":[],"class_list":["post-749","post","type-post","status-publish","format-standard","has-post-thumbnail","hentry","category-infos"],"_links":{"self":[{"href":"https:\/\/usagers-transports.haut-allier.eu\/index.php\/wp-json\/wp\/v2\/posts\/749","targetHints":{"allow":["GET"]}}],"collection":[{"href":"https:\/\/usagers-transports.haut-allier.eu\/index.php\/wp-json\/wp\/v2\/posts"}],"about":[{"href":"https:\/\/usagers-transports.haut-allier.eu\/index.php\/wp-json\/wp\/v2\/types\/post"}],"author":[{"embeddable":true,"href":"https:\/\/usagers-transports.haut-allier.eu\/index.php\/wp-json\/wp\/v2\/users\/1"}],"replies":[{"embeddable":true,"href":"https:\/\/usagers-transports.haut-allier.eu\/index.php\/wp-json\/wp\/v2\/comments?post=749"}],"version-history":[{"count":0,"href":"https:\/\/usagers-transports.haut-allier.eu\/index.php\/wp-json\/wp\/v2\/posts\/749\/revisions"}],"wp:featuredmedia":[{"embeddable":true,"href":"https:\/\/usagers-transports.haut-allier.eu\/index.php\/wp-json\/wp\/v2\/media\/3226"}],"wp:attachment":[{"href":"https:\/\/usagers-transports.haut-allier.eu\/index.php\/wp-json\/wp\/v2\/media?parent=749"}],"wp:term":[{"taxonomy":"category","embeddable":true,"href":"https:\/\/usagers-transports.haut-allier.eu\/index.php\/wp-json\/wp\/v2\/categories?post=749"},{"taxonomy":"post_tag","embeddable":true,"href":"https:\/\/usagers-transports.haut-allier.eu\/index.php\/wp-json\/wp\/v2\/tags?post=749"}],"curies":[{"name":"wp","href":"https:\/\/api.w.org\/{rel}","templated":true}]}}