{"id":75,"date":"2013-09-19T17:23:44","date_gmt":"2013-09-19T15:23:44","guid":{"rendered":"http:\/\/5.45.101.177\/haut-allier\/usagers-transportse\/index.php\/2013\/09\/19\/statut-du-train-cevenol-pepy075\/"},"modified":"2013-09-19T17:23:44","modified_gmt":"2013-09-19T15:23:44","slug":"statut-du-train-cevenol-pepy075","status":"publish","type":"post","link":"https:\/\/usagers-transports.haut-allier.eu\/index.php\/2013\/09\/19\/statut-du-train-cevenol-pepy075\/","title":{"rendered":"Statut du train C\u00e9venol : P\u00e9py r\u00e9p\u00e8te les propos de son ministre"},"content":{"rendered":"<p>Le \u00ab\u00a0C\u00e9venol garde son statut de train d&rsquo;\u00e9quilibre du territoire (TET)\u00a0\u00bb. Quelle nouvelle ! Vous allez sans doute lire plusieurs articles dans la presse car les services de com des d\u00e9put\u00e9s fonctionnent bien&#8230; Pourtant le pr\u00e9sident de la SNCF, qui n&rsquo;a pas vraiment le choix, s&rsquo;est content\u00e9 de rep\u00e9ter les propos de son ministre Fr\u00e9d\u00e9ric Cuvillier <a href=\"http:\/\/usagers-transports.haut-allier.eu\/spip.php?article70\">tenus<\/a> quelques semaines avant en r\u00e9pondant en commission \u00ab\u00a0D\u00e9veloppement durable\u00a0\u00bb de l&rsquo;assembl\u00e9e nationale \u00e0 un d\u00e9put\u00e9 de Haute-Loire.<\/p>\n<p><img loading=\"lazy\" decoding=\"async\" class=\" aligncenter size-full wp-image-1467\" src=\"http:\/\/5.45.101.177\/haut-allier\/usagers-transportse\/wp-content\/uploads\/2013\/09\/TET_carte_reseau_infos.jpg\" alt=\"TET_carte_reseau_infos.jpg\" align=\"center\" width=\"800\" height=\"460\" srcset=\"https:\/\/usagers-transports.haut-allier.eu\/wp-content\/uploads\/2013\/09\/TET_carte_reseau_infos.jpg 800w, https:\/\/usagers-transports.haut-allier.eu\/wp-content\/uploads\/2013\/09\/TET_carte_reseau_infos-300x173.jpg 300w, https:\/\/usagers-transports.haut-allier.eu\/wp-content\/uploads\/2013\/09\/TET_carte_reseau_infos-768x442.jpg 768w\" sizes=\"auto, (max-width: 800px) 100vw, 800px\" \/><\/p>\n<p>Vous pouvez voir l&rsquo;int\u00e9gralit\u00e9 de la vid\u00e9o de la s\u00e9ance <a href=\"http:\/\/www.assemblee-nationale.tv\/media.12.4636#\">ici<\/a>. L&rsquo;intervention se situe vers 1h12 du d\u00e9but.<\/p>\n<p>Pas de quoi fouetter un chat et l&rsquo;intervention n&rsquo;apporte strictement rien de nouveau.<\/p>\n","protected":false},"excerpt":{"rendered":"<p>Le \u00ab\u00a0C\u00e9venol garde son statut de train d&rsquo;\u00e9quilibre du territoire (TET)\u00a0\u00bb. Quelle nouvelle ! Vous allez sans doute<\/p>\n","protected":false},"author":1,"featured_media":1466,"comment_status":"closed","ping_status":"open","sticky":false,"template":"","format":"standard","meta":{"footnotes":""},"categories":[2],"tags":[],"class_list":["post-75","post","type-post","status-publish","format-standard","has-post-thumbnail","hentry","category-infos"],"_links":{"self":[{"href":"https:\/\/usagers-transports.haut-allier.eu\/index.php\/wp-json\/wp\/v2\/posts\/75","targetHints":{"allow":["GET"]}}],"collection":[{"href":"https:\/\/usagers-transports.haut-allier.eu\/index.php\/wp-json\/wp\/v2\/posts"}],"about":[{"href":"https:\/\/usagers-transports.haut-allier.eu\/index.php\/wp-json\/wp\/v2\/types\/post"}],"author":[{"embeddable":true,"href":"https:\/\/usagers-transports.haut-allier.eu\/index.php\/wp-json\/wp\/v2\/users\/1"}],"replies":[{"embeddable":true,"href":"https:\/\/usagers-transports.haut-allier.eu\/index.php\/wp-json\/wp\/v2\/comments?post=75"}],"version-history":[{"count":0,"href":"https:\/\/usagers-transports.haut-allier.eu\/index.php\/wp-json\/wp\/v2\/posts\/75\/revisions"}],"wp:featuredmedia":[{"embeddable":true,"href":"https:\/\/usagers-transports.haut-allier.eu\/index.php\/wp-json\/wp\/v2\/media\/1466"}],"wp:attachment":[{"href":"https:\/\/usagers-transports.haut-allier.eu\/index.php\/wp-json\/wp\/v2\/media?parent=75"}],"wp:term":[{"taxonomy":"category","embeddable":true,"href":"https:\/\/usagers-transports.haut-allier.eu\/index.php\/wp-json\/wp\/v2\/categories?post=75"},{"taxonomy":"post_tag","embeddable":true,"href":"https:\/\/usagers-transports.haut-allier.eu\/index.php\/wp-json\/wp\/v2\/tags?post=75"}],"curies":[{"name":"wp","href":"https:\/\/api.w.org\/{rel}","templated":true}]}}