{"id":750,"date":"2021-03-09T19:51:13","date_gmt":"2021-03-09T18:51:13","guid":{"rendered":"http:\/\/5.45.101.177\/haut-allier\/usagers-transportse\/index.php\/2021\/03\/09\/lignes-ferroviaires-du-massif750\/"},"modified":"2021-03-09T19:51:13","modified_gmt":"2021-03-09T18:51:13","slug":"lignes-ferroviaires-du-massif750","status":"publish","type":"post","link":"https:\/\/usagers-transports.haut-allier.eu\/index.php\/2021\/03\/09\/lignes-ferroviaires-du-massif750\/","title":{"rendered":"Lignes ferroviaires du Massif central : la SNCF supprime la moiti\u00e9 des trains entre Clermont et Paris"},"content":{"rendered":"<p>France Bleu Pays d&rsquo;Auvergne nous apprend que depuis hier lundi et en catimini la soci\u00e9t\u00e9 dite ferroviaire vient de s&rsquo;autoriser une r\u00e9duction de moiti\u00e9 du trafic entre la capitale de l&rsquo;Auvergne et Paris. Rien que \u00e7a.<br \/>\n&nbsp;<br \/>\nPas d&rsquo;autre explication qu&rsquo;une \u00ab\u00a0adaptation du plan de transport\u00a0\u00bb. La SNCF s&rsquo;est d&rsquo;ailleurs bien gard\u00e9e d&rsquo;annoncer ces changements, pas le moindre communiqu\u00e9 ou la moindre trace de ce changement de la desserte sur le site d&rsquo;Intercit\u00e9s, nous dit le site de France Bleu Pays d&rsquo;Auvergne.<br \/>\n&nbsp;<br \/>\nLes cons\u00e9quences sur les correspondances au sud, \u00e0 l&rsquo;ouest et \u00e0 l&rsquo;est de l&rsquo;\u00e9toile ferroviaire de Clermont sont dramatiques. Certaines ne sont plus possibles, notamment pour la ligne des C\u00e9vennes.<br \/>\n&nbsp;<br \/>\n<img loading=\"lazy\" decoding=\"async\" class=\" aligncenter size-full wp-image-3229\" src=\"http:\/\/5.45.101.177\/haut-allier\/usagers-transportse\/wp-content\/uploads\/2021\/03\/screenshot-www.francebleu.fr-2021.03.09-19_42_02.jpg\" alt=\"screenshot-www.francebleu.fr-2021.03.09-19_42_02.jpg\" align=\"center\" width=\"681\" height=\"592\" srcset=\"https:\/\/usagers-transports.haut-allier.eu\/wp-content\/uploads\/2021\/03\/screenshot-www.francebleu.fr-2021.03.09-19_42_02.jpg 681w, https:\/\/usagers-transports.haut-allier.eu\/wp-content\/uploads\/2021\/03\/screenshot-www.francebleu.fr-2021.03.09-19_42_02-300x261.jpg 300w\" sizes=\"auto, (max-width: 681px) 100vw, 681px\" \/><br \/>\n&nbsp;<br \/>\nA lire d&rsquo;urgence sur FB Pays d&rsquo;Auvergne :<br \/>\n&nbsp;<br \/>\n<a href=\"https:\/\/www.francebleu.fr\/infos\/transports\/clermont-paris-la-sncf-supprime-la-moitie-des-trains-1615196831\"><strong> <em>Clermont-Paris: la SNCF supprime la moiti\u00e9 des trains<\/em> <\/strong><\/a><br \/>\n&nbsp;<br \/>\n[fond rouge][blanc]<strong>[MAJ du 10 mars 10h]<\/strong>[\/blanc][\/fond rouge]<br \/>\n&nbsp;<br \/>\nNous apprenons par le quotidien <a href=\"https:\/\/www.lamontagne.fr\/clermont-ferrand-63000\/actualites\/la-sncf-fait-machine-arriere-et-le-clermont-paris-de-5-h-29-pourra-reprendre-sa-marche-avant_13925144\/\"><em>la Montagne<\/em> <\/a> qui se gausse encore d&rsquo;\u00eatre efficace dans la d\u00e9fense de la liaison avec la capitale avec son association Objectif Capitale, alors que les r\u00e9sultats de leurs actions sont tr\u00e8s proches de z\u00e9ro, que Djebarri, devant la fronde des auvergnats, reviendrait sur sa d\u00e9cision de suppression des Clermont Paris, pas avant&#8230; la fin du mois. Et oui pendant ce temps la merveilleuse SNCF en a profit\u00e9 pour exp\u00e9dier des rames de l&rsquo;Intercit\u00e9s \u00e0 Bordeaux ! Il faut les faire revenir&#8230; A surveiller. Vivement le retour de la liaison directe historique Clermont &#8211; Lyon par le chemin le plus court : Thiers et Saint-Etienne. Et vite !<br \/>\n&nbsp;<\/p>\n","protected":false},"excerpt":{"rendered":"<p>France Bleu Pays d&rsquo;Auvergne nous apprend que depuis hier lundi et en catimini la soci\u00e9t\u00e9 dite ferroviaire vient<\/p>\n","protected":false},"author":1,"featured_media":3228,"comment_status":"open","ping_status":"open","sticky":false,"template":"","format":"standard","meta":{"footnotes":""},"categories":[2],"tags":[],"class_list":["post-750","post","type-post","status-publish","format-standard","has-post-thumbnail","hentry","category-infos"],"_links":{"self":[{"href":"https:\/\/usagers-transports.haut-allier.eu\/index.php\/wp-json\/wp\/v2\/posts\/750","targetHints":{"allow":["GET"]}}],"collection":[{"href":"https:\/\/usagers-transports.haut-allier.eu\/index.php\/wp-json\/wp\/v2\/posts"}],"about":[{"href":"https:\/\/usagers-transports.haut-allier.eu\/index.php\/wp-json\/wp\/v2\/types\/post"}],"author":[{"embeddable":true,"href":"https:\/\/usagers-transports.haut-allier.eu\/index.php\/wp-json\/wp\/v2\/users\/1"}],"replies":[{"embeddable":true,"href":"https:\/\/usagers-transports.haut-allier.eu\/index.php\/wp-json\/wp\/v2\/comments?post=750"}],"version-history":[{"count":0,"href":"https:\/\/usagers-transports.haut-allier.eu\/index.php\/wp-json\/wp\/v2\/posts\/750\/revisions"}],"wp:featuredmedia":[{"embeddable":true,"href":"https:\/\/usagers-transports.haut-allier.eu\/index.php\/wp-json\/wp\/v2\/media\/3228"}],"wp:attachment":[{"href":"https:\/\/usagers-transports.haut-allier.eu\/index.php\/wp-json\/wp\/v2\/media?parent=750"}],"wp:term":[{"taxonomy":"category","embeddable":true,"href":"https:\/\/usagers-transports.haut-allier.eu\/index.php\/wp-json\/wp\/v2\/categories?post=750"},{"taxonomy":"post_tag","embeddable":true,"href":"https:\/\/usagers-transports.haut-allier.eu\/index.php\/wp-json\/wp\/v2\/tags?post=750"}],"curies":[{"name":"wp","href":"https:\/\/api.w.org\/{rel}","templated":true}]}}