{"id":751,"date":"2021-03-10T08:18:04","date_gmt":"2021-03-10T07:18:04","guid":{"rendered":"http:\/\/5.45.101.177\/haut-allier\/usagers-transportse\/index.php\/2021\/03\/10\/ligne-du-massif-central-l-etat751\/"},"modified":"2021-03-10T08:18:04","modified_gmt":"2021-03-10T07:18:04","slug":"ligne-du-massif-central-l-etat751","status":"publish","type":"post","link":"https:\/\/usagers-transports.haut-allier.eu\/index.php\/2021\/03\/10\/ligne-du-massif-central-l-etat751\/","title":{"rendered":"Ligne du Massif Central : l&rsquo;Etat veut refiler Thiers &#8211; Bo\u00ebn aux collectivit\u00e9s locales"},"content":{"rendered":"<p>C&rsquo;est ce que dit en substance la lettre du ministre des transports Djebarri en r\u00e9ponse aux questions de Nathalie Sarles, d\u00e9put\u00e9e de la Loire il y a de cela quelques jours.<br \/>\n&nbsp;<br \/>\n<img loading=\"lazy\" decoding=\"async\" class=\" aligncenter size-full wp-image-3231\" src=\"http:\/\/5.45.101.177\/haut-allier\/usagers-transportse\/wp-content\/uploads\/2021\/03\/lettre-djebarri-nathalie-sarles-fev-2021.jpg\" alt=\"lettre-djebarri-nathalie-sarles-fev-2021.jpg\" align=\"center\" width=\"1273\" height=\"1855\" srcset=\"https:\/\/usagers-transports.haut-allier.eu\/wp-content\/uploads\/2021\/03\/lettre-djebarri-nathalie-sarles-fev-2021.jpg 1273w, https:\/\/usagers-transports.haut-allier.eu\/wp-content\/uploads\/2021\/03\/lettre-djebarri-nathalie-sarles-fev-2021-206x300.jpg 206w, https:\/\/usagers-transports.haut-allier.eu\/wp-content\/uploads\/2021\/03\/lettre-djebarri-nathalie-sarles-fev-2021-703x1024.jpg 703w, https:\/\/usagers-transports.haut-allier.eu\/wp-content\/uploads\/2021\/03\/lettre-djebarri-nathalie-sarles-fev-2021-768x1119.jpg 768w, https:\/\/usagers-transports.haut-allier.eu\/wp-content\/uploads\/2021\/03\/lettre-djebarri-nathalie-sarles-fev-2021-1054x1536.jpg 1054w\" sizes=\"auto, (max-width: 1273px) 100vw, 1273px\" \/><br \/>\n&nbsp;<br \/>\nToute la strat\u00e9gie de la SNCF et de l&rsquo;Etat est bien l\u00e0 : faire ouvrir une \u00e9tude financ\u00e9e enti\u00e8rement par la r\u00e9gion puis avec les nouvelles dispositions de la loi LOM refourguer le tron\u00e7on dont on veut se d\u00e9barrasser aux collectivit\u00e9s locales, communes, communaut\u00e9s de communes, agglos, m\u00e9tropoles, d\u00e9partements et r\u00e9gions.<br \/>\n&nbsp;<br \/>\nUn sch\u00e9ma de fonctionnement qui garantirait :<br \/>\n&#8211; un d\u00e9classement de la ligne d\u00e9finitif et une menace sur sa p\u00e9rennit\u00e9,<br \/>\n&#8211; si des liaisons voyageurs arrivent \u00e0 \u00eatre organis\u00e9s, des changements de trains tous les 50 km aux voyageurs sur un parcours d&rsquo;une heure et quelques,<br \/>\n&#8211; des trains directs impossibles \u00e0 mettre sur pied,<br \/>\n&#8211; l&rsquo;av\u00e8nement d&rsquo;un train touristique qui seul int\u00e9ressera les collectivit\u00e9s car plus rentable que du train quotidien,<br \/>\n&#8211; un tr\u00e8s mauvais service pour le voyageur qui veut relier Clermont \u00e0 Saint-Etienne qui forc\u00e9ment se d\u00e9tournera vers Vichy et Roanne,<br \/>\n&#8211; un massacre de l&rsquo;axe ferroviaire historique,<br \/>\n&#8211; etc.<br \/>\n&nbsp;<br \/>\nSNCF arriverait donc \u00e0 ses fins et \u00e0 se d\u00e9barrasser des lignes soit disant non rentables ou plus simplement qui ne l&rsquo;int\u00e9ressent pas. La nouvelle loi LOM le lui permet, une aubaine pour elle.<br \/>\n&nbsp;<br \/>\n<strong>Que ce soit bien clair : les usagers et les habitants ne veulent pas de cette entourloupe technocratique et se surmobiliseront si le ministre insiste dans cette proposition. Les auvergnats et les lig\u00e9riens veulent pourvoir circuler le plus efficacement et sans entraves en utilisant des trains qui ont toujours reli\u00e9 de bout en bout les 3 grandes m\u00e9tropoles depuis 150 ans. <\/strong> <\/p>\n","protected":false},"excerpt":{"rendered":"<p>C&rsquo;est ce que dit en substance la lettre du ministre des transports Djebarri en r\u00e9ponse aux questions de<\/p>\n","protected":false},"author":1,"featured_media":3230,"comment_status":"open","ping_status":"open","sticky":false,"template":"","format":"standard","meta":{"footnotes":""},"categories":[2],"tags":[],"class_list":["post-751","post","type-post","status-publish","format-standard","has-post-thumbnail","hentry","category-infos"],"_links":{"self":[{"href":"https:\/\/usagers-transports.haut-allier.eu\/index.php\/wp-json\/wp\/v2\/posts\/751","targetHints":{"allow":["GET"]}}],"collection":[{"href":"https:\/\/usagers-transports.haut-allier.eu\/index.php\/wp-json\/wp\/v2\/posts"}],"about":[{"href":"https:\/\/usagers-transports.haut-allier.eu\/index.php\/wp-json\/wp\/v2\/types\/post"}],"author":[{"embeddable":true,"href":"https:\/\/usagers-transports.haut-allier.eu\/index.php\/wp-json\/wp\/v2\/users\/1"}],"replies":[{"embeddable":true,"href":"https:\/\/usagers-transports.haut-allier.eu\/index.php\/wp-json\/wp\/v2\/comments?post=751"}],"version-history":[{"count":0,"href":"https:\/\/usagers-transports.haut-allier.eu\/index.php\/wp-json\/wp\/v2\/posts\/751\/revisions"}],"wp:featuredmedia":[{"embeddable":true,"href":"https:\/\/usagers-transports.haut-allier.eu\/index.php\/wp-json\/wp\/v2\/media\/3230"}],"wp:attachment":[{"href":"https:\/\/usagers-transports.haut-allier.eu\/index.php\/wp-json\/wp\/v2\/media?parent=751"}],"wp:term":[{"taxonomy":"category","embeddable":true,"href":"https:\/\/usagers-transports.haut-allier.eu\/index.php\/wp-json\/wp\/v2\/categories?post=751"},{"taxonomy":"post_tag","embeddable":true,"href":"https:\/\/usagers-transports.haut-allier.eu\/index.php\/wp-json\/wp\/v2\/tags?post=751"}],"curies":[{"name":"wp","href":"https:\/\/api.w.org\/{rel}","templated":true}]}}