{"id":752,"date":"2021-03-12T06:59:37","date_gmt":"2021-03-12T05:59:37","guid":{"rendered":"http:\/\/5.45.101.177\/haut-allier\/usagers-transportse\/index.php\/2021\/03\/12\/sncf-intercites-nouvelle752\/"},"modified":"2021-03-12T06:59:37","modified_gmt":"2021-03-12T05:59:37","slug":"sncf-intercites-nouvelle752","status":"publish","type":"post","link":"https:\/\/usagers-transports.haut-allier.eu\/index.php\/2021\/03\/12\/sncf-intercites-nouvelle752\/","title":{"rendered":"SNCF Intercit\u00e9s : nouvelle directrice"},"content":{"rendered":"<p>Delphine Couzi nomm\u00e9e directrice TER en re\u0301gion Sud depuis f\u00e9vrier, c&rsquo;est Amandine Thomas-Commin qui est la nouvelle directrice d\u2019Intercit\u00e9s. Cela concerne notre massif central puisque la ligne B\u00e9ziers Neussargues Clermont-Ferrand, puis la ligne Clermont-Ferrand Paris, sont toujours des lignes Intercit\u00e9s, anciennement dites TET, trains d&rsquo;\u00e9quilibre du territoire. En 2016 N\u00eemes Clermont-Ferrand et Montlu\u00e7on Paris \u00e9taient \u00e9galement sous statut Intercit\u00e9s.<br \/>\n&nbsp;<br \/>\n<img loading=\"lazy\" decoding=\"async\" class=\" aligncenter size-full wp-image-3233\" src=\"http:\/\/5.45.101.177\/haut-allier\/usagers-transportse\/wp-content\/uploads\/2021\/03\/intercites2016.png\" alt=\"intercites2016.png\" align=\"center\" width=\"1411\" height=\"1420\" srcset=\"https:\/\/usagers-transports.haut-allier.eu\/wp-content\/uploads\/2021\/03\/intercites2016.png 1411w, https:\/\/usagers-transports.haut-allier.eu\/wp-content\/uploads\/2021\/03\/intercites2016-298x300.png 298w, https:\/\/usagers-transports.haut-allier.eu\/wp-content\/uploads\/2021\/03\/intercites2016-1018x1024.png 1018w, https:\/\/usagers-transports.haut-allier.eu\/wp-content\/uploads\/2021\/03\/intercites2016-150x150.png 150w, https:\/\/usagers-transports.haut-allier.eu\/wp-content\/uploads\/2021\/03\/intercites2016-768x773.png 768w\" sizes=\"auto, (max-width: 1411px) 100vw, 1411px\" \/><br \/>\n&nbsp;<br \/>\n<strong>Qui est la nouvelle directrice ?<\/strong><br \/>\n&nbsp;<br \/>\nVoici son parcours :<br \/>\n&nbsp;<br \/>\n<strong>A la SNCF : 9 ans 5 mois<\/strong><br \/>\n&nbsp;<br \/>\n<em>Directrice INTERCITES- SNCF VOYAGEURS<\/em><br \/>\nf\u00e9vr. 2021 &#8211; depuis 2 mois<br \/>\n&nbsp;<br \/>\n<em>Directrice de l&rsquo;Etablissement traction production HK, et Directrice Production des lignes HK<\/em><br \/>\noct. 2019 &#8211; f\u00e9vr. 2021 1 an 5 mois<br \/>\n&nbsp;<br \/>\n<em>SNCF Voyageurs- Transilien<\/em><br \/>\n&nbsp;<br \/>\n<em>Directrice adjointe de l&rsquo;Etablissement traction nord parisien<\/em><br \/>\nf\u00e9vr. 2018 &#8211; sept. 2019 1 an 8 mois<br \/>\nParis<br \/>\n&nbsp;<br \/>\n<em>SNCF Voyageurs- Transilien<\/em><br \/>\n&nbsp;<br \/>\n<em>Directrice de cabinet de la Directrice g\u00e9n\u00e9rale Voyageurs<\/em><br \/>\nf\u00e9vr. 2016 &#8211; janv. 2018 2 ans<br \/>\nR\u00e9gion de Paris, France<br \/>\n&nbsp;<br \/>\n<em>SNCF Mobilit\u00e9s- Direction g\u00e9n\u00e9rale Voyageurs<\/em><br \/>\n&nbsp;<br \/>\n<em>Dirigeante d&rsquo;Unit\u00e9 Op\u00e9rationnelle- Etablissement gare Transilien Paris Sud Est<\/em><br \/>\nnov. 2013 &#8211; f\u00e9vr. 2016 2 ans 4 mois<br \/>\nParis<br \/>\n&nbsp;<br \/>\n<em>SNCF Mobilit\u00e9s-Transilien<\/em><br \/>\n&nbsp;<br \/>\n<em>Chef de mission Strat\u00e9gie sociale &#8211; DRH Groupe<\/em><br \/>\nnov. 2011 &#8211; nov. 2013 2 ans 1 mois<br \/>\nParis<br \/>\n&nbsp;<br \/>\n<strong>Au Minist\u00e8re de l&rsquo;\u00c9conomie, des Finances, de l&rsquo;Action et des Comptes publics<\/strong><br \/>\n&nbsp;<br \/>\n<em>Minist\u00e8res de l&rsquo;\u00c9conomie, des Finances, de l&rsquo;Action et des Comptes publics<\/em><br \/>\navr. 2008 &#8211; nov. 2011 3 ans 8 mois<br \/>\nR\u00e9gion de Paris, France<br \/>\n&nbsp;<br \/>\n<strong>Sa formation<\/strong><br \/>\n&nbsp;<br \/>\nENA &#8211; Ecole Nationale d&rsquo;Administration<br \/>\n2006 &#8211; 2008<br \/>\n&nbsp;<br \/>\nInstitut d&rsquo;\u00e9tudes politiques de Rennes<br \/>\nMaster 2 (M2)<br \/>\n2000 &#8211; 2004<br \/>\n&nbsp;<br \/>\nThe University of Edinburgh<br \/>\n2002 &#8211; 2003<br \/>\n&nbsp;<br \/>\nAu vu de ce CV gageons que nous allons avoir affaire \u00e0 un maximum de nouvelles suppressions pour \u00e9conomies sur un r\u00e9seau peau de chagrin !<\/p>\n","protected":false},"excerpt":{"rendered":"<p>Delphine Couzi nomm\u00e9e directrice TER en re\u0301gion Sud depuis f\u00e9vrier, c&rsquo;est Amandine Thomas-Commin qui est la nouvelle directrice<\/p>\n","protected":false},"author":1,"featured_media":3232,"comment_status":"open","ping_status":"open","sticky":false,"template":"","format":"standard","meta":{"footnotes":""},"categories":[2],"tags":[],"class_list":["post-752","post","type-post","status-publish","format-standard","has-post-thumbnail","hentry","category-infos"],"_links":{"self":[{"href":"https:\/\/usagers-transports.haut-allier.eu\/index.php\/wp-json\/wp\/v2\/posts\/752","targetHints":{"allow":["GET"]}}],"collection":[{"href":"https:\/\/usagers-transports.haut-allier.eu\/index.php\/wp-json\/wp\/v2\/posts"}],"about":[{"href":"https:\/\/usagers-transports.haut-allier.eu\/index.php\/wp-json\/wp\/v2\/types\/post"}],"author":[{"embeddable":true,"href":"https:\/\/usagers-transports.haut-allier.eu\/index.php\/wp-json\/wp\/v2\/users\/1"}],"replies":[{"embeddable":true,"href":"https:\/\/usagers-transports.haut-allier.eu\/index.php\/wp-json\/wp\/v2\/comments?post=752"}],"version-history":[{"count":0,"href":"https:\/\/usagers-transports.haut-allier.eu\/index.php\/wp-json\/wp\/v2\/posts\/752\/revisions"}],"wp:featuredmedia":[{"embeddable":true,"href":"https:\/\/usagers-transports.haut-allier.eu\/index.php\/wp-json\/wp\/v2\/media\/3232"}],"wp:attachment":[{"href":"https:\/\/usagers-transports.haut-allier.eu\/index.php\/wp-json\/wp\/v2\/media?parent=752"}],"wp:term":[{"taxonomy":"category","embeddable":true,"href":"https:\/\/usagers-transports.haut-allier.eu\/index.php\/wp-json\/wp\/v2\/categories?post=752"},{"taxonomy":"post_tag","embeddable":true,"href":"https:\/\/usagers-transports.haut-allier.eu\/index.php\/wp-json\/wp\/v2\/tags?post=752"}],"curies":[{"name":"wp","href":"https:\/\/api.w.org\/{rel}","templated":true}]}}