{"id":753,"date":"2021-03-14T17:57:38","date_gmt":"2021-03-14T16:57:38","guid":{"rendered":"http:\/\/5.45.101.177\/haut-allier\/usagers-transportse\/index.php\/2021\/03\/14\/ligne-clermont-ferrand-thiers-boen753\/"},"modified":"2026-09-01T15:57:17","modified_gmt":"2026-09-01T13:57:17","slug":"ligne-clermont-ferrand-thiers-boen753","status":"publish","type":"post","link":"https:\/\/usagers-transports.haut-allier.eu\/index.php\/2021\/03\/14\/ligne-clermont-ferrand-thiers-boen753\/","title":{"rendered":"Ligne Clermont Ferrand &#8211; Thiers &#8211; Bo\u00ebn &#8211; Saint Etienne &#8211; Lyon : la manifestation du 14 mars \u00e0 Thiers"},"content":{"rendered":"Bonne mobilisation ce dimanche matin devant la gare de Thiers (Puy de D\u00f4me) pour r\u00e9clamer la r\u00e9ouverture de la ligne ferroviaire la plus courte entre Clermont-Ferrand Saint-Etienne et Lyon donc par Thiers et Bo\u00ebn. 3 m\u00e9tropoles des plus importantes dans la r\u00e9gion Auvergne Rh\u00f4ne Alpes.\n&nbsp;\nLes \u00e9lus \u00e9taient pr\u00e9sents \u00e0 Thiers :\n\n<em>Julien Borowczyk, d\u00e9put\u00e9 de Loire<\/em>\n<img loading=\"lazy\" decoding=\"async\" class=\" aligncenter size-full wp-image-3235\" src=\"http:\/\/5.45.101.177\/haut-allier\/usagers-transportse\/wp-content\/uploads\/2021\/03\/img_20210314_115846_163.jpg\" alt=\"img_20210314_115846_163.jpg\" align=\"center\" width=\"935\" height=\"560\" srcset=\"https:\/\/usagers-transports.haut-allier.eu\/wp-content\/uploads\/2021\/03\/img_20210314_115846_163.jpg 935w, https:\/\/usagers-transports.haut-allier.eu\/wp-content\/uploads\/2021\/03\/img_20210314_115846_163-300x180.jpg 300w, https:\/\/usagers-transports.haut-allier.eu\/wp-content\/uploads\/2021\/03\/img_20210314_115846_163-768x460.jpg 768w\" sizes=\"auto, (max-width: 935px) 100vw, 935px\" \/>\n\n<em>C\u00e9cile Cukierman, s\u00e9natrice et conseill\u00e8re r\u00e9gionale<\/em>\n<img loading=\"lazy\" decoding=\"async\" class=\" aligncenter size-full wp-image-3236\" src=\"http:\/\/5.45.101.177\/haut-allier\/usagers-transportse\/wp-content\/uploads\/2021\/03\/img_20210314_115923_035.jpg\" alt=\"img_20210314_115923_035.jpg\" align=\"center\" width=\"963\" height=\"560\" srcset=\"https:\/\/usagers-transports.haut-allier.eu\/wp-content\/uploads\/2021\/03\/img_20210314_115923_035.jpg 963w, https:\/\/usagers-transports.haut-allier.eu\/wp-content\/uploads\/2021\/03\/img_20210314_115923_035-300x174.jpg 300w, https:\/\/usagers-transports.haut-allier.eu\/wp-content\/uploads\/2021\/03\/img_20210314_115923_035-768x447.jpg 768w\" sizes=\"auto, (max-width: 963px) 100vw, 963px\" \/>\n\n<img loading=\"lazy\" decoding=\"async\" class=\" aligncenter size-full wp-image-3237\" src=\"http:\/\/5.45.101.177\/haut-allier\/usagers-transportse\/wp-content\/uploads\/2021\/03\/img_20210314_113749_272-scaled.jpg\" alt=\"img_20210314_113749_272.jpg\" align=\"center\" width=\"2560\" height=\"1666\" srcset=\"https:\/\/usagers-transports.haut-allier.eu\/wp-content\/uploads\/2021\/03\/img_20210314_113749_272-scaled.jpg 2560w, https:\/\/usagers-transports.haut-allier.eu\/wp-content\/uploads\/2021\/03\/img_20210314_113749_272-300x195.jpg 300w, https:\/\/usagers-transports.haut-allier.eu\/wp-content\/uploads\/2021\/03\/img_20210314_113749_272-1024x666.jpg 1024w, https:\/\/usagers-transports.haut-allier.eu\/wp-content\/uploads\/2021\/03\/img_20210314_113749_272-768x500.jpg 768w, https:\/\/usagers-transports.haut-allier.eu\/wp-content\/uploads\/2021\/03\/img_20210314_113749_272-1536x999.jpg 1536w, https:\/\/usagers-transports.haut-allier.eu\/wp-content\/uploads\/2021\/03\/img_20210314_113749_272-2048x1333.jpg 2048w\" sizes=\"auto, (max-width: 2560px) 100vw, 2560px\" \/>\n\n<em>La pr\u00e9sidente de l&rsquo;association Les Monts qui p\u00e9tillent :<\/em>\n<img loading=\"lazy\" decoding=\"async\" class=\" aligncenter size-full wp-image-3238\" src=\"http:\/\/5.45.101.177\/haut-allier\/usagers-transportse\/wp-content\/uploads\/2021\/03\/img_20210314_115005_436.jpg\" alt=\"img_20210314_115005_436.jpg\" align=\"center\" width=\"771\" height=\"1041\" srcset=\"https:\/\/usagers-transports.haut-allier.eu\/wp-content\/uploads\/2021\/03\/img_20210314_115005_436.jpg 771w, https:\/\/usagers-transports.haut-allier.eu\/wp-content\/uploads\/2021\/03\/img_20210314_115005_436-222x300.jpg 222w, https:\/\/usagers-transports.haut-allier.eu\/wp-content\/uploads\/2021\/03\/img_20210314_115005_436-758x1024.jpg 758w, https:\/\/usagers-transports.haut-allier.eu\/wp-content\/uploads\/2021\/03\/img_20210314_115005_436-768x1037.jpg 768w\" sizes=\"auto, (max-width: 771px) 100vw, 771px\" \/>\n&nbsp;\nNous avons demand\u00e9 \u00e0 Karine Legrand porte-parole du collectif <a href=\"https:\/\/letrain634269.org\"><em>letrain634269<\/em><\/a> de faire un point d&rsquo;\u00e9tape dans le processus de r\u00e9ouverture. Si des annonces assez positives ont \u00e9t\u00e9 faites par Laurent Wauquiez pr\u00e9sident de r\u00e9gion, de nombreuses interrogations demeurent notamment concernant l&rsquo;attitude de l&rsquo;Etat et de SNCF R\u00e9seau. Jouent-ils la montre ? Nous pensons tous que c&rsquo;est possible. La <a href=\"http:\/\/usagers-transports.haut-allier.eu\/?ligne-du-massif-central-l-etat,751\"><strong>r\u00e9ponse de Jean-Baptiste Djebarri<\/strong><\/a> \u00e0 la s\u00e9natrice de la Loire Nathalie Sarles est loin de rassurer le collectif. C&rsquo;est le pourquoi du maintien du rassemblement de Thiers.\n&nbsp;\n<center>\n<iframe loading=\"lazy\" width=\"560\" height=\"315\" src=\"https:\/\/www.youtube.com\/embed\/n-1pED_AoI4\" frameborder=\"0\" allow=\"accelerometer; autoplay; clipboard-write; encrypted-media; gyroscope; picture-in-picture\" allowfullscreen><\/iframe>\n<\/center>\n&nbsp;\n<img loading=\"lazy\" decoding=\"async\" class=\" aligncenter size-full wp-image-3239\" src=\"http:\/\/5.45.101.177\/haut-allier\/usagers-transportse\/wp-content\/uploads\/2021\/03\/img_20210314_105809_117.jpg\" alt=\"img_20210314_105809_117.jpg\" align=\"center\" width=\"2304\" height=\"1207\" srcset=\"https:\/\/usagers-transports.haut-allier.eu\/wp-content\/uploads\/2021\/03\/img_20210314_105809_117.jpg 2304w, https:\/\/usagers-transports.haut-allier.eu\/wp-content\/uploads\/2021\/03\/img_20210314_105809_117-300x157.jpg 300w, https:\/\/usagers-transports.haut-allier.eu\/wp-content\/uploads\/2021\/03\/img_20210314_105809_117-1024x536.jpg 1024w, https:\/\/usagers-transports.haut-allier.eu\/wp-content\/uploads\/2021\/03\/img_20210314_105809_117-768x402.jpg 768w, https:\/\/usagers-transports.haut-allier.eu\/wp-content\/uploads\/2021\/03\/img_20210314_105809_117-1536x805.jpg 1536w, https:\/\/usagers-transports.haut-allier.eu\/wp-content\/uploads\/2021\/03\/img_20210314_105809_117-2048x1073.jpg 2048w\" sizes=\"auto, (max-width: 2304px) 100vw, 2304px\" \/>\n&nbsp;\n<img loading=\"lazy\" decoding=\"async\" class=\" aligncenter size-full wp-image-3240\" src=\"http:\/\/5.45.101.177\/haut-allier\/usagers-transportse\/wp-content\/uploads\/2021\/03\/ydxj0537-scaled.jpg\" alt=\"ydxj0537.jpg\" align=\"center\" width=\"2560\" height=\"1920\" srcset=\"https:\/\/usagers-transports.haut-allier.eu\/wp-content\/uploads\/2021\/03\/ydxj0537-scaled.jpg 2560w, https:\/\/usagers-transports.haut-allier.eu\/wp-content\/uploads\/2021\/03\/ydxj0537-300x225.jpg 300w, https:\/\/usagers-transports.haut-allier.eu\/wp-content\/uploads\/2021\/03\/ydxj0537-1024x768.jpg 1024w, https:\/\/usagers-transports.haut-allier.eu\/wp-content\/uploads\/2021\/03\/ydxj0537-768x576.jpg 768w, https:\/\/usagers-transports.haut-allier.eu\/wp-content\/uploads\/2021\/03\/ydxj0537-1536x1152.jpg 1536w, https:\/\/usagers-transports.haut-allier.eu\/wp-content\/uploads\/2021\/03\/ydxj0537-2048x1536.jpg 2048w\" sizes=\"auto, (max-width: 2560px) 100vw, 2560px\" \/>\n&nbsp;\n[fond noir][blanc]<strong>Un peu de presse :<\/strong>[\/blanc][\/fond noir]\n&nbsp;\n&#8211; France 3 Auvergne le 15 mars : <a href=\"https:\/\/france3-regions.francetvinfo.fr\/auvergne-rhone-alpes\/puy-de-dome-mobilisation-contre-la-fermeture-de-la-ligne-entre-thiers-et-boen-dans-la-loire-1998022.html\"><em>Puy-de-D\u00f4me &#8211; mobilisation contre la fermeture de la ligne entre Thiers et Bo\u00ebn dans la Loire<\/em><\/a>\n&#8211; France Bleu Pays d&rsquo;Auvergne le 14 mars : <a href=\"https:\/\/www.francebleu.fr\/infos\/economie-social\/thiers-une-centaine-de-personnes-manifestent-pour-le-retablissement-de-la-ligne-thiers-boen-1615732049\"><em>Thiers &#8211; une centaine de personnes manifestent pour le r\u00e9tablissement de la ligne Thiers-Bo\u00ebn<\/em><\/a><p>&nbsp;<\/p>\n\n\t<figure class=\"wp-block-gallery columns-1 is-cropped wp-block-gallery-1 is-layout-flex wp-block-gallery-is-layout-flex\">\n\t\t<ul class=\"blocks-gallery-grid\">\n\t\t\t<li class=\"blocks-gallery-item\">\n\t\t\t\t<figure>\n\t\t\t\t\t\t\t\t\t\t\t<img loading=\"lazy\" decoding=\"async\" width=\"2560\" height=\"1440\" src=\"http:\/\/5.45.101.177\/haut-allier\/usagers-transportse\/wp-content\/uploads\/2021\/03\/img_20210314_112647_984-scaled.jpg\"\n\t\t\t\t\t\t alt=\"img_20210314_112647_984.jpg\"\n\t\t\t\t\t\t data-id=\"3241\"\n\t\t\t\t\t\t data-full-url=\"http:\/\/5.45.101.177\/haut-allier\/usagers-transportse\/wp-content\/uploads\/2021\/03\/img_20210314_112647_984-scaled.jpg\"\n\t\t\t\t\t\t data-link=\"http:\/\/5.45.101.177\/haut-allier\/usagers-transportse\/attachment-img_20210314_112647_984-jpg\/\"\n\t\t\t\t\t\t class=\"wp-image-3241\" srcset=\"https:\/\/usagers-transports.haut-allier.eu\/wp-content\/uploads\/2021\/03\/img_20210314_112647_984-scaled.jpg 2560w, https:\/\/usagers-transports.haut-allier.eu\/wp-content\/uploads\/2021\/03\/img_20210314_112647_984-300x169.jpg 300w, https:\/\/usagers-transports.haut-allier.eu\/wp-content\/uploads\/2021\/03\/img_20210314_112647_984-1024x576.jpg 1024w, https:\/\/usagers-transports.haut-allier.eu\/wp-content\/uploads\/2021\/03\/img_20210314_112647_984-768x432.jpg 768w, https:\/\/usagers-transports.haut-allier.eu\/wp-content\/uploads\/2021\/03\/img_20210314_112647_984-1536x864.jpg 1536w, https:\/\/usagers-transports.haut-allier.eu\/wp-content\/uploads\/2021\/03\/img_20210314_112647_984-2048x1152.jpg 2048w\" sizes=\"auto, (max-width: 2560px) 100vw, 2560px\" \/>\n\t\t\t\t<\/figure>\n\t\t\t<\/li>\n\t\t<\/ul>\n\t<\/figure>\n","protected":false},"excerpt":{"rendered":"<p>Bonne mobilisation ce dimanche matin devant la gare de Thiers (Puy de D\u00f4me) pour r\u00e9clamer la r\u00e9ouverture de<\/p>\n","protected":false},"author":1,"featured_media":3234,"comment_status":"open","ping_status":"open","sticky":false,"template":"","format":"standard","meta":{"footnotes":""},"categories":[2],"tags":[],"class_list":["post-753","post","type-post","status-publish","format-standard","has-post-thumbnail","hentry","category-infos"],"_links":{"self":[{"href":"https:\/\/usagers-transports.haut-allier.eu\/index.php\/wp-json\/wp\/v2\/posts\/753","targetHints":{"allow":["GET"]}}],"collection":[{"href":"https:\/\/usagers-transports.haut-allier.eu\/index.php\/wp-json\/wp\/v2\/posts"}],"about":[{"href":"https:\/\/usagers-transports.haut-allier.eu\/index.php\/wp-json\/wp\/v2\/types\/post"}],"author":[{"embeddable":true,"href":"https:\/\/usagers-transports.haut-allier.eu\/index.php\/wp-json\/wp\/v2\/users\/1"}],"replies":[{"embeddable":true,"href":"https:\/\/usagers-transports.haut-allier.eu\/index.php\/wp-json\/wp\/v2\/comments?post=753"}],"version-history":[{"count":1,"href":"https:\/\/usagers-transports.haut-allier.eu\/index.php\/wp-json\/wp\/v2\/posts\/753\/revisions"}],"predecessor-version":[{"id":3242,"href":"https:\/\/usagers-transports.haut-allier.eu\/index.php\/wp-json\/wp\/v2\/posts\/753\/revisions\/3242"}],"wp:featuredmedia":[{"embeddable":true,"href":"https:\/\/usagers-transports.haut-allier.eu\/index.php\/wp-json\/wp\/v2\/media\/3234"}],"wp:attachment":[{"href":"https:\/\/usagers-transports.haut-allier.eu\/index.php\/wp-json\/wp\/v2\/media?parent=753"}],"wp:term":[{"taxonomy":"category","embeddable":true,"href":"https:\/\/usagers-transports.haut-allier.eu\/index.php\/wp-json\/wp\/v2\/categories?post=753"},{"taxonomy":"post_tag","embeddable":true,"href":"https:\/\/usagers-transports.haut-allier.eu\/index.php\/wp-json\/wp\/v2\/tags?post=753"}],"curies":[{"name":"wp","href":"https:\/\/api.w.org\/{rel}","templated":true}]}}