{"id":754,"date":"2021-03-15T11:08:24","date_gmt":"2021-03-15T10:08:24","guid":{"rendered":"http:\/\/5.45.101.177\/haut-allier\/usagers-transportse\/index.php\/2021\/03\/15\/isolement-ferroviaire-de-l754\/"},"modified":"2021-03-15T11:08:24","modified_gmt":"2021-03-15T10:08:24","slug":"isolement-ferroviaire-de-l754","status":"publish","type":"post","link":"https:\/\/usagers-transports.haut-allier.eu\/index.php\/2021\/03\/15\/isolement-ferroviaire-de-l754\/","title":{"rendered":"Isolement ferroviaire de l&rsquo;Auvergne : la SNCF va nous en faire voir du pays ! &#8230;\u00e0 nos frais"},"content":{"rendered":"<p>Il est loin le temps o\u00f9 on pouvait relier Clermont-Ferrand \u00e0 Toulouse directement via Aurillac en quelques heures et avec un co\u00fbt normal du billet ! Nous avons voulu acheter un trajet vers la capitale de l&rsquo;Occitanie pour demain mardi. Voici ce que nous propose Oui.sncf le site officiel d&rsquo;achat des billets de la soci\u00e9t\u00e9 dite ferroviaire :<br \/>\n&nbsp;<br \/>\n<img loading=\"lazy\" decoding=\"async\" class=\" aligncenter size-full wp-image-3244\" src=\"http:\/\/5.45.101.177\/haut-allier\/usagers-transportse\/wp-content\/uploads\/2021\/03\/screenshot-www.oui_.sncf-2021.03.15-09_59_07.jpg\" alt=\"screenshot-www.oui.sncf-2021.03.15-09_59_07.jpg\" align=\"center\" width=\"1136\" height=\"1373\" srcset=\"https:\/\/usagers-transports.haut-allier.eu\/wp-content\/uploads\/2021\/03\/screenshot-www.oui_.sncf-2021.03.15-09_59_07.jpg 1136w, https:\/\/usagers-transports.haut-allier.eu\/wp-content\/uploads\/2021\/03\/screenshot-www.oui_.sncf-2021.03.15-09_59_07-248x300.jpg 248w, https:\/\/usagers-transports.haut-allier.eu\/wp-content\/uploads\/2021\/03\/screenshot-www.oui_.sncf-2021.03.15-09_59_07-847x1024.jpg 847w, https:\/\/usagers-transports.haut-allier.eu\/wp-content\/uploads\/2021\/03\/screenshot-www.oui_.sncf-2021.03.15-09_59_07-768x928.jpg 768w\" sizes=\"auto, (max-width: 1136px) 100vw, 1136px\" \/><br \/>\n&nbsp;<br \/>\nVous allez nous dire : bon ben c&rsquo;est bien, \u00e0 part les prix des billets qui varient du simple au double&#8230; Effectivement. Et pourquoi ? Voici les trajets que SNCF vous propose sur son site dans l&rsquo;ordre d&rsquo;apparition sur la page de r\u00e9sultats :<br \/>\n&nbsp;<br \/>\n<img loading=\"lazy\" decoding=\"async\" class=\" aligncenter size-full wp-image-3245\" src=\"http:\/\/5.45.101.177\/haut-allier\/usagers-transportse\/wp-content\/uploads\/2021\/03\/oui-sncf-propo-trajet-clermont-toulouse-00.jpg\" alt=\"oui-sncf-propo-trajet-clermont-toulouse-00.jpg\" align=\"center\" width=\"855\" height=\"499\" srcset=\"https:\/\/usagers-transports.haut-allier.eu\/wp-content\/uploads\/2021\/03\/oui-sncf-propo-trajet-clermont-toulouse-00.jpg 855w, https:\/\/usagers-transports.haut-allier.eu\/wp-content\/uploads\/2021\/03\/oui-sncf-propo-trajet-clermont-toulouse-00-300x175.jpg 300w, https:\/\/usagers-transports.haut-allier.eu\/wp-content\/uploads\/2021\/03\/oui-sncf-propo-trajet-clermont-toulouse-00-768x448.jpg 768w\" sizes=\"auto, (max-width: 855px) 100vw, 855px\" \/><br \/>\n&nbsp;<br \/>\n<img loading=\"lazy\" decoding=\"async\" class=\" aligncenter size-full wp-image-3246\" src=\"http:\/\/5.45.101.177\/haut-allier\/usagers-transportse\/wp-content\/uploads\/2021\/03\/oui-sncf-propo-trajet-clermont-toulouse-01.jpg\" alt=\"oui-sncf-propo-trajet-clermont-toulouse-01.jpg\" align=\"center\" width=\"855\" height=\"499\" srcset=\"https:\/\/usagers-transports.haut-allier.eu\/wp-content\/uploads\/2021\/03\/oui-sncf-propo-trajet-clermont-toulouse-01.jpg 855w, https:\/\/usagers-transports.haut-allier.eu\/wp-content\/uploads\/2021\/03\/oui-sncf-propo-trajet-clermont-toulouse-01-300x175.jpg 300w, https:\/\/usagers-transports.haut-allier.eu\/wp-content\/uploads\/2021\/03\/oui-sncf-propo-trajet-clermont-toulouse-01-768x448.jpg 768w\" sizes=\"auto, (max-width: 855px) 100vw, 855px\" \/><br \/>\n&nbsp;<br \/>\n<img loading=\"lazy\" decoding=\"async\" class=\" aligncenter size-full wp-image-3247\" src=\"http:\/\/5.45.101.177\/haut-allier\/usagers-transportse\/wp-content\/uploads\/2021\/03\/oui-sncf-propo-trajet-clermont-toulouse-02.jpg\" alt=\"oui-sncf-propo-trajet-clermont-toulouse-02.jpg\" align=\"center\" width=\"855\" height=\"499\" srcset=\"https:\/\/usagers-transports.haut-allier.eu\/wp-content\/uploads\/2021\/03\/oui-sncf-propo-trajet-clermont-toulouse-02.jpg 855w, https:\/\/usagers-transports.haut-allier.eu\/wp-content\/uploads\/2021\/03\/oui-sncf-propo-trajet-clermont-toulouse-02-300x175.jpg 300w, https:\/\/usagers-transports.haut-allier.eu\/wp-content\/uploads\/2021\/03\/oui-sncf-propo-trajet-clermont-toulouse-02-768x448.jpg 768w\" sizes=\"auto, (max-width: 855px) 100vw, 855px\" \/><br \/>\n&nbsp;<br \/>\n<img loading=\"lazy\" decoding=\"async\" class=\" aligncenter size-full wp-image-3248\" src=\"http:\/\/5.45.101.177\/haut-allier\/usagers-transportse\/wp-content\/uploads\/2021\/03\/oui-sncf-propo-trajet-clermont-toulouse-03.jpg\" alt=\"oui-sncf-propo-trajet-clermont-toulouse-03.jpg\" align=\"center\" width=\"855\" height=\"499\" srcset=\"https:\/\/usagers-transports.haut-allier.eu\/wp-content\/uploads\/2021\/03\/oui-sncf-propo-trajet-clermont-toulouse-03.jpg 855w, https:\/\/usagers-transports.haut-allier.eu\/wp-content\/uploads\/2021\/03\/oui-sncf-propo-trajet-clermont-toulouse-03-300x175.jpg 300w, https:\/\/usagers-transports.haut-allier.eu\/wp-content\/uploads\/2021\/03\/oui-sncf-propo-trajet-clermont-toulouse-03-768x448.jpg 768w\" sizes=\"auto, (max-width: 855px) 100vw, 855px\" \/><br \/>\n&nbsp;<br \/>\n<img loading=\"lazy\" decoding=\"async\" class=\" aligncenter size-full wp-image-3249\" src=\"http:\/\/5.45.101.177\/haut-allier\/usagers-transportse\/wp-content\/uploads\/2021\/03\/oui-sncf-propo-trajet-clermont-toulouse-04.jpg\" alt=\"oui-sncf-propo-trajet-clermont-toulouse-04.jpg\" align=\"center\" width=\"855\" height=\"499\" srcset=\"https:\/\/usagers-transports.haut-allier.eu\/wp-content\/uploads\/2021\/03\/oui-sncf-propo-trajet-clermont-toulouse-04.jpg 855w, https:\/\/usagers-transports.haut-allier.eu\/wp-content\/uploads\/2021\/03\/oui-sncf-propo-trajet-clermont-toulouse-04-300x175.jpg 300w, https:\/\/usagers-transports.haut-allier.eu\/wp-content\/uploads\/2021\/03\/oui-sncf-propo-trajet-clermont-toulouse-04-768x448.jpg 768w\" sizes=\"auto, (max-width: 855px) 100vw, 855px\" \/><br \/>\n&nbsp;<br \/>\n<img loading=\"lazy\" decoding=\"async\" class=\" aligncenter size-full wp-image-3250\" src=\"http:\/\/5.45.101.177\/haut-allier\/usagers-transportse\/wp-content\/uploads\/2021\/03\/oui-sncf-propo-trajet-clermont-toulouse-05.jpg\" alt=\"oui-sncf-propo-trajet-clermont-toulouse-05.jpg\" align=\"center\" width=\"855\" height=\"499\" srcset=\"https:\/\/usagers-transports.haut-allier.eu\/wp-content\/uploads\/2021\/03\/oui-sncf-propo-trajet-clermont-toulouse-05.jpg 855w, https:\/\/usagers-transports.haut-allier.eu\/wp-content\/uploads\/2021\/03\/oui-sncf-propo-trajet-clermont-toulouse-05-300x175.jpg 300w, https:\/\/usagers-transports.haut-allier.eu\/wp-content\/uploads\/2021\/03\/oui-sncf-propo-trajet-clermont-toulouse-05-768x448.jpg 768w\" sizes=\"auto, (max-width: 855px) 100vw, 855px\" \/><br \/>\n&nbsp;<br \/>\n<img loading=\"lazy\" decoding=\"async\" class=\" aligncenter size-full wp-image-3251\" src=\"http:\/\/5.45.101.177\/haut-allier\/usagers-transportse\/wp-content\/uploads\/2021\/03\/oui-sncf-propo-trajet-clermont-toulouse-06.jpg\" alt=\"oui-sncf-propo-trajet-clermont-toulouse-06.jpg\" align=\"center\" width=\"855\" height=\"499\" srcset=\"https:\/\/usagers-transports.haut-allier.eu\/wp-content\/uploads\/2021\/03\/oui-sncf-propo-trajet-clermont-toulouse-06.jpg 855w, https:\/\/usagers-transports.haut-allier.eu\/wp-content\/uploads\/2021\/03\/oui-sncf-propo-trajet-clermont-toulouse-06-300x175.jpg 300w, https:\/\/usagers-transports.haut-allier.eu\/wp-content\/uploads\/2021\/03\/oui-sncf-propo-trajet-clermont-toulouse-06-768x448.jpg 768w\" sizes=\"auto, (max-width: 855px) 100vw, 855px\" \/><br \/>\n&nbsp;<br \/>\n<img loading=\"lazy\" decoding=\"async\" class=\" aligncenter size-full wp-image-3252\" src=\"http:\/\/5.45.101.177\/haut-allier\/usagers-transportse\/wp-content\/uploads\/2021\/03\/oui-sncf-propo-trajet-clermont-toulouse-07.jpg\" alt=\"oui-sncf-propo-trajet-clermont-toulouse-07.jpg\" align=\"center\" width=\"855\" height=\"499\" srcset=\"https:\/\/usagers-transports.haut-allier.eu\/wp-content\/uploads\/2021\/03\/oui-sncf-propo-trajet-clermont-toulouse-07.jpg 855w, https:\/\/usagers-transports.haut-allier.eu\/wp-content\/uploads\/2021\/03\/oui-sncf-propo-trajet-clermont-toulouse-07-300x175.jpg 300w, https:\/\/usagers-transports.haut-allier.eu\/wp-content\/uploads\/2021\/03\/oui-sncf-propo-trajet-clermont-toulouse-07-768x448.jpg 768w\" sizes=\"auto, (max-width: 855px) 100vw, 855px\" \/><br \/>\n&nbsp;<br \/>\n<img loading=\"lazy\" decoding=\"async\" class=\" aligncenter size-full wp-image-3253\" src=\"http:\/\/5.45.101.177\/haut-allier\/usagers-transportse\/wp-content\/uploads\/2021\/03\/oui-sncf-propo-trajet-clermont-toulouse-08.jpg\" alt=\"oui-sncf-propo-trajet-clermont-toulouse-08.jpg\" align=\"center\" width=\"855\" height=\"499\" srcset=\"https:\/\/usagers-transports.haut-allier.eu\/wp-content\/uploads\/2021\/03\/oui-sncf-propo-trajet-clermont-toulouse-08.jpg 855w, https:\/\/usagers-transports.haut-allier.eu\/wp-content\/uploads\/2021\/03\/oui-sncf-propo-trajet-clermont-toulouse-08-300x175.jpg 300w, https:\/\/usagers-transports.haut-allier.eu\/wp-content\/uploads\/2021\/03\/oui-sncf-propo-trajet-clermont-toulouse-08-768x448.jpg 768w\" sizes=\"auto, (max-width: 855px) 100vw, 855px\" \/><br \/>\n&nbsp;<br \/>\n[fond rouge][blanc]<strong>AUCUN TRAIN DIRECT, MOINS CHER !<\/strong>[\/blanc][\/fond rouge]<br \/>\n&nbsp;<br \/>\nAlors pourquoi pas le train direct via Aurillac, moins cher, m\u00eame s&rsquo;il y a des travaux ?<br \/>\n&nbsp;<br \/>\nParce qu&rsquo;avec le bus de substitution cela fait plus de 2 changements et Oui.sncf cache aux usagers (et \u00e0 ses salari\u00e9s !) tous les trajets en comportant plus (si ce n&rsquo;est pas encore fait il faut <a href=\"http:\/\/chng.it\/hVDnYjSW\"><strong>signer notre p\u00e9tition contre les billets limit\u00e9s<\/strong><\/a> de Oui.sncf).<br \/>\n&nbsp;<br \/>\nLe site allemand de DB France lui, on y revient toujours en d\u00e9sespoir de cause, ne vous propose aucun r\u00e9sultat par Paris mais est le seul <a href=\"https:\/\/reiseauskunft.bahn.de\/bin\/query.exe\/fn?ld=43140&#038;protocol=https:&#038;seqnr=2&#038;ident=4i.06914140.1615799449&#038;rt=1&#038;rememberSortType=minDeparture&#038;REQ0HafasScrollDir=1#hfsseq3|4i.06914140.1615799449\"><em>\u00e0 vous pr\u00e9senter les directs<\/em><\/a> par Aurillac et Ussel, avec ceux par la ligne des C\u00e9vennes qui constituent d\u00e9j\u00e0 un d\u00e9tour (on clique pour voir le d\u00e9tail) :<br \/>\n&nbsp;<br \/>\n<img loading=\"lazy\" decoding=\"async\" class=\" aligncenter size-full wp-image-3254\" src=\"http:\/\/5.45.101.177\/haut-allier\/usagers-transportse\/wp-content\/uploads\/2021\/03\/screenshot-reiseauskunft.bahn_.de-2021.03.15-10_15_45-scaled.jpg\" alt=\"screenshot-reiseauskunft.bahn.de-2021.03.15-10_15_45.jpg\" align=\"center\" width=\"227\" height=\"2560\" \/><br \/>\n&nbsp;<br \/>\nMerci qui ? Merci la SNCF.<\/p>\n","protected":false},"excerpt":{"rendered":"<p>Il est loin le temps o\u00f9 on pouvait relier Clermont-Ferrand \u00e0 Toulouse directement via Aurillac en quelques heures<\/p>\n","protected":false},"author":1,"featured_media":3243,"comment_status":"open","ping_status":"open","sticky":false,"template":"","format":"standard","meta":{"footnotes":""},"categories":[2],"tags":[],"class_list":["post-754","post","type-post","status-publish","format-standard","has-post-thumbnail","hentry","category-infos"],"_links":{"self":[{"href":"https:\/\/usagers-transports.haut-allier.eu\/index.php\/wp-json\/wp\/v2\/posts\/754","targetHints":{"allow":["GET"]}}],"collection":[{"href":"https:\/\/usagers-transports.haut-allier.eu\/index.php\/wp-json\/wp\/v2\/posts"}],"about":[{"href":"https:\/\/usagers-transports.haut-allier.eu\/index.php\/wp-json\/wp\/v2\/types\/post"}],"author":[{"embeddable":true,"href":"https:\/\/usagers-transports.haut-allier.eu\/index.php\/wp-json\/wp\/v2\/users\/1"}],"replies":[{"embeddable":true,"href":"https:\/\/usagers-transports.haut-allier.eu\/index.php\/wp-json\/wp\/v2\/comments?post=754"}],"version-history":[{"count":0,"href":"https:\/\/usagers-transports.haut-allier.eu\/index.php\/wp-json\/wp\/v2\/posts\/754\/revisions"}],"wp:featuredmedia":[{"embeddable":true,"href":"https:\/\/usagers-transports.haut-allier.eu\/index.php\/wp-json\/wp\/v2\/media\/3243"}],"wp:attachment":[{"href":"https:\/\/usagers-transports.haut-allier.eu\/index.php\/wp-json\/wp\/v2\/media?parent=754"}],"wp:term":[{"taxonomy":"category","embeddable":true,"href":"https:\/\/usagers-transports.haut-allier.eu\/index.php\/wp-json\/wp\/v2\/categories?post=754"},{"taxonomy":"post_tag","embeddable":true,"href":"https:\/\/usagers-transports.haut-allier.eu\/index.php\/wp-json\/wp\/v2\/tags?post=754"}],"curies":[{"name":"wp","href":"https:\/\/api.w.org\/{rel}","templated":true}]}}