{"id":755,"date":"2021-03-17T20:01:15","date_gmt":"2021-03-17T19:01:15","guid":{"rendered":"http:\/\/5.45.101.177\/haut-allier\/usagers-transportse\/index.php\/2021\/03\/17\/ligne-du-train-cevenol-sncf-reseau755\/"},"modified":"2021-03-17T20:01:15","modified_gmt":"2021-03-17T19:01:15","slug":"ligne-du-train-cevenol-sncf-reseau755","status":"publish","type":"post","link":"https:\/\/usagers-transports.haut-allier.eu\/index.php\/2021\/03\/17\/ligne-du-train-cevenol-sncf-reseau755\/","title":{"rendered":"Ligne du Train C\u00e9venol : SNCF R\u00e9seau coupe les circulations 10 jours avant les 3 mois de travaux ! [MAJ]"},"content":{"rendered":"<p>C&rsquo;est un scandale. Depuis midi ce jour tout le trafic des trains sur la ligne des C\u00e9vennes est coup\u00e9 entre Labastide et Langeac, sur la partie le plus fragile de la ligne. La raison officielle en serait un incident sur les voies, officieusement un probl\u00e8me de <em>g\u00e9om\u00e9trie de la voie<\/em>. Tu parles, des probl\u00e8mes de g\u00e9om\u00e9trie de voies il y en a depuis des d\u00e9cennies et notamment au niveau de Vabres o\u00f9 rien n&rsquo;est fait depuis des ann\u00e9es.<br \/>\n&nbsp;<br \/>\n<em>Les horaires \u00ab\u00a0en gare\u00a0\u00bb d&rsquo;Alleyras cette apr\u00e8s-midi<\/em><br \/>\n&nbsp;<br \/>\n<img loading=\"lazy\" decoding=\"async\" class=\" aligncenter size-full wp-image-3256\" src=\"http:\/\/5.45.101.177\/haut-allier\/usagers-transportse\/wp-content\/uploads\/2021\/03\/screenshot-www.ter_.sncf_.com-2021.03.17-15_04_53.jpg\" alt=\"screenshot-www.ter.sncf.com-2021.03.17-15_04_53.jpg\" align=\"center\" width=\"667\" height=\"497\" srcset=\"https:\/\/usagers-transports.haut-allier.eu\/wp-content\/uploads\/2021\/03\/screenshot-www.ter_.sncf_.com-2021.03.17-15_04_53.jpg 667w, https:\/\/usagers-transports.haut-allier.eu\/wp-content\/uploads\/2021\/03\/screenshot-www.ter_.sncf_.com-2021.03.17-15_04_53-300x224.jpg 300w\" sizes=\"auto, (max-width: 667px) 100vw, 667px\" \/><br \/>\n<img loading=\"lazy\" decoding=\"async\" class=\" aligncenter size-full wp-image-3257\" src=\"http:\/\/5.45.101.177\/haut-allier\/usagers-transportse\/wp-content\/uploads\/2021\/03\/screenshot-www.ter_.sncf_.com-2021.03.17-15_02_49.jpg\" alt=\"screenshot-www.ter.sncf.com-2021.03.17-15_02_49.jpg\" align=\"center\" width=\"736\" height=\"323\" srcset=\"https:\/\/usagers-transports.haut-allier.eu\/wp-content\/uploads\/2021\/03\/screenshot-www.ter_.sncf_.com-2021.03.17-15_02_49.jpg 736w, https:\/\/usagers-transports.haut-allier.eu\/wp-content\/uploads\/2021\/03\/screenshot-www.ter_.sncf_.com-2021.03.17-15_02_49-300x132.jpg 300w\" sizes=\"auto, (max-width: 736px) 100vw, 736px\" \/><br \/>\n&nbsp;<br \/>\nEgalement sur la ligne Labastide Mende Marvejols.<br \/>\n&nbsp;<br \/>\nContact\u00e9es les deux r\u00e9gions Occitanie et Auvergne Rh\u00f4ne Alpes nous disaient en fin de soir\u00e9e attendre des informations de SNCF R\u00e9seau.<br \/>\n&nbsp;<br \/>\nMais de l\u00e0 \u00e0 dire que tout avait \u00e9t\u00e9 pr\u00e9vu&#8230; Disons que c&rsquo;\u00e9tait un incident&#8230; planifi\u00e9 hein ? D&rsquo;ailleurs la fiche horaire \u00e9tait aussi t\u00f4t disponible sur Twitter :<br \/>\n&nbsp;<br \/>\n<img loading=\"lazy\" decoding=\"async\" class=\" aligncenter size-full wp-image-3258\" src=\"http:\/\/5.45.101.177\/haut-allier\/usagers-transportse\/wp-content\/uploads\/2021\/03\/ewsuwgsuuaa3m4b.png\" alt=\"ewsuwgsuuaa3m4b.png\" align=\"center\" width=\"573\" height=\"664\" srcset=\"https:\/\/usagers-transports.haut-allier.eu\/wp-content\/uploads\/2021\/03\/ewsuwgsuuaa3m4b.png 573w, https:\/\/usagers-transports.haut-allier.eu\/wp-content\/uploads\/2021\/03\/ewsuwgsuuaa3m4b-259x300.png 259w\" sizes=\"auto, (max-width: 573px) 100vw, 573px\" \/><br \/>\n&nbsp;<br \/>\n<strong>Et les comptes officiels Twitter de SNCF TER AuRa et LiO Occitanie en savaient bien plus puisqu&rsquo;ils affirmaient que les coupures de ce mercredi dureraient jusqu&rsquo;au 29 mars, date du d\u00e9but des travaux de 3 mois. <\/strong><br \/>\n&nbsp;<br \/>\nTout \u00e9tait bien pr\u00e9par\u00e9. Tellement que m\u00eame les minibus descendant dans les gorges de l&rsquo;Allier (Alleyras et Monistrol) \u00e9taient aussit\u00f4t propos\u00e9s sur les sites Internet.<br \/>\n&nbsp;<br \/>\n<strong>Oui SNCF nous prend vraiment pour des pigeons. Vivement du changement. <\/strong><br \/>\n&nbsp;<br \/>\n[fond rouge][blanc]<strong>Reprise des circulations le 2 juillet. Entre temps polluez un max avec vos v\u00e9hicules personnels.<br \/>\n <\/strong>[\/blanc][\/fond rouge]<br \/>\n&nbsp;<br \/>\n<strong>Nous demandons avec insistance, avec les \u00e9lus et les communes de la ligne, le renouvellement complet, la r\u00e9g\u00e9n\u00e9ration de la voie, rails ballast et traverses de toutes les lignes du Massif central pour les ramener au niveau pour lequel elles ont \u00e9t\u00e9 con\u00e7ues ! Stop et ras le bol des p\u00e9tassages \u00e0 deux balles et de l&rsquo;opacit\u00e9 de la gestion de SNCF R\u00e9seau ! <\/strong><br \/>\n&nbsp;<br \/>\n[fond rouge][noir]<strong>MAJ du 19 mars 11h00 : Pr\u00e9cisions de la SNCF<\/strong>[\/noir][\/fond rouge]<br \/>\n&nbsp;<br \/>\nNous recevons \u00e0 l&rsquo;instant la r\u00e9ponse suivante :<br \/>\n&nbsp;<br \/>\n<img loading=\"lazy\" decoding=\"async\" class=\" aligncenter size-full wp-image-3259\" src=\"http:\/\/5.45.101.177\/haut-allier\/usagers-transportse\/wp-content\/uploads\/2021\/03\/cp-sncf-cevenol-19-mars-2021.jpg\" alt=\"cp-sncf-cevenol-19-mars-2021.jpg\" align=\"center\" width=\"1311\" height=\"1874\" srcset=\"https:\/\/usagers-transports.haut-allier.eu\/wp-content\/uploads\/2021\/03\/cp-sncf-cevenol-19-mars-2021.jpg 1311w, https:\/\/usagers-transports.haut-allier.eu\/wp-content\/uploads\/2021\/03\/cp-sncf-cevenol-19-mars-2021-210x300.jpg 210w, https:\/\/usagers-transports.haut-allier.eu\/wp-content\/uploads\/2021\/03\/cp-sncf-cevenol-19-mars-2021-716x1024.jpg 716w, https:\/\/usagers-transports.haut-allier.eu\/wp-content\/uploads\/2021\/03\/cp-sncf-cevenol-19-mars-2021-768x1098.jpg 768w, https:\/\/usagers-transports.haut-allier.eu\/wp-content\/uploads\/2021\/03\/cp-sncf-cevenol-19-mars-2021-1075x1536.jpg 1075w\" sizes=\"auto, (max-width: 1311px) 100vw, 1311px\" \/><br \/>\n&nbsp;<br \/>\n[rouge]<strong>A la lecture du communiqu\u00e9 nous r\u00e9agissons \u00e0 nouveau : Mais non il ne s&rsquo;agit pas de r\u00e9g\u00e9n\u00e9ration compl\u00e8te, le changement perp\u00e9tuel de traverses tous les ans on conna\u00eet ! Nous voulons la refonte de la voie, ballast traverses et rails sur toute la section Langogne Langeac !  <\/strong>[\/rouge]<br \/>\n&nbsp;<br \/>\n[rouge]Nous venons aussi de demander des pr\u00e9cisions concernant la desserte des gares de Chapeauroux Alleyras et Monistrol d&rsquo;Allier puisque pour elles rien n&rsquo;est semble-t-il pr\u00e9vu.[\/rouge]<br \/>\n&nbsp;<br \/>\n<strong>Dans la presse :<\/strong><br \/>\n&nbsp;<br \/>\n&#8211; La Montagne du 20 mars 2021 : <a href=\"https:\/\/www.lamontagne.fr\/brioude-43100\/actualites\/la-circulation-des-trains-coupee-avec-dix-jours-d-avance-sur-une-portion-de-la-ligne-des-cevennes-haute-loire_13929583\/\"><em>La circulation des trains coup\u00e9e avec dix jours d&rsquo;avance sur une portion de la ligne des C\u00e9vennes (Haute-Loire)<\/em><\/a><br \/>\n&nbsp;<br \/>\n<img loading=\"lazy\" decoding=\"async\" class=\" aligncenter size-full wp-image-3260\" src=\"http:\/\/5.45.101.177\/haut-allier\/usagers-transportse\/wp-content\/uploads\/2021\/03\/screenshot-www.lamontagne.fr-2021.03.20-07_12_53-scaled.jpg\" alt=\"screenshot-www.lamontagne.fr-2021.03.20-07_12_53.jpg\" align=\"center\" width=\"732\" height=\"2560\" srcset=\"https:\/\/usagers-transports.haut-allier.eu\/wp-content\/uploads\/2021\/03\/screenshot-www.lamontagne.fr-2021.03.20-07_12_53-scaled.jpg 732w, https:\/\/usagers-transports.haut-allier.eu\/wp-content\/uploads\/2021\/03\/screenshot-www.lamontagne.fr-2021.03.20-07_12_53-86x300.jpg 86w, https:\/\/usagers-transports.haut-allier.eu\/wp-content\/uploads\/2021\/03\/screenshot-www.lamontagne.fr-2021.03.20-07_12_53-293x1024.jpg 293w, https:\/\/usagers-transports.haut-allier.eu\/wp-content\/uploads\/2021\/03\/screenshot-www.lamontagne.fr-2021.03.20-07_12_53-768x2687.jpg 768w, https:\/\/usagers-transports.haut-allier.eu\/wp-content\/uploads\/2021\/03\/screenshot-www.lamontagne.fr-2021.03.20-07_12_53-439x1536.jpg 439w\" sizes=\"auto, (max-width: 732px) 100vw, 732px\" \/><br \/>\n&nbsp;<br \/>\n[fond rouge][blanc]Concernant la desserte des gares des gorges de l&rsquo;Allier aucune information suppl\u00e9mentaire ne nous est parvenue au 20 mars.[\/blanc][\/fond rouge]<br \/>\n&nbsp;<\/p>\n","protected":false},"excerpt":{"rendered":"<p>C&rsquo;est un scandale. Depuis midi ce jour tout le trafic des trains sur la ligne des C\u00e9vennes est<\/p>\n","protected":false},"author":1,"featured_media":3255,"comment_status":"open","ping_status":"open","sticky":false,"template":"","format":"standard","meta":{"footnotes":""},"categories":[2],"tags":[],"class_list":["post-755","post","type-post","status-publish","format-standard","has-post-thumbnail","hentry","category-infos"],"_links":{"self":[{"href":"https:\/\/usagers-transports.haut-allier.eu\/index.php\/wp-json\/wp\/v2\/posts\/755","targetHints":{"allow":["GET"]}}],"collection":[{"href":"https:\/\/usagers-transports.haut-allier.eu\/index.php\/wp-json\/wp\/v2\/posts"}],"about":[{"href":"https:\/\/usagers-transports.haut-allier.eu\/index.php\/wp-json\/wp\/v2\/types\/post"}],"author":[{"embeddable":true,"href":"https:\/\/usagers-transports.haut-allier.eu\/index.php\/wp-json\/wp\/v2\/users\/1"}],"replies":[{"embeddable":true,"href":"https:\/\/usagers-transports.haut-allier.eu\/index.php\/wp-json\/wp\/v2\/comments?post=755"}],"version-history":[{"count":0,"href":"https:\/\/usagers-transports.haut-allier.eu\/index.php\/wp-json\/wp\/v2\/posts\/755\/revisions"}],"wp:featuredmedia":[{"embeddable":true,"href":"https:\/\/usagers-transports.haut-allier.eu\/index.php\/wp-json\/wp\/v2\/media\/3255"}],"wp:attachment":[{"href":"https:\/\/usagers-transports.haut-allier.eu\/index.php\/wp-json\/wp\/v2\/media?parent=755"}],"wp:term":[{"taxonomy":"category","embeddable":true,"href":"https:\/\/usagers-transports.haut-allier.eu\/index.php\/wp-json\/wp\/v2\/categories?post=755"},{"taxonomy":"post_tag","embeddable":true,"href":"https:\/\/usagers-transports.haut-allier.eu\/index.php\/wp-json\/wp\/v2\/tags?post=755"}],"curies":[{"name":"wp","href":"https:\/\/api.w.org\/{rel}","templated":true}]}}