{"id":756,"date":"2021-03-18T13:41:28","date_gmt":"2021-03-18T12:41:28","guid":{"rendered":"http:\/\/5.45.101.177\/haut-allier\/usagers-transportse\/index.php\/2021\/03\/18\/18-26-ans-dernier-jour-pour-s756\/"},"modified":"2021-03-18T13:41:28","modified_gmt":"2021-03-18T12:41:28","slug":"18-26-ans-dernier-jour-pour-s756","status":"publish","type":"post","link":"https:\/\/usagers-transports.haut-allier.eu\/index.php\/2021\/03\/18\/18-26-ans-dernier-jour-pour-s756\/","title":{"rendered":"18 &#8211; 26 ans : dernier jour pour s&rsquo;inscrire \u00e0 la gratuit\u00e9 des TER Occitanie"},"content":{"rendered":"<p>Un dernier rappel pour participer \u00e0 l\u2019exp\u00e9rience sur la gratuit\u00e9 des TER pour les jeunes en Occitanie.<br \/>\n&nbsp;<br \/>\nLa r\u00e9gion propose \u00e0 plus de 2000 jeunes de tester la formule et si l\u2019exp\u00e9rience est concluante elle sera g\u00e9n\u00e9ralis\u00e9e \u00e0 tous les 18 \u2013 26 ans au mois de septembre.<br \/>\n&nbsp;<br \/>\nL\u2019inscription est ouverte en ligne jusqu\u2019\u00e0 demain sur <a href=\"https:\/\/www.ter.sncf.com\/occitanie\">www.ter.sncf.com\/occitanie<br \/>\n<\/a><br \/>\n&nbsp;<br \/>\nLe 8 f\u00e9vrier dernier la pr\u00e9sidente de la R\u00e9gion Occitanie et le directeur r\u00e9gional SNCF Voyageurs Occitanie ont annonc\u00e9 l&rsquo;exp\u00e9rimentation de la gratuit\u00e9 des trains r\u00e9gionaux liO pour les jeunes \u00e2g\u00e9s de 18 \u00e0 26 ans. Les candidatures en ligne sont ouvertes depuis le lundi 22 f\u00e9vrier et se cl\u00f4tureront ce vendredi 19 mars. Plus de 2 740 jeunes ont d\u00e9j\u00e0 d\u00e9pos\u00e9 leur candidature, mais pour que le panel soit le plus repr\u00e9sentatif possible, les inscriptions sont toujours les bienvenues !<br \/>\n&nbsp;<br \/>\nL&rsquo;objectif de cette mesure unique en France est de proposer aux jeunes \u00e2g\u00e9s de 18 \u00e0 26 ans de voyager gratuitement dans une logique de contrat de fid\u00e9lit\u00e9 sans engagement. Le principe est simple, \u00ab je voyage plus, je paye 0 \u00bb, et se mat\u00e9rialise par la cr\u00e9ation d&rsquo;un \u00ab compte mobilit\u00e9 \u00bb cr\u00e9dit\u00e9 au gr\u00e9 des voyages.<br \/>\n&nbsp;<br \/>\n<strong>Un panel test repr\u00e9sentatif de la jeunesse d&rsquo;Occitanie<\/strong><br \/>\n&nbsp;<br \/>\nPour candidater, il suffit d&rsquo;\u00eatre \u00e2g\u00e9 de 18 \u00e0 26 ans, de r\u00e9sider en Occitanie et de r\u00e9pondre \u00e0 une enqu\u00eate de mobilit\u00e9. Au-del\u00e0 de 2 000 inscriptions sur la p\u00e9riode, un tirage au sort en fonction du territoire d&rsquo;habitation, des motifs de d\u00e9placement (\u00e9tudiants ou \u00e9l\u00e8ves ou alternants, sans emplois, ind\u00e9pendants, activit\u00e9s salari\u00e9, apprentis), et de l&rsquo;intention de d\u00e9placement des candidats d\u00e8s le mois d&rsquo;avril, permettra de s\u00e9lectionner les participants. Le panel sera repr\u00e9sentatif des territoires et des jeunes habitants d&rsquo;Occitanie. A ce jour, sur les 2 740 inscrits, un quart d&rsquo;entre eux ne sont pas des usagers des transports liO.<br \/>\n&nbsp;<br \/>\n<strong>Comment \u00e7a marche ?<\/strong><br \/>\n&nbsp;<br \/>\nSans engagement et totalement d\u00e9mat\u00e9rialis\u00e9, ce dispositif sera mis en \u0153uvre via une application mobile \u00e0 l&rsquo;usage simplissime : apr\u00e8s une inscription rapide, il suffira de \u00ab cliquer \u00bb \u00e0 la mont\u00e9e et \u00e0 la descente du train pour chaque trajet. La gratuit\u00e9 est ensuite progressive et se d\u00e9clenche d\u00e8s que l&rsquo;usager atteint le nombre de trajets \u00ab cible \u00bb.<br \/>\n&nbsp;<br \/>\n&#8211; Pour les 5 premiers allers-retours (10 premiers trajets du mois) : l&rsquo;usager b\u00e9n\u00e9ficie de la tarification \u00e0 &#8211; 50% sans autre engagement n\u00e9cessaire de sa part,<br \/>\n&#8211; Du 6\u00e8me au 10\u00e8me allers-retours (du 11\u00e8me au 20\u00e8me trajet du mois) : l&rsquo;usager voyage gratuitement,<br \/>\n&#8211; A partir du 11\u00e8me aller-retour et jusqu&rsquo;au 15\u00e8me (du 21\u00e8me au 30\u00e8me trajet) : son \u00ab compte mobilit\u00e9 \u00bb est cr\u00e9dit\u00e9 progressivement pour lui permettre de voyager gratuitement le mois suivant.<br \/>\n&nbsp;<br \/>\n<em>[source : communiqu\u00e9 de presse r\u00e9gion Occitanie] <\/em> <\/p>\n","protected":false},"excerpt":{"rendered":"<p>Un dernier rappel pour participer \u00e0 l\u2019exp\u00e9rience sur la gratuit\u00e9 des TER pour les jeunes en Occitanie. &nbsp;<\/p>\n","protected":false},"author":1,"featured_media":3261,"comment_status":"open","ping_status":"open","sticky":false,"template":"","format":"standard","meta":{"footnotes":""},"categories":[2],"tags":[],"class_list":["post-756","post","type-post","status-publish","format-standard","has-post-thumbnail","hentry","category-infos"],"_links":{"self":[{"href":"https:\/\/usagers-transports.haut-allier.eu\/index.php\/wp-json\/wp\/v2\/posts\/756","targetHints":{"allow":["GET"]}}],"collection":[{"href":"https:\/\/usagers-transports.haut-allier.eu\/index.php\/wp-json\/wp\/v2\/posts"}],"about":[{"href":"https:\/\/usagers-transports.haut-allier.eu\/index.php\/wp-json\/wp\/v2\/types\/post"}],"author":[{"embeddable":true,"href":"https:\/\/usagers-transports.haut-allier.eu\/index.php\/wp-json\/wp\/v2\/users\/1"}],"replies":[{"embeddable":true,"href":"https:\/\/usagers-transports.haut-allier.eu\/index.php\/wp-json\/wp\/v2\/comments?post=756"}],"version-history":[{"count":0,"href":"https:\/\/usagers-transports.haut-allier.eu\/index.php\/wp-json\/wp\/v2\/posts\/756\/revisions"}],"wp:featuredmedia":[{"embeddable":true,"href":"https:\/\/usagers-transports.haut-allier.eu\/index.php\/wp-json\/wp\/v2\/media\/3261"}],"wp:attachment":[{"href":"https:\/\/usagers-transports.haut-allier.eu\/index.php\/wp-json\/wp\/v2\/media?parent=756"}],"wp:term":[{"taxonomy":"category","embeddable":true,"href":"https:\/\/usagers-transports.haut-allier.eu\/index.php\/wp-json\/wp\/v2\/categories?post=756"},{"taxonomy":"post_tag","embeddable":true,"href":"https:\/\/usagers-transports.haut-allier.eu\/index.php\/wp-json\/wp\/v2\/tags?post=756"}],"curies":[{"name":"wp","href":"https:\/\/api.w.org\/{rel}","templated":true}]}}