{"id":758,"date":"2021-03-25T08:29:33","date_gmt":"2021-03-25T07:29:33","guid":{"rendered":"http:\/\/5.45.101.177\/haut-allier\/usagers-transportse\/index.php\/2021\/03\/25\/le-retour-du-train-de-nuit-et-le758\/"},"modified":"2021-03-25T08:29:33","modified_gmt":"2021-03-25T07:29:33","slug":"le-retour-du-train-de-nuit-et-le758","status":"publish","type":"post","link":"https:\/\/usagers-transports.haut-allier.eu\/index.php\/2021\/03\/25\/le-retour-du-train-de-nuit-et-le758\/","title":{"rendered":"Le retour du train de nuit et le renouvellement de la voie de la ligne des C\u00e9vennes demand\u00e9 par les 34 communes riveraines"},"content":{"rendered":"<p>Des communes toutes situ\u00e9es donc le long de la ligne du train C\u00e9venol entre Clermont-Ferrand et N\u00eemes. Faisons un point ce jour alors que le rapport sur les trains Intercit\u00e9s et les trains de nuit n&rsquo;a pas encore \u00e9t\u00e9 fourni officiellement par le gouvernement aux d\u00e9put\u00e9s, seules des fuites ont eu lieu dans la presse. Par ordre ant\u00e9chronologique :<br \/>\n&nbsp;<br \/>\n&#8211; Brignon (Gard)<br \/>\n&#8211; Saint-Laurent Chabreuges (Haute Loire)<br \/>\n&#8211; Prades (Haute-Loire)<br \/>\n&#8211; Saint-Haon (Haute-Loire)<br \/>\n&#8211; Ribaute les Tavernes (Gard)<br \/>\n&#8211; Salindres (Gard)<br \/>\n&#8211; Beaumont (Haute-Loire)<br \/>\n&#8211; Bouillargues (Gard)<br \/>\n&#8211; N\u00eemes (Gard)<br \/>\n&#8211; Loubaresse (Ard\u00e8che)<br \/>\n&#8211; Auroux (Loz\u00e8re)<br \/>\n&#8211; Sainte-Anastasie (Gard)<br \/>\n&#8211; Salles du Gardon (Gard)<br \/>\n&#8211; Maru\u00e9jols l\u00e8s Gardon (Gard)<br \/>\n&#8211; Cendras (Gard)<br \/>\n&#8211; Parignargues (Gard)<br \/>\n&#8211; Lesp\u00e9ron (Ard\u00e8che)<br \/>\n&#8211; Pr\u00e9vench\u00e8res (Loz\u00e8re)<br \/>\n&#8211; Laveyrune (Loz\u00e8re)<br \/>\n&#8211; Les Pradeaux (Puy de D\u00f4me)<br \/>\n&#8211; Malons et Elze (Gard)<br \/>\n&#8211; Langogne (Loz\u00e8re)<br \/>\n&#8211; Saint-Andr\u00e9 Capc\u00e8ze (Loz\u00e8re)<br \/>\n&#8211; Altier (Loz\u00e8re)<br \/>\n&#8211; Brioude (Haute-Loire)<br \/>\n&#8211; Monistrol d&rsquo;Allier (Haute-Loire)<br \/>\n&#8211; Labastide Puylaurent (Loz\u00e8re)<br \/>\n&#8211; Alleyras (Haute-Loire)<br \/>\n&#8211; Sainte-Florine (Puy de D\u00f4me)<br \/>\n&#8211; Paulhaguet (Haute-Loire)<br \/>\n&#8211; La GrandCombe (Gard)<br \/>\n&#8211; Chamborigaud (Gard)<br \/>\n&#8211; G\u00e9nolhac (Gard)<br \/>\n&#8211; Vieille Brioude (Haute-Loire)<\/p>\n<p>&nbsp;<br \/>\nLes d\u00e9lib\u00e9rations demandant le retour du train de nuit N\u00eemes Clermont Paris ont pour la majorit\u00e9 des communes \u00e9t\u00e9 adopt\u00e9es \u00e0 l&rsquo;unanimit\u00e9 du conseil municipal.<br \/>\n&nbsp;<br \/>\nLa carte des communes engag\u00e9es qui ont vot\u00e9 ce voeu est <a href=\"https:\/\/umap.openstreetmap.fr\/fr\/map\/elus-municipaux-qui-sengagent-pour-les-trains-de-n_477270#7\/44.245\/4.548\"><strong>consultable ici<\/strong><\/a> sur le site du Collectif Oui au Train de Nuit.<br \/>\n&nbsp;<br \/>\nDe plus en plus de d\u00e9put\u00e9s et s\u00e9nateurs se sont \u00e9galement engag\u00e9s et ont pos\u00e9 des questions au gouvernement \u00e0 ce sujet. Nous vous en avons d\u00e9j\u00e0 parl\u00e9.<br \/>\n&nbsp;<br \/>\n<strong>La presse relate :<\/strong><br \/>\n&nbsp;<br \/>\n&#8211; La Montagne du 24 mars 2021 : <a href=\"https:\/\/www.lamontagne.fr\/brioude-43100\/actualites\/collectifs-et-elus-poussent-pour-le-retour-du-train-de-nuit-sur-la-ligne-du-cevenol-haute-loire_13930479\/\"><em>Collectifs et \u00e9lus poussent pour le retour du train de nuit sur la ligne du C\u00e9venol (Haute-Loire)<\/em><\/a><br \/>\n<img loading=\"lazy\" decoding=\"async\" class=\" aligncenter size-full wp-image-3264\" src=\"http:\/\/5.45.101.177\/haut-allier\/usagers-transportse\/wp-content\/uploads\/2021\/03\/screenshot-www.lamontagne.fr-2021.03.25-08_15_05-scaled.jpg\" alt=\"screenshot-www.lamontagne.fr-2021.03.25-08_15_05.jpg\" align=\"center\" width=\"1035\" height=\"2560\" srcset=\"https:\/\/usagers-transports.haut-allier.eu\/wp-content\/uploads\/2021\/03\/screenshot-www.lamontagne.fr-2021.03.25-08_15_05-scaled.jpg 1035w, https:\/\/usagers-transports.haut-allier.eu\/wp-content\/uploads\/2021\/03\/screenshot-www.lamontagne.fr-2021.03.25-08_15_05-121x300.jpg 121w, https:\/\/usagers-transports.haut-allier.eu\/wp-content\/uploads\/2021\/03\/screenshot-www.lamontagne.fr-2021.03.25-08_15_05-414x1024.jpg 414w, https:\/\/usagers-transports.haut-allier.eu\/wp-content\/uploads\/2021\/03\/screenshot-www.lamontagne.fr-2021.03.25-08_15_05-768x1900.jpg 768w, https:\/\/usagers-transports.haut-allier.eu\/wp-content\/uploads\/2021\/03\/screenshot-www.lamontagne.fr-2021.03.25-08_15_05-621x1536.jpg 621w, https:\/\/usagers-transports.haut-allier.eu\/wp-content\/uploads\/2021\/03\/screenshot-www.lamontagne.fr-2021.03.25-08_15_05-828x2048.jpg 828w\" sizes=\"auto, (max-width: 1035px) 100vw, 1035px\" \/><\/p>\n<p>&#8211; L&rsquo;Eveil du 24 mars 2021 : <a href=\"https:\/\/www.leveil.fr\/brioude-43100\/actualites\/collectifs-et-elus-poussent-pour-le-retour-du-train-de-nuit-sur-la-ligne-du-cevenol-haute-loire_13930479\/\">Transport &#8211; Collectifs et \u00e9lus poussent pour le retour du train de nuit sur la ligne du C\u00e9venol (Haute-Loire)<\/a><\/p>\n","protected":false},"excerpt":{"rendered":"<p>Des communes toutes situ\u00e9es donc le long de la ligne du train C\u00e9venol entre Clermont-Ferrand et N\u00eemes. Faisons<\/p>\n","protected":false},"author":1,"featured_media":3263,"comment_status":"open","ping_status":"open","sticky":false,"template":"","format":"standard","meta":{"footnotes":""},"categories":[2],"tags":[],"class_list":["post-758","post","type-post","status-publish","format-standard","has-post-thumbnail","hentry","category-infos"],"_links":{"self":[{"href":"https:\/\/usagers-transports.haut-allier.eu\/index.php\/wp-json\/wp\/v2\/posts\/758","targetHints":{"allow":["GET"]}}],"collection":[{"href":"https:\/\/usagers-transports.haut-allier.eu\/index.php\/wp-json\/wp\/v2\/posts"}],"about":[{"href":"https:\/\/usagers-transports.haut-allier.eu\/index.php\/wp-json\/wp\/v2\/types\/post"}],"author":[{"embeddable":true,"href":"https:\/\/usagers-transports.haut-allier.eu\/index.php\/wp-json\/wp\/v2\/users\/1"}],"replies":[{"embeddable":true,"href":"https:\/\/usagers-transports.haut-allier.eu\/index.php\/wp-json\/wp\/v2\/comments?post=758"}],"version-history":[{"count":0,"href":"https:\/\/usagers-transports.haut-allier.eu\/index.php\/wp-json\/wp\/v2\/posts\/758\/revisions"}],"wp:featuredmedia":[{"embeddable":true,"href":"https:\/\/usagers-transports.haut-allier.eu\/index.php\/wp-json\/wp\/v2\/media\/3263"}],"wp:attachment":[{"href":"https:\/\/usagers-transports.haut-allier.eu\/index.php\/wp-json\/wp\/v2\/media?parent=758"}],"wp:term":[{"taxonomy":"category","embeddable":true,"href":"https:\/\/usagers-transports.haut-allier.eu\/index.php\/wp-json\/wp\/v2\/categories?post=758"},{"taxonomy":"post_tag","embeddable":true,"href":"https:\/\/usagers-transports.haut-allier.eu\/index.php\/wp-json\/wp\/v2\/tags?post=758"}],"curies":[{"name":"wp","href":"https:\/\/api.w.org\/{rel}","templated":true}]}}