{"id":759,"date":"2021-03-27T09:49:37","date_gmt":"2021-03-27T08:49:37","guid":{"rendered":"http:\/\/5.45.101.177\/haut-allier\/usagers-transportse\/index.php\/2021\/03\/27\/l-etat-travaillerait-sur-de759\/"},"modified":"2021-03-27T09:49:37","modified_gmt":"2021-03-27T08:49:37","slug":"l-etat-travaillerait-sur-de759","status":"publish","type":"post","link":"https:\/\/usagers-transports.haut-allier.eu\/index.php\/2021\/03\/27\/l-etat-travaillerait-sur-de759\/","title":{"rendered":"L\u2019Etat travaillerait sur de nouveaux Intercit\u00e9s inter-r\u00e9gionaux et devinons&#8230; rien de pr\u00e9vu pour le massif central"},"content":{"rendered":"<p>Bien entendu. Pour sortir de l\u2019hypercentralisation parisienne du r\u00e9seau ferr\u00e9 fran\u00e7ais, apr\u00e8s avoir tent\u00e9 de refiler ces TET aux r\u00e9gions, fortement incit\u00e9 par les propositions concurrentes \u00e0 la SNCF qui commencent \u00e0 voir le jour comme celles de RailCoop ou Transdev, le gouvernement \u00e9tudierait le d\u00e9ploiement de nouveaux trains d&rsquo;\u00e9quilibre du territoire \u00ab\u00a0\u00e9co\u00a0\u00bb, nous indique le webzine <a href=\"http:\/\/raildusud.canalblog.com\/archives\/2021\/03\/13\/38852425.html\"><em>Raildusud<\/em><\/a>.<br \/>\n&nbsp;<br \/>\n4 liaisons nouvelles seraient envisag\u00e9es, la plupart du temps des trajets ayant exist\u00e9 mais abandonn\u00e9s par la SNCF, mais rien pour le massif central. Seule une liaison Orl\u00e9ans Clermont ou Lyon serait planifi\u00e9e. Car vous le savez on a tous envie d&rsquo;aller \u00e0 Orl\u00e9ans&#8230; c&rsquo;est une destination majeure pour tous les auvergnats.<br \/>\n&nbsp;<br \/>\nLa morale de l&rsquo;histoire c&rsquo;est quand m\u00eame que le gouvernement qui refuse avec SNCF la remise \u00e0 niveau des lignes ferroviaires rurales vitales pour le pays essaie d\u00e9sormais de monter des propositions qu&rsquo;il pense juteuses sur les axes qu&rsquo;il a abandonn\u00e9. Il aurait mieux \u00e0 faire en \u00e9quipant les territoires correctement !<br \/>\n&nbsp;<br \/>\n<strong>Nous demandons \u00e0 l&rsquo;\u00e9tat d&rsquo;envisager urgemment et d&rsquo;abord le renouvellement des lignes existantes et ferm\u00e9es r\u00e9cemment du massif central. Le petit jeu politique du \u00ab\u00a0Non je ne veux rien financer et je repasse la patate chaude aux r\u00e9gions et aux collectivit\u00e9s locales\u00a0\u00bb a assez dur\u00e9. Ce que tous les usagers exigent d\u00e9sormais c&rsquo;est un r\u00e9seau parfaitement interconnect\u00e9, p\u00e9renne, s\u00fbr, permettant l&rsquo;irrigation de tous les territoires et une circulation des trains toute l&rsquo;ann\u00e9e sans coupures, oui, m\u00eame en Auvergne, m\u00eame en C\u00e9vennes et m\u00eame sur l&rsquo;Aubrac.<\/strong><br \/>\n&nbsp;<br \/>\nLisons toutefois cet article int\u00e9ressant qui reprend des informations de <a href=\"http:\/\/transportrail.canalblog.com\/archives\/2021\/03\/03\/38835821.html\"><em>Transportail<\/em> <\/a> et de la <a href=\"https:\/\/www.mobilettre.com\/\"><em>Mobilettre<\/em><\/a> une lettre professionnelle d\u00e9di\u00e9e aux transports.<br \/>\n&nbsp;<br \/>\nOui il reste encore un embryon de r\u00e9seau pour faire rouler des trains entre les r\u00e9gions ! Ci dessous l&rsquo;\u00e9tat du r\u00e9seau ferroviaire fran\u00e7ais en d\u00e9cembre 2011 selon le site <a href=\"http:\/\/bueker.net\/\"><em>bueker.net<\/em><\/a><br \/>\n&nbsp;<br \/>\n<img loading=\"lazy\" decoding=\"async\" class=\" aligncenter size-full wp-image-3266\" src=\"http:\/\/5.45.101.177\/haut-allier\/usagers-transportse\/wp-content\/uploads\/2021\/03\/france_french.gif\" alt=\"france_french.gif\" align=\"center\" width=\"1186\" height=\"1375\" \/><br \/>\n&nbsp;<br \/>\nMais nous devons en \u00eatre conscient, SNCF n&rsquo;a eu de cesse d\u00e8s que l&rsquo;Etat lui a confi\u00e9 la gestion du r\u00e9seau ferroviaire du pays de le r\u00e9duire \u00e0 peau de chagrin, de fermer des lignes pour les supprimer d\u00e9finitivement : <em>\u00ab\u00a0Car le r\u00e9seau qui a \u00e9t\u00e9 patiemment d\u00e9mantel\u00e9 depuis 80 ans promettait, quelques ann\u00e9es seulement avant la constitution de la SNCF en 1938, de se d\u00e9velopper encore\u00a0\u00bb<\/em> nous indique dans un article l\u00e0 aussi tr\u00e8s int\u00e9ressant le m\u00eame site <a href=\"http:\/\/raildusud.canalblog.com\/archives\/2021\/03\/19\/38831479.html#utm_medium=email&#038;utm_source=notification&#038;utm_campaign=raildusud\"><em>RailduSud<\/em><\/a>. Il est cit\u00e9 dans notre r\u00e9gion la ligne Transc\u00e9venole Le Puy en Velay &#8211; Lalevade d&rsquo;Ard\u00e8che et Bess\u00e8ges &#8211; Chamborigaud, deux projets port\u00e9s par l&rsquo;ancienne compagnie PLM.  A lire urgemment.<\/p>\n","protected":false},"excerpt":{"rendered":"<p>Bien entendu. Pour sortir de l\u2019hypercentralisation parisienne du r\u00e9seau ferr\u00e9 fran\u00e7ais, apr\u00e8s avoir tent\u00e9 de refiler ces TET<\/p>\n","protected":false},"author":1,"featured_media":3265,"comment_status":"open","ping_status":"open","sticky":false,"template":"","format":"standard","meta":{"footnotes":""},"categories":[2],"tags":[],"class_list":["post-759","post","type-post","status-publish","format-standard","has-post-thumbnail","hentry","category-infos"],"_links":{"self":[{"href":"https:\/\/usagers-transports.haut-allier.eu\/index.php\/wp-json\/wp\/v2\/posts\/759","targetHints":{"allow":["GET"]}}],"collection":[{"href":"https:\/\/usagers-transports.haut-allier.eu\/index.php\/wp-json\/wp\/v2\/posts"}],"about":[{"href":"https:\/\/usagers-transports.haut-allier.eu\/index.php\/wp-json\/wp\/v2\/types\/post"}],"author":[{"embeddable":true,"href":"https:\/\/usagers-transports.haut-allier.eu\/index.php\/wp-json\/wp\/v2\/users\/1"}],"replies":[{"embeddable":true,"href":"https:\/\/usagers-transports.haut-allier.eu\/index.php\/wp-json\/wp\/v2\/comments?post=759"}],"version-history":[{"count":0,"href":"https:\/\/usagers-transports.haut-allier.eu\/index.php\/wp-json\/wp\/v2\/posts\/759\/revisions"}],"wp:featuredmedia":[{"embeddable":true,"href":"https:\/\/usagers-transports.haut-allier.eu\/index.php\/wp-json\/wp\/v2\/media\/3265"}],"wp:attachment":[{"href":"https:\/\/usagers-transports.haut-allier.eu\/index.php\/wp-json\/wp\/v2\/media?parent=759"}],"wp:term":[{"taxonomy":"category","embeddable":true,"href":"https:\/\/usagers-transports.haut-allier.eu\/index.php\/wp-json\/wp\/v2\/categories?post=759"},{"taxonomy":"post_tag","embeddable":true,"href":"https:\/\/usagers-transports.haut-allier.eu\/index.php\/wp-json\/wp\/v2\/tags?post=759"}],"curies":[{"name":"wp","href":"https:\/\/api.w.org\/{rel}","templated":true}]}}