{"id":76,"date":"2013-09-27T06:44:10","date_gmt":"2013-09-27T04:44:10","guid":{"rendered":"http:\/\/5.45.101.177\/haut-allier\/usagers-transportse\/index.php\/2013\/09\/27\/dysfonctionnements-ligne-du076\/"},"modified":"2026-09-01T15:53:12","modified_gmt":"2026-09-01T13:53:12","slug":"dysfonctionnements-ligne-du076","status":"publish","type":"post","link":"https:\/\/usagers-transports.haut-allier.eu\/index.php\/2013\/09\/27\/dysfonctionnements-ligne-du076\/","title":{"rendered":"Dysfonctionnements ligne du C\u00e9venol : L&rsquo;Auvergne se joint au Collectif des usagers pour demander des actes \u00e0 la SNCF"},"content":{"rendered":"<strong>Ren\u00e9 Souchon le pr\u00e9sident de r\u00e9gion vient de demander des explications \u00e0 la direction de la SNCF<\/strong> concernant les dysfonctionnements signal\u00e9s par le collectif des Usagers des Transports du Haut-Allier dans sa p\u00e9tition estivale. Sur le point des correspondances en gare de Clermont qui ont \u00e9t\u00e9 am\u00e9lior\u00e9s de quelques minutes mais qui restent impossibles vu les retards syst\u00e9matiques, sur les affichages en temps r\u00e9el des incidents dans les gares et haltes du massif central, sur la rupture de service pendant deux mois minimum tous les ans \u00e0 l&rsquo;automne pour travaux.\n\n<strong>En ce qui concerne notre demande de cr\u00e9ation d&rsquo;un train suppl\u00e9mentaire<\/strong> dans le Haut-Allier le matin t\u00f4t, point qui est de sa comp\u00e9tence, il indique que la r\u00e9gion ne peut financer un nouvelle offre ferroviaire sans ressources nouvelles vu la contribution d&rsquo;exploitation des TER factur\u00e9e par la SNCF sans cesse croissante, de 7% par an. Il indique par contre qu&rsquo;il est ouvert \u00e0 toute demande d&rsquo;am\u00e9lioration de l&rsquo;offre existante. Le collectif est invit\u00e9 \u00e0 travailler avec ses services sur ce point. Ce que nous ferons volontiers s&rsquo;il s&rsquo;av\u00e8re que ce type de r\u00e9unions en comit\u00e9 de ligne d\u00e9bouche sur des actions concr\u00e8tes.\n\nVoici la lettre re\u00e7ue ce 26 septembre ainsi que la demande d&rsquo;explications et l&rsquo;invitation \u00e0 agir de la r\u00e9gion Auvergne \u00e0 la SNCF. \n\n<img loading=\"lazy\" decoding=\"async\" class=\" aligncenter size-full wp-image-1469\" src=\"http:\/\/5.45.101.177\/haut-allier\/usagers-transportse\/wp-content\/uploads\/2013\/09\/lettre-auvergne-a.jpg\" alt=\"lettre-auvergne-a.jpg\" align=\"center\" width=\"800\" height=\"1131\" srcset=\"https:\/\/usagers-transports.haut-allier.eu\/wp-content\/uploads\/2013\/09\/lettre-auvergne-a.jpg 800w, https:\/\/usagers-transports.haut-allier.eu\/wp-content\/uploads\/2013\/09\/lettre-auvergne-a-212x300.jpg 212w, https:\/\/usagers-transports.haut-allier.eu\/wp-content\/uploads\/2013\/09\/lettre-auvergne-a-724x1024.jpg 724w, https:\/\/usagers-transports.haut-allier.eu\/wp-content\/uploads\/2013\/09\/lettre-auvergne-a-768x1086.jpg 768w\" sizes=\"auto, (max-width: 800px) 100vw, 800px\" \/>\n<img loading=\"lazy\" decoding=\"async\" class=\" aligncenter size-full wp-image-1470\" src=\"http:\/\/5.45.101.177\/haut-allier\/usagers-transportse\/wp-content\/uploads\/2013\/09\/lettre-auvergne-b.jpg\" alt=\"lettre-auvergne-b.jpg\" align=\"center\" width=\"800\" height=\"1131\" srcset=\"https:\/\/usagers-transports.haut-allier.eu\/wp-content\/uploads\/2013\/09\/lettre-auvergne-b.jpg 800w, https:\/\/usagers-transports.haut-allier.eu\/wp-content\/uploads\/2013\/09\/lettre-auvergne-b-212x300.jpg 212w, https:\/\/usagers-transports.haut-allier.eu\/wp-content\/uploads\/2013\/09\/lettre-auvergne-b-724x1024.jpg 724w, https:\/\/usagers-transports.haut-allier.eu\/wp-content\/uploads\/2013\/09\/lettre-auvergne-b-768x1086.jpg 768w\" sizes=\"auto, (max-width: 800px) 100vw, 800px\" \/>\n<img loading=\"lazy\" decoding=\"async\" class=\" aligncenter size-full wp-image-1471\" src=\"http:\/\/5.45.101.177\/haut-allier\/usagers-transportse\/wp-content\/uploads\/2013\/09\/lettre-auvergne-c.jpg\" alt=\"lettre-auvergne-c.jpg\" align=\"center\" width=\"800\" height=\"1131\" srcset=\"https:\/\/usagers-transports.haut-allier.eu\/wp-content\/uploads\/2013\/09\/lettre-auvergne-c.jpg 800w, https:\/\/usagers-transports.haut-allier.eu\/wp-content\/uploads\/2013\/09\/lettre-auvergne-c-212x300.jpg 212w, https:\/\/usagers-transports.haut-allier.eu\/wp-content\/uploads\/2013\/09\/lettre-auvergne-c-724x1024.jpg 724w, https:\/\/usagers-transports.haut-allier.eu\/wp-content\/uploads\/2013\/09\/lettre-auvergne-c-768x1086.jpg 768w\" sizes=\"auto, (max-width: 800px) 100vw, 800px\" \/>\n\n<strong>Pour expliquer l&rsquo;appui du pr\u00e9sident de r\u00e9gion \u00e0 notre grogne<\/strong> et en prenant un peu de hauteur, on sait que depuis longtemps les relations entre les r\u00e9gions et la SNCF \/ RFF sont tendues. Elles financent la r\u00e9novation en partie des infrastructures alors qu&rsquo;elles n&rsquo;y sont pas oblig\u00e9es, ceci n&rsquo;\u00e9tant pas un domaine de leur comp\u00e9tence, et leur participation pour l&rsquo;exploitation des TER r\u00e9gionaux par la SNCF ne cesse d&rsquo;augmenter sans ajout d&rsquo;aucun nouveaux services. La lecture de la tr\u00e8s int\u00e9ressante <a href=\"http:\/\/www.ifrap.org\/TER-Grandes-lignes-Transilien-pourquoi-les-tarifs-SNCF-augmentent,13235.html\">\u00e9tude<\/a> de la fondation IFRAP destin\u00e9e aux collectivit\u00e9s est \u00e9difiante \u00e0 ce sujet. \n\n<strong>Dans la presse :<\/strong>\n\n&#8211; l&rsquo;article de <a href=\"http:\/\/www.zoomdici.fr\/actualite\/Rene-Souchon-hausse-le-ton-au-sujet-de-la-ligne-du-Cevenol-id132281.html\">Zoom<\/a> d&rsquo;ici du 30 septembre 2013 :\n\n<img loading=\"lazy\" decoding=\"async\" class=\" aligncenter size-full wp-image-1472\" src=\"http:\/\/5.45.101.177\/haut-allier\/usagers-transportse\/wp-content\/uploads\/2013\/09\/zoom-2.jpg\" alt=\"zoom-2.jpg\" align=\"center\" width=\"536\" height=\"722\" srcset=\"https:\/\/usagers-transports.haut-allier.eu\/wp-content\/uploads\/2013\/09\/zoom-2.jpg 536w, https:\/\/usagers-transports.haut-allier.eu\/wp-content\/uploads\/2013\/09\/zoom-2-223x300.jpg 223w\" sizes=\"auto, (max-width: 536px) 100vw, 536px\" \/>\n\n&#8211; la br\u00e8ve de <a href=\"http:\/\/www.hauteloireinfos.fr\/detail_breves.php?id=1976\">Haute-Loire Infos<\/a> du 30 septembre 2013 :\n\n<img loading=\"lazy\" decoding=\"async\" class=\" aligncenter size-full wp-image-1473\" src=\"http:\/\/5.45.101.177\/haut-allier\/usagers-transportse\/wp-content\/uploads\/2013\/09\/capt.jpg\" alt=\"capt.jpg\" align=\"center\" width=\"705\" height=\"450\" srcset=\"https:\/\/usagers-transports.haut-allier.eu\/wp-content\/uploads\/2013\/09\/capt.jpg 705w, https:\/\/usagers-transports.haut-allier.eu\/wp-content\/uploads\/2013\/09\/capt-300x191.jpg 300w\" sizes=\"auto, (max-width: 705px) 100vw, 705px\" \/>\n\n&#8211; l&rsquo;info de <a href=\"http:\/\/www.radio-totem.net\/actualite\/journal\/cantal\/article-75802-train-cevenol-rene-souchon-ecrit-a-la-sncf\/?page=&#038;filtre=all\">Radio Totem<\/a> du 1er octobre 2013.<p>&nbsp;<\/p>\n\n\t<figure class=\"wp-block-gallery columns-3 is-cropped wp-block-gallery-1 is-layout-flex wp-block-gallery-is-layout-flex\">\n\t\t<ul class=\"blocks-gallery-grid\">\n\t\t\t<li class=\"blocks-gallery-item\">\n\t\t\t\t<figure>\n\t\t\t\t\t\t\t\t\t\t\t<img loading=\"lazy\" decoding=\"async\" width=\"800\" height=\"1131\" src=\"http:\/\/5.45.101.177\/haut-allier\/usagers-transportse\/wp-content\/uploads\/2013\/09\/lettre-auvergne-a-2.jpg\"\n\t\t\t\t\t\t alt=\"lettre-auvergne-a-2.jpg\"\n\t\t\t\t\t\t data-id=\"1474\"\n\t\t\t\t\t\t data-full-url=\"http:\/\/5.45.101.177\/haut-allier\/usagers-transportse\/wp-content\/uploads\/2013\/09\/lettre-auvergne-a-2.jpg\"\n\t\t\t\t\t\t data-link=\"http:\/\/5.45.101.177\/haut-allier\/usagers-transportse\/attachment-lettre-auvergne-a-2-jpg\/\"\n\t\t\t\t\t\t class=\"wp-image-1474\" srcset=\"https:\/\/usagers-transports.haut-allier.eu\/wp-content\/uploads\/2013\/09\/lettre-auvergne-a-2.jpg 800w, https:\/\/usagers-transports.haut-allier.eu\/wp-content\/uploads\/2013\/09\/lettre-auvergne-a-2-212x300.jpg 212w, https:\/\/usagers-transports.haut-allier.eu\/wp-content\/uploads\/2013\/09\/lettre-auvergne-a-2-724x1024.jpg 724w, https:\/\/usagers-transports.haut-allier.eu\/wp-content\/uploads\/2013\/09\/lettre-auvergne-a-2-768x1086.jpg 768w\" sizes=\"auto, (max-width: 800px) 100vw, 800px\" \/>\n\t\t\t\t<\/figure>\n\t\t\t<\/li>\n\t\t\t<li class=\"blocks-gallery-item\">\n\t\t\t\t<figure>\n\t\t\t\t\t\t\t\t\t\t\t<img loading=\"lazy\" decoding=\"async\" width=\"800\" height=\"1131\" src=\"http:\/\/5.45.101.177\/haut-allier\/usagers-transportse\/wp-content\/uploads\/2013\/09\/lettre-auvergne-b-2.jpg\"\n\t\t\t\t\t\t alt=\"lettre-auvergne-b-2.jpg\"\n\t\t\t\t\t\t data-id=\"1475\"\n\t\t\t\t\t\t data-full-url=\"http:\/\/5.45.101.177\/haut-allier\/usagers-transportse\/wp-content\/uploads\/2013\/09\/lettre-auvergne-b-2.jpg\"\n\t\t\t\t\t\t data-link=\"http:\/\/5.45.101.177\/haut-allier\/usagers-transportse\/attachment-lettre-auvergne-b-2-jpg\/\"\n\t\t\t\t\t\t class=\"wp-image-1475\" srcset=\"https:\/\/usagers-transports.haut-allier.eu\/wp-content\/uploads\/2013\/09\/lettre-auvergne-b-2.jpg 800w, https:\/\/usagers-transports.haut-allier.eu\/wp-content\/uploads\/2013\/09\/lettre-auvergne-b-2-212x300.jpg 212w, https:\/\/usagers-transports.haut-allier.eu\/wp-content\/uploads\/2013\/09\/lettre-auvergne-b-2-724x1024.jpg 724w, https:\/\/usagers-transports.haut-allier.eu\/wp-content\/uploads\/2013\/09\/lettre-auvergne-b-2-768x1086.jpg 768w\" sizes=\"auto, (max-width: 800px) 100vw, 800px\" \/>\n\t\t\t\t<\/figure>\n\t\t\t<\/li>\n\t\t\t<li class=\"blocks-gallery-item\">\n\t\t\t\t<figure>\n\t\t\t\t\t\t\t\t\t\t\t<img loading=\"lazy\" decoding=\"async\" width=\"800\" height=\"1131\" src=\"http:\/\/5.45.101.177\/haut-allier\/usagers-transportse\/wp-content\/uploads\/2013\/09\/lettre-auvergne-c-2.jpg\"\n\t\t\t\t\t\t alt=\"lettre-auvergne-c-2.jpg\"\n\t\t\t\t\t\t data-id=\"1476\"\n\t\t\t\t\t\t data-full-url=\"http:\/\/5.45.101.177\/haut-allier\/usagers-transportse\/wp-content\/uploads\/2013\/09\/lettre-auvergne-c-2.jpg\"\n\t\t\t\t\t\t data-link=\"http:\/\/5.45.101.177\/haut-allier\/usagers-transportse\/attachment-lettre-auvergne-c-2-jpg\/\"\n\t\t\t\t\t\t class=\"wp-image-1476\" srcset=\"https:\/\/usagers-transports.haut-allier.eu\/wp-content\/uploads\/2013\/09\/lettre-auvergne-c-2.jpg 800w, https:\/\/usagers-transports.haut-allier.eu\/wp-content\/uploads\/2013\/09\/lettre-auvergne-c-2-212x300.jpg 212w, https:\/\/usagers-transports.haut-allier.eu\/wp-content\/uploads\/2013\/09\/lettre-auvergne-c-2-724x1024.jpg 724w, https:\/\/usagers-transports.haut-allier.eu\/wp-content\/uploads\/2013\/09\/lettre-auvergne-c-2-768x1086.jpg 768w\" sizes=\"auto, (max-width: 800px) 100vw, 800px\" \/>\n\t\t\t\t<\/figure>\n\t\t\t<\/li>\n\t\t<\/ul>\n\t<\/figure>\n","protected":false},"excerpt":{"rendered":"<p>Ren\u00e9 Souchon le pr\u00e9sident de r\u00e9gion vient de demander des explications \u00e0 la direction de la SNCF concernant<\/p>\n","protected":false},"author":1,"featured_media":1468,"comment_status":"closed","ping_status":"open","sticky":false,"template":"","format":"standard","meta":{"footnotes":""},"categories":[2],"tags":[],"class_list":["post-76","post","type-post","status-publish","format-standard","has-post-thumbnail","hentry","category-infos"],"_links":{"self":[{"href":"https:\/\/usagers-transports.haut-allier.eu\/index.php\/wp-json\/wp\/v2\/posts\/76","targetHints":{"allow":["GET"]}}],"collection":[{"href":"https:\/\/usagers-transports.haut-allier.eu\/index.php\/wp-json\/wp\/v2\/posts"}],"about":[{"href":"https:\/\/usagers-transports.haut-allier.eu\/index.php\/wp-json\/wp\/v2\/types\/post"}],"author":[{"embeddable":true,"href":"https:\/\/usagers-transports.haut-allier.eu\/index.php\/wp-json\/wp\/v2\/users\/1"}],"replies":[{"embeddable":true,"href":"https:\/\/usagers-transports.haut-allier.eu\/index.php\/wp-json\/wp\/v2\/comments?post=76"}],"version-history":[{"count":1,"href":"https:\/\/usagers-transports.haut-allier.eu\/index.php\/wp-json\/wp\/v2\/posts\/76\/revisions"}],"predecessor-version":[{"id":1477,"href":"https:\/\/usagers-transports.haut-allier.eu\/index.php\/wp-json\/wp\/v2\/posts\/76\/revisions\/1477"}],"wp:featuredmedia":[{"embeddable":true,"href":"https:\/\/usagers-transports.haut-allier.eu\/index.php\/wp-json\/wp\/v2\/media\/1468"}],"wp:attachment":[{"href":"https:\/\/usagers-transports.haut-allier.eu\/index.php\/wp-json\/wp\/v2\/media?parent=76"}],"wp:term":[{"taxonomy":"category","embeddable":true,"href":"https:\/\/usagers-transports.haut-allier.eu\/index.php\/wp-json\/wp\/v2\/categories?post=76"},{"taxonomy":"post_tag","embeddable":true,"href":"https:\/\/usagers-transports.haut-allier.eu\/index.php\/wp-json\/wp\/v2\/tags?post=76"}],"curies":[{"name":"wp","href":"https:\/\/api.w.org\/{rel}","templated":true}]}}