{"id":760,"date":"2021-03-27T14:30:00","date_gmt":"2021-03-27T13:30:00","guid":{"rendered":"http:\/\/5.45.101.177\/haut-allier\/usagers-transportse\/index.php\/2021\/03\/27\/un-trimestre-de-travaux-2021-sur760\/"},"modified":"2021-03-27T14:30:00","modified_gmt":"2021-03-27T13:30:00","slug":"un-trimestre-de-travaux-2021-sur760","status":"publish","type":"post","link":"https:\/\/usagers-transports.haut-allier.eu\/index.php\/2021\/03\/27\/un-trimestre-de-travaux-2021-sur760\/","title":{"rendered":"Un trimestre de travaux 2021 sur la ligne du train C\u00e9venol : entre Monistrol d&rsquo;Allier et Chapeauroux SNCF R\u00e9seau va faire mumuse avec quelques traverses"},"content":{"rendered":"<p>C&rsquo;est la partie de la ligne des C\u00e9vennes sur laquelle rien n&rsquo;a jamais \u00e9t\u00e9 fait, qui en a le plus besoin, celle qui voit sa vitesse r\u00e9duite \u00e0 40 km\/h depuis douze ans, sans am\u00e9lioration apr\u00e8s des ann\u00e9es de soit disant travaux de r\u00e9g\u00e9n\u00e9ration qui ne correspondent en r\u00e9alit\u00e9 qu&rsquo;\u00e0 un rattrapage de maintenance courante non effectu\u00e9 l&rsquo;an dernier palliant seulement \u00e0 l&rsquo;urgence sans int\u00e9grer le r\u00e9tablissement du potentiel de l&rsquo;infrastructure.<br \/>\n&nbsp;<br \/>\nCe tron\u00e7on en tr\u00e8s mauvais \u00e9tat fait 16 kilom\u00e8tres de long, vous lisez bien 16 kilom\u00e8tres pas plus. Tous les ans on rafistole on remplace 3 traverses par ci deux par l\u00e0. Cette ann\u00e9e 2021 c&rsquo;est 5400 traverses qui seront chang\u00e9es, mais pas sur le tron\u00e7on le plus fragile, non, entre Saint-Georges d&rsquo;Aurac et Langogne !<br \/>\n&nbsp;<br \/>\n<em>Gare d&rsquo;Alleyras il y a un mois 60% des traverses \u00e9taient bomb\u00e9es fluo jaune signifiant qu&rsquo;elles seront \u00e0 changer<\/em><br \/>\n&nbsp;<br \/>\n<img loading=\"lazy\" decoding=\"async\" class=\" aligncenter size-full wp-image-3268\" src=\"http:\/\/5.45.101.177\/haut-allier\/usagers-transportse\/wp-content\/uploads\/2021\/03\/img_20201109_085621_dro.jpg\" alt=\"img_20201109_085621_dro.jpg\" align=\"center\" width=\"2560\" height=\"1920\" srcset=\"https:\/\/usagers-transports.haut-allier.eu\/wp-content\/uploads\/2021\/03\/img_20201109_085621_dro.jpg 2560w, https:\/\/usagers-transports.haut-allier.eu\/wp-content\/uploads\/2021\/03\/img_20201109_085621_dro-300x225.jpg 300w, https:\/\/usagers-transports.haut-allier.eu\/wp-content\/uploads\/2021\/03\/img_20201109_085621_dro-1024x768.jpg 1024w, https:\/\/usagers-transports.haut-allier.eu\/wp-content\/uploads\/2021\/03\/img_20201109_085621_dro-768x576.jpg 768w, https:\/\/usagers-transports.haut-allier.eu\/wp-content\/uploads\/2021\/03\/img_20201109_085621_dro-1536x1152.jpg 1536w, https:\/\/usagers-transports.haut-allier.eu\/wp-content\/uploads\/2021\/03\/img_20201109_085621_dro-2048x1536.jpg 2048w\" sizes=\"auto, (max-width: 2560px) 100vw, 2560px\" \/><br \/>\n&nbsp;<br \/>\nIl faut 1666 traverses par kilom\u00e8tre selon SNCF R\u00e9seau. Donc on va remplacer cette ann\u00e9e l&rsquo;\u00e9quivalent de 3,2 kilom\u00e8tres de voies, et pas d&rsquo;un coup, non, r\u00e9parties le long des 55 kilom\u00e8tres de voie ferr\u00e9e entre ces deux gares sans doute pour que la coupure de service dure plus longtemps.<br \/>\n&nbsp;<br \/>\nPendant ce temps sur la C\u00f4te bleue on renouvelle 20 km de ligne en 40 jours entre l&rsquo;Estaque et Carry-le-Rouet sur les deux voies qui constituent la ligne, non \u00e9lectrifi\u00e9es comme ici, soit 40 km. 1 km par jour. 40 jours y compris la r\u00e9fection totale de tunnels, des confortements de parois rocheuses etc. C&rsquo;est le quotidien <a href=\"https:\/\/www.lamarseillaise.fr\/societe\/la-ligne-ferroviaire-de-la-cote-bleue-poursuit-sa-modernisation-AI6802075\"><em>la Marseillaise<\/em><\/a> qui l&rsquo;indique. Marseille par cet itin\u00e9raire de la C\u00f4te bleue \u00e9tant l&rsquo;ancienne destination de la ligne de train des C\u00e9vennes.<br \/>\n&nbsp;<br \/>\n<img loading=\"lazy\" decoding=\"async\" class=\" aligncenter size-full wp-image-3269\" src=\"http:\/\/5.45.101.177\/haut-allier\/usagers-transportse\/wp-content\/uploads\/2021\/03\/screenshot-www.lamarseillaise.fr-2021.03.27-12_59_52.jpg\" alt=\"screenshot-www.lamarseillaise.fr-2021.03.27-12_59_52.jpg\" align=\"center\" width=\"756\" height=\"361\" srcset=\"https:\/\/usagers-transports.haut-allier.eu\/wp-content\/uploads\/2021\/03\/screenshot-www.lamarseillaise.fr-2021.03.27-12_59_52.jpg 756w, https:\/\/usagers-transports.haut-allier.eu\/wp-content\/uploads\/2021\/03\/screenshot-www.lamarseillaise.fr-2021.03.27-12_59_52-300x143.jpg 300w\" sizes=\"auto, (max-width: 756px) 100vw, 756px\" \/><br \/>\n&nbsp;<br \/>\nCe renouvellement a \u00e9t\u00e9 effectu\u00e9 \u00e0 l\u2019aide d\u2019un train-usine. Ici dans le haut Allier il suffirait de 16 jours de fermeture pour remplacer nos 16 kms. Mais l\u00e0 c&rsquo;est 3 mois et 10 jours \u00e0 l&rsquo;aide d&rsquo;un mat\u00e9riel de pointe ultra sophistiqu\u00e9. D&rsquo;ailleurs notre train usine \u00e0 nous le voici, pr\u00eat pour les rafistolages, en gare de Langeac :<br \/>\n&nbsp;<br \/>\n<img loading=\"lazy\" decoding=\"async\" class=\" aligncenter size-full wp-image-3270\" src=\"http:\/\/5.45.101.177\/haut-allier\/usagers-transportse\/wp-content\/uploads\/2021\/03\/screenshot-tweetdeck.twitter.com-2021.03.27-12_57_47.jpg\" alt=\"screenshot-tweetdeck.twitter.com-2021.03.27-12_57_47.jpg\" align=\"center\" width=\"255\" height=\"460\" srcset=\"https:\/\/usagers-transports.haut-allier.eu\/wp-content\/uploads\/2021\/03\/screenshot-tweetdeck.twitter.com-2021.03.27-12_57_47.jpg 255w, https:\/\/usagers-transports.haut-allier.eu\/wp-content\/uploads\/2021\/03\/screenshot-tweetdeck.twitter.com-2021.03.27-12_57_47-166x300.jpg 166w\" sizes=\"auto, (max-width: 255px) 100vw, 255px\" \/><br \/>\n&nbsp;<br \/>\n<strong>Non seulement SNCF R\u00e9seau ne veut plus d\u00e9bourser un centime pour le r\u00e9seau du Massif central mais quand les collectivit\u00e9s payent les travaux \u00e0 100% la soci\u00e9t\u00e9 ferroviaire se moque des \u00e9lus, de la r\u00e9gion, en ne mettant aucun moyen digne et la plupart du temps en sous-traitant les op\u00e9rations.<\/strong><br \/>\n&nbsp;<br \/>\nAu travers des r\u00e9gions Auvergne Rh\u00f4ne Alpes et Occitanie c&rsquo;est bien aux usagers et aux habitants qu&rsquo;ont s&rsquo;en prend en coupant les circulations durant 3 mois. Et \u00e7a nous nous en souviendrons.<br \/>\n&nbsp;<br \/>\nEn plus des traverses qui sont les seules op\u00e9rations qui pourraient am\u00e9liorer l&rsquo;existant on va conforter comme \u00e0 l&rsquo;habitude quelques t\u00eates de tunnel, et, oh formidable, refaire l&rsquo;\u00e9tanch\u00e9it\u00e9 du viaduc de Chapeauroux sans parler du remplacement des gardes-corps qui ne sont plus aux normes. Car \u00e7a c&rsquo;est important !<br \/>\n&nbsp;<br \/>\n[fond noir][blanc]<strong>Pendant ce temps au sud de Langogne sans rien dire on remplace le double de traverses&#8230;<\/strong>[\/blanc][\/fond noir]<br \/>\n&nbsp;<br \/>\n<img loading=\"lazy\" decoding=\"async\" class=\" aligncenter size-full wp-image-3271\" src=\"http:\/\/5.45.101.177\/haut-allier\/usagers-transportse\/wp-content\/uploads\/2021\/03\/excep3yw8aq4qad.png\" alt=\"excep3yw8aq4qad.png\" align=\"center\" width=\"524\" height=\"722\" srcset=\"https:\/\/usagers-transports.haut-allier.eu\/wp-content\/uploads\/2021\/03\/excep3yw8aq4qad.png 524w, https:\/\/usagers-transports.haut-allier.eu\/wp-content\/uploads\/2021\/03\/excep3yw8aq4qad-218x300.png 218w\" sizes=\"auto, (max-width: 524px) 100vw, 524px\" \/><br \/>\n&nbsp;<br \/>\n[fond noir][blanc]Dans la presse :[\/blanc][\/fond noir]<br \/>\n&nbsp;<br \/>\n&#8211; <strong>RCF journal de 8 heures du lundi 29 mars : <\/strong><br \/>\n&nbsp;<br \/>\n<a href=\"http:\/\/5.45.101.177\/haut-allier\/usagers-transportse\/wp-content\/uploads\/2021\/03\/rcf43_infoloc_20210329-extrait.mp3\">Le Journal local 08h du lundi 29 mars<\/a><br \/>\n&nbsp;<\/p>\n","protected":false},"excerpt":{"rendered":"<p>C&rsquo;est la partie de la ligne des C\u00e9vennes sur laquelle rien n&rsquo;a jamais \u00e9t\u00e9 fait, qui en a<\/p>\n","protected":false},"author":1,"featured_media":3267,"comment_status":"open","ping_status":"open","sticky":false,"template":"","format":"standard","meta":{"footnotes":""},"categories":[2],"tags":[],"class_list":["post-760","post","type-post","status-publish","format-standard","has-post-thumbnail","hentry","category-infos"],"_links":{"self":[{"href":"https:\/\/usagers-transports.haut-allier.eu\/index.php\/wp-json\/wp\/v2\/posts\/760","targetHints":{"allow":["GET"]}}],"collection":[{"href":"https:\/\/usagers-transports.haut-allier.eu\/index.php\/wp-json\/wp\/v2\/posts"}],"about":[{"href":"https:\/\/usagers-transports.haut-allier.eu\/index.php\/wp-json\/wp\/v2\/types\/post"}],"author":[{"embeddable":true,"href":"https:\/\/usagers-transports.haut-allier.eu\/index.php\/wp-json\/wp\/v2\/users\/1"}],"replies":[{"embeddable":true,"href":"https:\/\/usagers-transports.haut-allier.eu\/index.php\/wp-json\/wp\/v2\/comments?post=760"}],"version-history":[{"count":0,"href":"https:\/\/usagers-transports.haut-allier.eu\/index.php\/wp-json\/wp\/v2\/posts\/760\/revisions"}],"wp:featuredmedia":[{"embeddable":true,"href":"https:\/\/usagers-transports.haut-allier.eu\/index.php\/wp-json\/wp\/v2\/media\/3267"}],"wp:attachment":[{"href":"https:\/\/usagers-transports.haut-allier.eu\/index.php\/wp-json\/wp\/v2\/media?parent=760"}],"wp:term":[{"taxonomy":"category","embeddable":true,"href":"https:\/\/usagers-transports.haut-allier.eu\/index.php\/wp-json\/wp\/v2\/categories?post=760"},{"taxonomy":"post_tag","embeddable":true,"href":"https:\/\/usagers-transports.haut-allier.eu\/index.php\/wp-json\/wp\/v2\/tags?post=760"}],"curies":[{"name":"wp","href":"https:\/\/api.w.org\/{rel}","templated":true}]}}