{"id":761,"date":"2021-04-02T09:35:30","date_gmt":"2021-04-02T07:35:30","guid":{"rendered":"http:\/\/5.45.101.177\/haut-allier\/usagers-transportse\/index.php\/2021\/04\/02\/travaux-ligne-du-train-cevenol-la761\/"},"modified":"2021-04-02T09:35:30","modified_gmt":"2021-04-02T07:35:30","slug":"travaux-ligne-du-train-cevenol-la761","status":"publish","type":"post","link":"https:\/\/usagers-transports.haut-allier.eu\/index.php\/2021\/04\/02\/travaux-ligne-du-train-cevenol-la761\/","title":{"rendered":"Travaux ligne du train C\u00e9venol : la gare d&rsquo;Alleyras rentre de plein pied dans le XX\u00e8me si\u00e8cle"},"content":{"rendered":"<p>Apparition miraculeuse en ce jeudi 1er avril c\u00f4t\u00e9 halte ferroviaire d&rsquo;Alleyras : install\u00e9e en un jour, une borne de recharge et de gestion des abonnements Oura, l&rsquo;offre TER de la r\u00e9gion Auvergne Rh\u00f4ne Alpes. Avec cet engin on peut certes valider sa carte, son trajet, mais aussi recr\u00e9diter sa carte apr\u00e8s paiement sur Internet, autrement dit \u00e7a ne sert pas \u00e0 grand chose puisque si on va sur Internet on peut directement acheter un billet. Mais bon, un premier automate depuis la cr\u00e9ation de la gare en 1870, \u00e7a se f\u00eate non ?<br \/>\n&nbsp;<br \/>\nPour le XXI\u00e8me si\u00e8cle on attendra encore quelques ann\u00e9es.<br \/>\n&nbsp;<br \/>\n<img loading=\"lazy\" decoding=\"async\" class=\" aligncenter size-full wp-image-3274\" src=\"http:\/\/5.45.101.177\/haut-allier\/usagers-transportse\/wp-content\/uploads\/2021\/04\/20210401200455_unknown.jpg\" alt=\"20210401200455_unknown.jpg\" align=\"center\" width=\"1200\" height=\"900\" srcset=\"https:\/\/usagers-transports.haut-allier.eu\/wp-content\/uploads\/2021\/04\/20210401200455_unknown.jpg 1200w, https:\/\/usagers-transports.haut-allier.eu\/wp-content\/uploads\/2021\/04\/20210401200455_unknown-300x225.jpg 300w, https:\/\/usagers-transports.haut-allier.eu\/wp-content\/uploads\/2021\/04\/20210401200455_unknown-1024x768.jpg 1024w, https:\/\/usagers-transports.haut-allier.eu\/wp-content\/uploads\/2021\/04\/20210401200455_unknown-768x576.jpg 768w\" sizes=\"auto, (max-width: 1200px) 100vw, 1200px\" \/><br \/>\n<img loading=\"lazy\" decoding=\"async\" class=\" aligncenter size-full wp-image-3275\" src=\"http:\/\/5.45.101.177\/haut-allier\/usagers-transportse\/wp-content\/uploads\/2021\/04\/unknown1.jpg\" alt=\"unknown1.jpg\" align=\"center\" width=\"1200\" height=\"900\" srcset=\"https:\/\/usagers-transports.haut-allier.eu\/wp-content\/uploads\/2021\/04\/unknown1.jpg 1200w, https:\/\/usagers-transports.haut-allier.eu\/wp-content\/uploads\/2021\/04\/unknown1-300x225.jpg 300w, https:\/\/usagers-transports.haut-allier.eu\/wp-content\/uploads\/2021\/04\/unknown1-1024x768.jpg 1024w, https:\/\/usagers-transports.haut-allier.eu\/wp-content\/uploads\/2021\/04\/unknown1-768x576.jpg 768w\" sizes=\"auto, (max-width: 1200px) 100vw, 1200px\" \/><br \/>\n<img loading=\"lazy\" decoding=\"async\" class=\" aligncenter size-full wp-image-3276\" src=\"http:\/\/5.45.101.177\/haut-allier\/usagers-transportse\/wp-content\/uploads\/2021\/04\/20210401200449_unknown.jpg\" alt=\"20210401200449_unknown.jpg\" align=\"center\" width=\"719\" height=\"959\" srcset=\"https:\/\/usagers-transports.haut-allier.eu\/wp-content\/uploads\/2021\/04\/20210401200449_unknown.jpg 719w, https:\/\/usagers-transports.haut-allier.eu\/wp-content\/uploads\/2021\/04\/20210401200449_unknown-225x300.jpg 225w\" sizes=\"auto, (max-width: 719px) 100vw, 719px\" \/><br \/>\n<img loading=\"lazy\" decoding=\"async\" class=\" aligncenter size-full wp-image-3277\" src=\"http:\/\/5.45.101.177\/haut-allier\/usagers-transportse\/wp-content\/uploads\/2021\/04\/img_20210401_182615_395-scaled.jpg\" alt=\"img_20210401_182615_395.jpg\" align=\"center\" width=\"1440\" height=\"2560\" srcset=\"https:\/\/usagers-transports.haut-allier.eu\/wp-content\/uploads\/2021\/04\/img_20210401_182615_395-scaled.jpg 1440w, https:\/\/usagers-transports.haut-allier.eu\/wp-content\/uploads\/2021\/04\/img_20210401_182615_395-169x300.jpg 169w, https:\/\/usagers-transports.haut-allier.eu\/wp-content\/uploads\/2021\/04\/img_20210401_182615_395-576x1024.jpg 576w, https:\/\/usagers-transports.haut-allier.eu\/wp-content\/uploads\/2021\/04\/img_20210401_182615_395-768x1365.jpg 768w, https:\/\/usagers-transports.haut-allier.eu\/wp-content\/uploads\/2021\/04\/img_20210401_182615_395-864x1536.jpg 864w, https:\/\/usagers-transports.haut-allier.eu\/wp-content\/uploads\/2021\/04\/img_20210401_182615_395-1152x2048.jpg 1152w\" sizes=\"auto, (max-width: 1440px) 100vw, 1440px\" \/><br \/>\n&nbsp;<br \/>\nIl a du en \u00eatre de m\u00eame \u00e0 Chapeauroux et Monistrol d&rsquo;Allier. Pas de raison.<br \/>\n&nbsp;<br \/>\nCertes il sera mis en service le 2 juillet prochain, dans plus de 3 mois, mais en ce 4\u00e8me jour de travaux, tout pourrait laisser penser qu&rsquo;apr\u00e8s cette borne pourrait venir&#8230;<br \/>\n&nbsp;<br \/>\n&#8211; Un distributeur de billets, au moins r\u00e9gional, pour ceux qui ne veulent pas de carte Oura mais qui veulent prendre le train, normalement quoi&#8230;<br \/>\n&#8211; Un affichage en temps r\u00e9el des d\u00e9parts de train avec notification des suppressions, retards etc. Oui on sait c&rsquo;\u00e9tait pr\u00e9vu pour 2020, puis repouss\u00e9 en 2021, puis repouss\u00e9 \u00e0 2022, mais qui sait ? On peut croire au p\u00e8re No\u00ebl non ?<br \/>\n&#8211; Un passage pi\u00e9ton de fa\u00e7on \u00e0 acc\u00e9der \u00e0 la gare c\u00f4t\u00e9 avenue de la gare et donc parkings et non c\u00f4t\u00e9 route,<br \/>\n<img loading=\"lazy\" decoding=\"async\" class=\" aligncenter size-full wp-image-3278\" src=\"http:\/\/5.45.101.177\/haut-allier\/usagers-transportse\/wp-content\/uploads\/2021\/04\/img_20210401_182718_703-scaled.jpg\" alt=\"img_20210401_182718_703.jpg\" align=\"center\" width=\"1440\" height=\"2560\" srcset=\"https:\/\/usagers-transports.haut-allier.eu\/wp-content\/uploads\/2021\/04\/img_20210401_182718_703-scaled.jpg 1440w, https:\/\/usagers-transports.haut-allier.eu\/wp-content\/uploads\/2021\/04\/img_20210401_182718_703-169x300.jpg 169w, https:\/\/usagers-transports.haut-allier.eu\/wp-content\/uploads\/2021\/04\/img_20210401_182718_703-576x1024.jpg 576w, https:\/\/usagers-transports.haut-allier.eu\/wp-content\/uploads\/2021\/04\/img_20210401_182718_703-768x1365.jpg 768w, https:\/\/usagers-transports.haut-allier.eu\/wp-content\/uploads\/2021\/04\/img_20210401_182718_703-864x1536.jpg 864w, https:\/\/usagers-transports.haut-allier.eu\/wp-content\/uploads\/2021\/04\/img_20210401_182718_703-1152x2048.jpg 1152w\" sizes=\"auto, (max-width: 1440px) 100vw, 1440px\" \/><br \/>\n&#8211; Une halte agrandie pour l&rsquo;accueil des voyageurs,<br \/>\n&#8211; Un quai aux normes, r\u00e9hauss\u00e9, de fa\u00e7on \u00e0 ce que les personnes \u00e2g\u00e9es et \u00e0 mobilit\u00e9 r\u00e9duite puissent descendre ou prendre le train,<br \/>\n&#8211; Un quai ou des quais goudronn\u00e9 ou ad\u00e9quat pour les poussettes et fauteuils roulants,<br \/>\n&#8211; Le changement des cand\u00e9labres (les poteaux) qui datent du 1er si\u00e8cle avant JC,<br \/>\n&#8211; un casier v\u00e9los s\u00e9curis\u00e9,<br \/>\n&#8211; Un distributeur de cacahu\u00e8tes et de boissons (et puis quoi encore ?)<br \/>\netc.<br \/>\n&nbsp;<br \/>\n[fond noir][blanc]<strong>Pr\u00e9cisions sur le syst\u00e8me de carte Oura<\/strong>[\/blanc][\/fond noir]<br \/>\n&nbsp;<\/p>\n<p> <img loading=\"lazy\" decoding=\"async\" class=\" aligncenter size-full wp-image-3279\" src=\"http:\/\/5.45.101.177\/haut-allier\/usagers-transportse\/wp-content\/uploads\/2021\/04\/screenshot-www.ter_.sncf_.com-2021.04.02-09_31_06.jpg\" alt=\"screenshot-www.ter.sncf.com-2021.04.02-09_31_06.jpg\" align=\"center\" width=\"693\" height=\"2095\" srcset=\"https:\/\/usagers-transports.haut-allier.eu\/wp-content\/uploads\/2021\/04\/screenshot-www.ter_.sncf_.com-2021.04.02-09_31_06.jpg 693w, https:\/\/usagers-transports.haut-allier.eu\/wp-content\/uploads\/2021\/04\/screenshot-www.ter_.sncf_.com-2021.04.02-09_31_06-99x300.jpg 99w, https:\/\/usagers-transports.haut-allier.eu\/wp-content\/uploads\/2021\/04\/screenshot-www.ter_.sncf_.com-2021.04.02-09_31_06-339x1024.jpg 339w, https:\/\/usagers-transports.haut-allier.eu\/wp-content\/uploads\/2021\/04\/screenshot-www.ter_.sncf_.com-2021.04.02-09_31_06-508x1536.jpg 508w, https:\/\/usagers-transports.haut-allier.eu\/wp-content\/uploads\/2021\/04\/screenshot-www.ter_.sncf_.com-2021.04.02-09_31_06-677x2048.jpg 677w\" sizes=\"auto, (max-width: 693px) 100vw, 693px\" \/><br \/>\n&nbsp;<br \/>\nWeb : <a href=\"https:\/\/www.ter.sncf.com\/auvergne-rhone-alpes\/offres\/achats\/carte-oura\"><em>Le site TER AuRA<\/em><\/a>.<\/p>\n","protected":false},"excerpt":{"rendered":"<p>Apparition miraculeuse en ce jeudi 1er avril c\u00f4t\u00e9 halte ferroviaire d&rsquo;Alleyras : install\u00e9e en un jour, une borne<\/p>\n","protected":false},"author":1,"featured_media":3273,"comment_status":"open","ping_status":"open","sticky":false,"template":"","format":"standard","meta":{"footnotes":""},"categories":[2],"tags":[],"class_list":["post-761","post","type-post","status-publish","format-standard","has-post-thumbnail","hentry","category-infos"],"_links":{"self":[{"href":"https:\/\/usagers-transports.haut-allier.eu\/index.php\/wp-json\/wp\/v2\/posts\/761","targetHints":{"allow":["GET"]}}],"collection":[{"href":"https:\/\/usagers-transports.haut-allier.eu\/index.php\/wp-json\/wp\/v2\/posts"}],"about":[{"href":"https:\/\/usagers-transports.haut-allier.eu\/index.php\/wp-json\/wp\/v2\/types\/post"}],"author":[{"embeddable":true,"href":"https:\/\/usagers-transports.haut-allier.eu\/index.php\/wp-json\/wp\/v2\/users\/1"}],"replies":[{"embeddable":true,"href":"https:\/\/usagers-transports.haut-allier.eu\/index.php\/wp-json\/wp\/v2\/comments?post=761"}],"version-history":[{"count":0,"href":"https:\/\/usagers-transports.haut-allier.eu\/index.php\/wp-json\/wp\/v2\/posts\/761\/revisions"}],"wp:featuredmedia":[{"embeddable":true,"href":"https:\/\/usagers-transports.haut-allier.eu\/index.php\/wp-json\/wp\/v2\/media\/3273"}],"wp:attachment":[{"href":"https:\/\/usagers-transports.haut-allier.eu\/index.php\/wp-json\/wp\/v2\/media?parent=761"}],"wp:term":[{"taxonomy":"category","embeddable":true,"href":"https:\/\/usagers-transports.haut-allier.eu\/index.php\/wp-json\/wp\/v2\/categories?post=761"},{"taxonomy":"post_tag","embeddable":true,"href":"https:\/\/usagers-transports.haut-allier.eu\/index.php\/wp-json\/wp\/v2\/tags?post=761"}],"curies":[{"name":"wp","href":"https:\/\/api.w.org\/{rel}","templated":true}]}}