{"id":762,"date":"2021-04-03T17:57:59","date_gmt":"2021-04-03T15:57:59","guid":{"rendered":"http:\/\/5.45.101.177\/haut-allier\/usagers-transportse\/index.php\/2021\/04\/03\/travaux-ligne-du-train-cevenol762\/"},"modified":"2021-04-03T17:57:59","modified_gmt":"2021-04-03T15:57:59","slug":"travaux-ligne-du-train-cevenol762","status":"publish","type":"post","link":"https:\/\/usagers-transports.haut-allier.eu\/index.php\/2021\/04\/03\/travaux-ligne-du-train-cevenol762\/","title":{"rendered":"Travaux ligne du train C\u00e9venol : r\u00e9fection de l&rsquo;\u00e9tanch\u00e9it\u00e9 et de la voie sur le viaduc de Chapeauroux"},"content":{"rendered":"<p>Les entreprises (sous-traitantes) travaillent m\u00eame le week-end pour tenir les d\u00e9lais : ce samedi le viaduc \u00e0 la limite des deux r\u00e9gions Occitanie et Auvergne Rh\u00f4ne Alpes voyait peu \u00e0 peu ses rails et traverses dispara\u00eetre, puis son ballast \u00e9vacu\u00e9 par de nombreux camions bennes.<br \/>\n&nbsp;<br \/>\n<em>Les rails s&rsquo;arr\u00eatent ici d\u00e9sormais&#8230;<\/em><br \/>\n&nbsp;<br \/>\n<img loading=\"lazy\" decoding=\"async\" class=\" aligncenter size-full wp-image-3281\" src=\"http:\/\/5.45.101.177\/haut-allier\/usagers-transportse\/wp-content\/uploads\/2021\/04\/vlcsnap-2021-04-03-17h20m05s991.png\" alt=\"vlcsnap-2021-04-03-17h20m05s991.png\" align=\"center\" width=\"1280\" height=\"720\" srcset=\"https:\/\/usagers-transports.haut-allier.eu\/wp-content\/uploads\/2021\/04\/vlcsnap-2021-04-03-17h20m05s991.png 1280w, https:\/\/usagers-transports.haut-allier.eu\/wp-content\/uploads\/2021\/04\/vlcsnap-2021-04-03-17h20m05s991-300x169.png 300w, https:\/\/usagers-transports.haut-allier.eu\/wp-content\/uploads\/2021\/04\/vlcsnap-2021-04-03-17h20m05s991-1024x576.png 1024w, https:\/\/usagers-transports.haut-allier.eu\/wp-content\/uploads\/2021\/04\/vlcsnap-2021-04-03-17h20m05s991-768x432.png 768w\" sizes=\"auto, (max-width: 1280px) 100vw, 1280px\" \/><br \/>\n<img loading=\"lazy\" decoding=\"async\" class=\" aligncenter size-full wp-image-3282\" src=\"http:\/\/5.45.101.177\/haut-allier\/usagers-transportse\/wp-content\/uploads\/2021\/04\/img_20210403_155603_078-1500.jpg\" alt=\"img_20210403_155603_078-1500.jpg\" align=\"center\" width=\"1500\" height=\"843\" srcset=\"https:\/\/usagers-transports.haut-allier.eu\/wp-content\/uploads\/2021\/04\/img_20210403_155603_078-1500.jpg 1500w, https:\/\/usagers-transports.haut-allier.eu\/wp-content\/uploads\/2021\/04\/img_20210403_155603_078-1500-300x169.jpg 300w, https:\/\/usagers-transports.haut-allier.eu\/wp-content\/uploads\/2021\/04\/img_20210403_155603_078-1500-1024x575.jpg 1024w, https:\/\/usagers-transports.haut-allier.eu\/wp-content\/uploads\/2021\/04\/img_20210403_155603_078-1500-768x432.jpg 768w\" sizes=\"auto, (max-width: 1500px) 100vw, 1500px\" \/><br \/>\n&nbsp;<br \/>\n<em>Les pelleteuses \u00e0 pied d&rsquo;oeuvre<\/em><br \/>\n&nbsp;<br \/>\n<img loading=\"lazy\" decoding=\"async\" class=\" aligncenter size-full wp-image-3283\" src=\"http:\/\/5.45.101.177\/haut-allier\/usagers-transportse\/wp-content\/uploads\/2021\/04\/img_20210403_160009_972-1500.jpg\" alt=\"img_20210403_160009_972-1500.jpg\" align=\"center\" width=\"1500\" height=\"843\" srcset=\"https:\/\/usagers-transports.haut-allier.eu\/wp-content\/uploads\/2021\/04\/img_20210403_160009_972-1500.jpg 1500w, https:\/\/usagers-transports.haut-allier.eu\/wp-content\/uploads\/2021\/04\/img_20210403_160009_972-1500-300x169.jpg 300w, https:\/\/usagers-transports.haut-allier.eu\/wp-content\/uploads\/2021\/04\/img_20210403_160009_972-1500-1024x575.jpg 1024w, https:\/\/usagers-transports.haut-allier.eu\/wp-content\/uploads\/2021\/04\/img_20210403_160009_972-1500-768x432.jpg 768w\" sizes=\"auto, (max-width: 1500px) 100vw, 1500px\" \/><br \/>\n<img loading=\"lazy\" decoding=\"async\" class=\" aligncenter size-full wp-image-3284\" src=\"http:\/\/5.45.101.177\/haut-allier\/usagers-transportse\/wp-content\/uploads\/2021\/04\/img_20210403_160001_554-1500.jpg\" alt=\"img_20210403_160001_554-1500.jpg\" align=\"center\" width=\"1500\" height=\"843\" srcset=\"https:\/\/usagers-transports.haut-allier.eu\/wp-content\/uploads\/2021\/04\/img_20210403_160001_554-1500.jpg 1500w, https:\/\/usagers-transports.haut-allier.eu\/wp-content\/uploads\/2021\/04\/img_20210403_160001_554-1500-300x169.jpg 300w, https:\/\/usagers-transports.haut-allier.eu\/wp-content\/uploads\/2021\/04\/img_20210403_160001_554-1500-1024x575.jpg 1024w, https:\/\/usagers-transports.haut-allier.eu\/wp-content\/uploads\/2021\/04\/img_20210403_160001_554-1500-768x432.jpg 768w\" sizes=\"auto, (max-width: 1500px) 100vw, 1500px\" \/><br \/>\n&nbsp;<br \/>\n<em>La voie n&rsquo;est pour le moment qu&rsquo;un lointain souvenir&#8230; A la place la future voie verte du C\u00e9venol<\/em><br \/>\n<img loading=\"lazy\" decoding=\"async\" class=\" aligncenter size-full wp-image-3285\" src=\"http:\/\/5.45.101.177\/haut-allier\/usagers-transportse\/wp-content\/uploads\/2021\/04\/img_20210403_155520_428-1500.jpg\" alt=\"img_20210403_155520_428-1500.jpg\" align=\"center\" width=\"1500\" height=\"648\" srcset=\"https:\/\/usagers-transports.haut-allier.eu\/wp-content\/uploads\/2021\/04\/img_20210403_155520_428-1500.jpg 1500w, https:\/\/usagers-transports.haut-allier.eu\/wp-content\/uploads\/2021\/04\/img_20210403_155520_428-1500-300x130.jpg 300w, https:\/\/usagers-transports.haut-allier.eu\/wp-content\/uploads\/2021\/04\/img_20210403_155520_428-1500-1024x442.jpg 1024w, https:\/\/usagers-transports.haut-allier.eu\/wp-content\/uploads\/2021\/04\/img_20210403_155520_428-1500-768x332.jpg 768w\" sizes=\"auto, (max-width: 1500px) 100vw, 1500px\" \/><br \/>\n&nbsp;<br \/>\nBlague mise \u00e0 part il s&rsquo;agit donc des travaux de renouvellement de l&rsquo;\u00e9tanch\u00e9it\u00e9 du viaduc qui d\u00e9butent sur les chapeaux de roues. Les rambardes seront remplac\u00e9es pour \u00eatre aux normes actuelles. Il y a fort \u00e0 parier que la voie, rails, traverses et ballast seront renouvel\u00e9s. Voil\u00e0 un bon d\u00e9but nous qui demandons le renouvellement jusqu&rsquo;\u00e0 Monistrol d&rsquo;Allier. <\/p>\n","protected":false},"excerpt":{"rendered":"<p>Les entreprises (sous-traitantes) travaillent m\u00eame le week-end pour tenir les d\u00e9lais : ce samedi le viaduc \u00e0 la<\/p>\n","protected":false},"author":1,"featured_media":3280,"comment_status":"open","ping_status":"open","sticky":false,"template":"","format":"standard","meta":{"footnotes":""},"categories":[2],"tags":[],"class_list":["post-762","post","type-post","status-publish","format-standard","has-post-thumbnail","hentry","category-infos"],"_links":{"self":[{"href":"https:\/\/usagers-transports.haut-allier.eu\/index.php\/wp-json\/wp\/v2\/posts\/762","targetHints":{"allow":["GET"]}}],"collection":[{"href":"https:\/\/usagers-transports.haut-allier.eu\/index.php\/wp-json\/wp\/v2\/posts"}],"about":[{"href":"https:\/\/usagers-transports.haut-allier.eu\/index.php\/wp-json\/wp\/v2\/types\/post"}],"author":[{"embeddable":true,"href":"https:\/\/usagers-transports.haut-allier.eu\/index.php\/wp-json\/wp\/v2\/users\/1"}],"replies":[{"embeddable":true,"href":"https:\/\/usagers-transports.haut-allier.eu\/index.php\/wp-json\/wp\/v2\/comments?post=762"}],"version-history":[{"count":0,"href":"https:\/\/usagers-transports.haut-allier.eu\/index.php\/wp-json\/wp\/v2\/posts\/762\/revisions"}],"wp:featuredmedia":[{"embeddable":true,"href":"https:\/\/usagers-transports.haut-allier.eu\/index.php\/wp-json\/wp\/v2\/media\/3280"}],"wp:attachment":[{"href":"https:\/\/usagers-transports.haut-allier.eu\/index.php\/wp-json\/wp\/v2\/media?parent=762"}],"wp:term":[{"taxonomy":"category","embeddable":true,"href":"https:\/\/usagers-transports.haut-allier.eu\/index.php\/wp-json\/wp\/v2\/categories?post=762"},{"taxonomy":"post_tag","embeddable":true,"href":"https:\/\/usagers-transports.haut-allier.eu\/index.php\/wp-json\/wp\/v2\/tags?post=762"}],"curies":[{"name":"wp","href":"https:\/\/api.w.org\/{rel}","templated":true}]}}