{"id":763,"date":"2021-04-06T18:30:35","date_gmt":"2021-04-06T16:30:35","guid":{"rendered":"http:\/\/5.45.101.177\/haut-allier\/usagers-transportse\/index.php\/2021\/04\/06\/ligne-du-train-aubrac-10-mois-de763\/"},"modified":"2021-04-06T18:30:35","modified_gmt":"2021-04-06T16:30:35","slug":"ligne-du-train-aubrac-10-mois-de763","status":"publish","type":"post","link":"https:\/\/usagers-transports.haut-allier.eu\/index.php\/2021\/04\/06\/ligne-du-train-aubrac-10-mois-de763\/","title":{"rendered":"Ligne du train Aubrac : 10 mois de fermeture au nord de Saint-Ch\u00e9ly pour \u00ab\u00a0d\u00e9rangement d\u2019installations\u00a0\u00bb"},"content":{"rendered":"<p>Un article qui r\u00e9sume parfaitement la situation du ferroviaire dans le Massif central vient d&rsquo;\u00eatre publi\u00e9 par Raildusud. Rien \u00e0 ajouter. A lire en priorit\u00e9. <\/p>\n<p><a href=\"http:\/\/raildusud.canalblog.com\/archives\/2021\/04\/04\/38895219.html\"><em>Dix mois de fermeture au nord de Saint-Ch\u00e9ly pour \u00ab d\u00e9rangement d\u2019installations \u00bb : l\u2019Aubrac, ou la tiers-mondisation en marche<\/em><br \/>\n<\/a><\/p>\n<p><img loading=\"lazy\" decoding=\"async\" class=\" aligncenter size-full wp-image-3287\" src=\"http:\/\/5.45.101.177\/haut-allier\/usagers-transportse\/wp-content\/uploads\/2021\/04\/screenshot-raildusud.canalblog.com-2021.04.06-18_24_04-scaled.jpg\" alt=\"screenshot-raildusud.canalblog.com-2021.04.06-18_24_04.jpg\" align=\"center\" width=\"332\" height=\"2560\" srcset=\"https:\/\/usagers-transports.haut-allier.eu\/wp-content\/uploads\/2021\/04\/screenshot-raildusud.canalblog.com-2021.04.06-18_24_04-scaled.jpg 332w, https:\/\/usagers-transports.haut-allier.eu\/wp-content\/uploads\/2021\/04\/screenshot-raildusud.canalblog.com-2021.04.06-18_24_04-39x300.jpg 39w\" sizes=\"auto, (max-width: 332px) 100vw, 332px\" \/><\/p>\n","protected":false},"excerpt":{"rendered":"<p>Un article qui r\u00e9sume parfaitement la situation du ferroviaire dans le Massif central vient d&rsquo;\u00eatre publi\u00e9 par Raildusud.<\/p>\n","protected":false},"author":1,"featured_media":3286,"comment_status":"open","ping_status":"open","sticky":false,"template":"","format":"standard","meta":{"footnotes":""},"categories":[2],"tags":[],"class_list":["post-763","post","type-post","status-publish","format-standard","has-post-thumbnail","hentry","category-infos"],"_links":{"self":[{"href":"https:\/\/usagers-transports.haut-allier.eu\/index.php\/wp-json\/wp\/v2\/posts\/763","targetHints":{"allow":["GET"]}}],"collection":[{"href":"https:\/\/usagers-transports.haut-allier.eu\/index.php\/wp-json\/wp\/v2\/posts"}],"about":[{"href":"https:\/\/usagers-transports.haut-allier.eu\/index.php\/wp-json\/wp\/v2\/types\/post"}],"author":[{"embeddable":true,"href":"https:\/\/usagers-transports.haut-allier.eu\/index.php\/wp-json\/wp\/v2\/users\/1"}],"replies":[{"embeddable":true,"href":"https:\/\/usagers-transports.haut-allier.eu\/index.php\/wp-json\/wp\/v2\/comments?post=763"}],"version-history":[{"count":0,"href":"https:\/\/usagers-transports.haut-allier.eu\/index.php\/wp-json\/wp\/v2\/posts\/763\/revisions"}],"wp:featuredmedia":[{"embeddable":true,"href":"https:\/\/usagers-transports.haut-allier.eu\/index.php\/wp-json\/wp\/v2\/media\/3286"}],"wp:attachment":[{"href":"https:\/\/usagers-transports.haut-allier.eu\/index.php\/wp-json\/wp\/v2\/media?parent=763"}],"wp:term":[{"taxonomy":"category","embeddable":true,"href":"https:\/\/usagers-transports.haut-allier.eu\/index.php\/wp-json\/wp\/v2\/categories?post=763"},{"taxonomy":"post_tag","embeddable":true,"href":"https:\/\/usagers-transports.haut-allier.eu\/index.php\/wp-json\/wp\/v2\/tags?post=763"}],"curies":[{"name":"wp","href":"https:\/\/api.w.org\/{rel}","templated":true}]}}