{"id":764,"date":"2021-04-10T07:57:52","date_gmt":"2021-04-10T05:57:52","guid":{"rendered":"http:\/\/5.45.101.177\/haut-allier\/usagers-transportse\/index.php\/2021\/04\/10\/rive-droite-du-rhone-3eme-demande764\/"},"modified":"2021-04-10T07:57:52","modified_gmt":"2021-04-10T05:57:52","slug":"rive-droite-du-rhone-3eme-demande764","status":"publish","type":"post","link":"https:\/\/usagers-transports.haut-allier.eu\/index.php\/2021\/04\/10\/rive-droite-du-rhone-3eme-demande764\/","title":{"rendered":"Rive droite du Rh\u00f4ne : 3\u00e8me demande de r\u00e9ouverture aux voyageurs"},"content":{"rendered":"<p>Le toujours excellent blog <a href=\"http:\/\/raildusud.canalblog.com\/archives\/2021\/04\/10\/38869151.html#utm_medium=email&#038;utm_source=notification&#038;utm_campaign=raildusud\"><em>Raildusud<\/em> <\/a> vient de publier un point sur les avanc\u00e9es dans la r\u00e9ouverture aux voyageurs de la ligne de fret sur la rive droite du Rh\u00f4ne. Elle verra desservir pour la premi\u00e8re fois depuis des d\u00e9cennies certaines gares de l&rsquo;Ard\u00e8che, seul d\u00e9partement de France sans possibilit\u00e9 de prendre un train SNCF jusqu&rsquo;\u00e0 pr\u00e9sent. Cette nouvelle demande concerne Givors Serri\u00e8res apr\u00e8s Pont-Saint-Esprit-Avignon-N\u00eemes et Le Teil-La Voulte-Livron. Une d\u00e9marche port\u00e9e par une coalition d\u2019\u00e9lus municipaux et d\u2019associations apr\u00e8s les demandes de r\u00e9ouverture conjointes des deux r\u00e9gions d\u00e9sign\u00e9es Autorit\u00e9s Organisatrices des Transports, Occitanie pour la partie sud et Auvergne Rh\u00f4ne Alpes au nord qui prouvent que le dialogue interr\u00e9gional a su pr\u00e9dominer sur les clivages politiques pour le bien commun. Nous nous en f\u00e9licitons. En esp\u00e9rant que SNCF arr\u00eatera enfin sa politique syst\u00e9matique de freinage, retardant le plus possible tous les projets citoyens ou des collectivit\u00e9s \u00e0 l&rsquo;aide de faux pr\u00e9textes.    <\/p>\n<p><img loading=\"lazy\" decoding=\"async\" class=\" aligncenter size-full wp-image-3289\" src=\"http:\/\/5.45.101.177\/haut-allier\/usagers-transportse\/wp-content\/uploads\/2021\/04\/screenshot-raildusud.canalblog.com-2021.04.10-07_40_22-scaled.jpg\" alt=\"screenshot-raildusud.canalblog.com-2021.04.10-07_40_22.jpg\" align=\"center\" width=\"538\" height=\"2560\" srcset=\"https:\/\/usagers-transports.haut-allier.eu\/wp-content\/uploads\/2021\/04\/screenshot-raildusud.canalblog.com-2021.04.10-07_40_22-scaled.jpg 538w, https:\/\/usagers-transports.haut-allier.eu\/wp-content\/uploads\/2021\/04\/screenshot-raildusud.canalblog.com-2021.04.10-07_40_22-63x300.jpg 63w, https:\/\/usagers-transports.haut-allier.eu\/wp-content\/uploads\/2021\/04\/screenshot-raildusud.canalblog.com-2021.04.10-07_40_22-215x1024.jpg 215w, https:\/\/usagers-transports.haut-allier.eu\/wp-content\/uploads\/2021\/04\/screenshot-raildusud.canalblog.com-2021.04.10-07_40_22-768x3653.jpg 768w, https:\/\/usagers-transports.haut-allier.eu\/wp-content\/uploads\/2021\/04\/screenshot-raildusud.canalblog.com-2021.04.10-07_40_22-323x1536.jpg 323w\" sizes=\"auto, (max-width: 538px) 100vw, 538px\" \/><\/p>\n","protected":false},"excerpt":{"rendered":"<p>Le toujours excellent blog Raildusud vient de publier un point sur les avanc\u00e9es dans la r\u00e9ouverture aux voyageurs<\/p>\n","protected":false},"author":1,"featured_media":3288,"comment_status":"open","ping_status":"open","sticky":false,"template":"","format":"standard","meta":{"footnotes":""},"categories":[2],"tags":[],"class_list":["post-764","post","type-post","status-publish","format-standard","has-post-thumbnail","hentry","category-infos"],"_links":{"self":[{"href":"https:\/\/usagers-transports.haut-allier.eu\/index.php\/wp-json\/wp\/v2\/posts\/764","targetHints":{"allow":["GET"]}}],"collection":[{"href":"https:\/\/usagers-transports.haut-allier.eu\/index.php\/wp-json\/wp\/v2\/posts"}],"about":[{"href":"https:\/\/usagers-transports.haut-allier.eu\/index.php\/wp-json\/wp\/v2\/types\/post"}],"author":[{"embeddable":true,"href":"https:\/\/usagers-transports.haut-allier.eu\/index.php\/wp-json\/wp\/v2\/users\/1"}],"replies":[{"embeddable":true,"href":"https:\/\/usagers-transports.haut-allier.eu\/index.php\/wp-json\/wp\/v2\/comments?post=764"}],"version-history":[{"count":0,"href":"https:\/\/usagers-transports.haut-allier.eu\/index.php\/wp-json\/wp\/v2\/posts\/764\/revisions"}],"wp:featuredmedia":[{"embeddable":true,"href":"https:\/\/usagers-transports.haut-allier.eu\/index.php\/wp-json\/wp\/v2\/media\/3288"}],"wp:attachment":[{"href":"https:\/\/usagers-transports.haut-allier.eu\/index.php\/wp-json\/wp\/v2\/media?parent=764"}],"wp:term":[{"taxonomy":"category","embeddable":true,"href":"https:\/\/usagers-transports.haut-allier.eu\/index.php\/wp-json\/wp\/v2\/categories?post=764"},{"taxonomy":"post_tag","embeddable":true,"href":"https:\/\/usagers-transports.haut-allier.eu\/index.php\/wp-json\/wp\/v2\/tags?post=764"}],"curies":[{"name":"wp","href":"https:\/\/api.w.org\/{rel}","templated":true}]}}