{"id":765,"date":"2021-04-10T08:32:03","date_gmt":"2021-04-10T06:32:03","guid":{"rendered":"http:\/\/5.45.101.177\/haut-allier\/usagers-transportse\/index.php\/2021\/04\/10\/train-de-nuit-nimes-clermont-paris765\/"},"modified":"2021-04-10T08:32:03","modified_gmt":"2021-04-10T06:32:03","slug":"train-de-nuit-nimes-clermont-paris765","status":"publish","type":"post","link":"https:\/\/usagers-transports.haut-allier.eu\/index.php\/2021\/04\/10\/train-de-nuit-nimes-clermont-paris765\/","title":{"rendered":"Train de nuit N\u00eemes Clermont Paris : Auvergne Rh\u00f4ne Alpes a pris position et demande son retour"},"content":{"rendered":"<p>Nous venons de l&rsquo;apprendre, Martine Guibert, Vice-pr\u00e9sidente de la r\u00e9gion Auvergne Rh\u00f4ne Alpes charg\u00e9e des transports, a r\u00e9pondu fin 2020 au <a href=\"https:\/\/umap.openstreetmap.fr\/fr\/map\/conseillers-regionaux-engages-pour-les-trains-de-n_482770#7\/45.189\/3.190\"><em>Collectif Oui au Train de Nuit<\/em><\/a> qui l&rsquo;interrogeait sur la position de la collectivit\u00e9 vis \u00e0 vis des demandes de retour de trains de nuit.<br \/>\n&nbsp;<br \/>\nLa r\u00e9ponse d\u00e9taill\u00e9e (voir ci-dessous) concerne toutes les lignes qui traversent notre territoire et aussi la ligne du train C\u00e9venol puisqu&rsquo;il y est dit que le pr\u00e9sident de la r\u00e9gion a \u00e9crit sp\u00e9cifiquement au ministre des transports Djebarri pour <em>\u00ab\u00a0souligner l&rsquo;enjeu que repr\u00e9sente le train de nuit Paris Clermont Ferrand N\u00eemes pour l&rsquo;accessibilit\u00e9 et le d\u00e9veloppement du Massif central.\u00a0\u00bb<\/em><br \/>\n&nbsp;<br \/>\n<img decoding=\"async\" class=\" aligncenter size-full wp-image-3291\" src=\"http:\/\/5.45.101.177\/haut-allier\/usagers-transportse\/wp-content\/uploads\/2021\/04\/screenshot-drive.google.com-2021.04.10-07_42_36.jpg\" alt=\"screenshot-drive.google.com-2021.04.10-07_42_36.jpg\" align=\"center\" \/><br \/>\n&nbsp;<br \/>\nLe maire de Brioude, ville qui sign\u00e9 <a href=\"https:\/\/usagers-transports.haut-allier.eu\/?train-de-nuit-nimes-clermont-paris,688\"><em>notre proposition de voeu<\/em><\/a> pour ce retour, a donc \u00e9galement insist\u00e9 aupr\u00e8s de Laurent Wauquiez sur l&rsquo;importance de ce r\u00e9tablissement.<br \/>\n&nbsp;<br \/>\nMalgr\u00e9 les fuites r\u00e9centes dans la presse, le rapport sur les trains Intercit\u00e9s et de nuit command\u00e9 par le gouvernement et promis en d\u00e9cembre 2020 n&rsquo;a toujours pas \u00e9t\u00e9 remis aux d\u00e9put\u00e9s. Le sch\u00e9ma de retour de ces trains que propose le ministre d\u00e9l\u00e9gu\u00e9 Jean-Baptiste Djebarri est actuellement bloqu\u00e9 par le minist\u00e8re des finances.<br \/>\n&nbsp;<br \/>\nApr\u00e8s les beaux discours de nos gouvernants et surtout le d\u00e9sir des citoyens pour le retour des transports respectueux de la plan\u00e8te, en pleine p\u00e9riode de pand\u00e9mie li\u00e9e aux cons\u00e9quences d\u00e9sastreuses de la dominance d&rsquo;une loi du march\u00e9 d\u00e9sormais sans limites et des transports a\u00e9riens, il est tout-\u00e0-fait normal, que des milliards soient d\u00e9bloqu\u00e9s pour sauver Air France de la cata, et qu&rsquo;on rechigne pour trouver le budget n\u00e9cessaire au retour des transports doux demand\u00e9s par la population et les territoires.<br \/>\n&nbsp;<br \/>\nPas de volont\u00e9 r\u00e9elle politique donc au niveau national. Que du vent.<br \/>\n&nbsp;<br \/>\nLa lettre :<br \/>\n&nbsp;<br \/>\n<img loading=\"lazy\" decoding=\"async\" class=\" aligncenter size-full wp-image-3292\" src=\"http:\/\/5.45.101.177\/haut-allier\/usagers-transportse\/wp-content\/uploads\/2021\/04\/2020-12-21_martine_guibert_aura-1.jpg\" alt=\"2020-12-21_martine_guibert_aura-1.jpg\" align=\"center\" width=\"826\" height=\"1169\" srcset=\"https:\/\/usagers-transports.haut-allier.eu\/wp-content\/uploads\/2021\/04\/2020-12-21_martine_guibert_aura-1.jpg 826w, https:\/\/usagers-transports.haut-allier.eu\/wp-content\/uploads\/2021\/04\/2020-12-21_martine_guibert_aura-1-212x300.jpg 212w, https:\/\/usagers-transports.haut-allier.eu\/wp-content\/uploads\/2021\/04\/2020-12-21_martine_guibert_aura-1-724x1024.jpg 724w, https:\/\/usagers-transports.haut-allier.eu\/wp-content\/uploads\/2021\/04\/2020-12-21_martine_guibert_aura-1-768x1087.jpg 768w\" sizes=\"auto, (max-width: 826px) 100vw, 826px\" \/><br \/>\n&nbsp;<br \/>\n<img loading=\"lazy\" decoding=\"async\" class=\" aligncenter size-full wp-image-3293\" src=\"http:\/\/5.45.101.177\/haut-allier\/usagers-transportse\/wp-content\/uploads\/2021\/04\/2020-12-21_martine_guibert_aura-2.jpg\" alt=\"2020-12-21_martine_guibert_aura-2.jpg\" align=\"center\" width=\"826\" height=\"1169\" srcset=\"https:\/\/usagers-transports.haut-allier.eu\/wp-content\/uploads\/2021\/04\/2020-12-21_martine_guibert_aura-2.jpg 826w, https:\/\/usagers-transports.haut-allier.eu\/wp-content\/uploads\/2021\/04\/2020-12-21_martine_guibert_aura-2-212x300.jpg 212w, https:\/\/usagers-transports.haut-allier.eu\/wp-content\/uploads\/2021\/04\/2020-12-21_martine_guibert_aura-2-724x1024.jpg 724w, https:\/\/usagers-transports.haut-allier.eu\/wp-content\/uploads\/2021\/04\/2020-12-21_martine_guibert_aura-2-768x1087.jpg 768w\" sizes=\"auto, (max-width: 826px) 100vw, 826px\" \/><\/p>\n","protected":false},"excerpt":{"rendered":"<p>Nous venons de l&rsquo;apprendre, Martine Guibert, Vice-pr\u00e9sidente de la r\u00e9gion Auvergne Rh\u00f4ne Alpes charg\u00e9e des transports, a r\u00e9pondu<\/p>\n","protected":false},"author":1,"featured_media":3290,"comment_status":"open","ping_status":"open","sticky":false,"template":"","format":"standard","meta":{"footnotes":""},"categories":[2],"tags":[],"class_list":["post-765","post","type-post","status-publish","format-standard","has-post-thumbnail","hentry","category-infos"],"_links":{"self":[{"href":"https:\/\/usagers-transports.haut-allier.eu\/index.php\/wp-json\/wp\/v2\/posts\/765","targetHints":{"allow":["GET"]}}],"collection":[{"href":"https:\/\/usagers-transports.haut-allier.eu\/index.php\/wp-json\/wp\/v2\/posts"}],"about":[{"href":"https:\/\/usagers-transports.haut-allier.eu\/index.php\/wp-json\/wp\/v2\/types\/post"}],"author":[{"embeddable":true,"href":"https:\/\/usagers-transports.haut-allier.eu\/index.php\/wp-json\/wp\/v2\/users\/1"}],"replies":[{"embeddable":true,"href":"https:\/\/usagers-transports.haut-allier.eu\/index.php\/wp-json\/wp\/v2\/comments?post=765"}],"version-history":[{"count":0,"href":"https:\/\/usagers-transports.haut-allier.eu\/index.php\/wp-json\/wp\/v2\/posts\/765\/revisions"}],"wp:featuredmedia":[{"embeddable":true,"href":"https:\/\/usagers-transports.haut-allier.eu\/index.php\/wp-json\/wp\/v2\/media\/3290"}],"wp:attachment":[{"href":"https:\/\/usagers-transports.haut-allier.eu\/index.php\/wp-json\/wp\/v2\/media?parent=765"}],"wp:term":[{"taxonomy":"category","embeddable":true,"href":"https:\/\/usagers-transports.haut-allier.eu\/index.php\/wp-json\/wp\/v2\/categories?post=765"},{"taxonomy":"post_tag","embeddable":true,"href":"https:\/\/usagers-transports.haut-allier.eu\/index.php\/wp-json\/wp\/v2\/tags?post=765"}],"curies":[{"name":"wp","href":"https:\/\/api.w.org\/{rel}","templated":true}]}}