{"id":766,"date":"2021-04-12T14:08:21","date_gmt":"2021-04-12T12:08:21","guid":{"rendered":"http:\/\/5.45.101.177\/haut-allier\/usagers-transportse\/index.php\/2021\/04\/12\/le-troncon-suspendu-thiers-boen766\/"},"modified":"2021-04-12T14:08:21","modified_gmt":"2021-04-12T12:08:21","slug":"le-troncon-suspendu-thiers-boen766","status":"publish","type":"post","link":"https:\/\/usagers-transports.haut-allier.eu\/index.php\/2021\/04\/12\/le-troncon-suspendu-thiers-boen766\/","title":{"rendered":"Le tron\u00e7on suspendu Thiers Bo\u00ebn serait inscrit au nouveau CPER Etat \/ R\u00e9gion Auvergne Rh\u00f4ne Alpes : faut-il le croire ?"},"content":{"rendered":"<p>Quelle a \u00e9t\u00e9 la surprise de ce membre du <a href=\"https:\/\/letrain634269.org\"><em>Collectif pour la r\u00e9ouverture de la ligne Clermont Ferrand Thiers Bo\u00ebn Saint-Etienne<\/em><\/a> lorsqu&rsquo;un membre de l&rsquo;\u00e9quipe de campagne de Laurent Wauquiez, pr\u00e9sident de la r\u00e9gion Auvergne Rh\u00f4ne Alpes, r\u00e9pond \u00e0 une de ses remarques sur Twitter&#8230;<br \/>\n&nbsp;<br \/>\n<img loading=\"lazy\" decoding=\"async\" class=\" aligncenter size-full wp-image-3295\" src=\"http:\/\/5.45.101.177\/haut-allier\/usagers-transportse\/wp-content\/uploads\/2021\/04\/screenshot-twitter.com-2021.04.12-13_42_25z.jpg\" alt=\"screenshot-twitter.com-2021.04.12-13_42_25z.jpg\" align=\"center\" width=\"607\" height=\"112\" srcset=\"https:\/\/usagers-transports.haut-allier.eu\/wp-content\/uploads\/2021\/04\/screenshot-twitter.com-2021.04.12-13_42_25z.jpg 607w, https:\/\/usagers-transports.haut-allier.eu\/wp-content\/uploads\/2021\/04\/screenshot-twitter.com-2021.04.12-13_42_25z-300x55.jpg 300w\" sizes=\"auto, (max-width: 607px) 100vw, 607px\" \/><br \/>\n&nbsp;<br \/>\n&#8230;que la ligne Thiers Bo\u00ebn est bien inscrite au CPER en d\u00e9bat actuellement ! Mais de quoi parle-t-on ? De sa r\u00e9ouverture ? De l&rsquo;\u00e9tude promise ?<br \/>\n&nbsp;<br \/>\nRappelons que Laurent Wauquiez avait expliqu\u00e9 que ce n&rsquo;\u00e9tait pas le bon endroit o\u00f9 trouver son financement lors de <a href=\"https:\/\/usagers-transports.haut-allier.eu\/?ligne-clermont-ferrand-thiers-boen,743\"><em>la s\u00e9ance pl\u00e9ni\u00e8re du conseil r\u00e9gional du 24 f\u00e9vrier<\/em><\/a> mais qu&rsquo;il lui pr\u00e9f\u00e9rait une \u00e9tude de faisabilit\u00e9. Histoire de faire tra\u00eener un peu.<br \/>\n&nbsp;<br \/>\nD&rsquo;o\u00f9 cet \u00e9change int\u00e9ressant sur Twitter qui a le m\u00e9rite de rappeler clairement les choses :<br \/>\n&nbsp;<br \/>\n<img loading=\"lazy\" decoding=\"async\" class=\" aligncenter size-full wp-image-3296\" src=\"http:\/\/5.45.101.177\/haut-allier\/usagers-transportse\/wp-content\/uploads\/2021\/04\/screenshot-twitter.com-2021.04.12-13_42_25.jpg\" alt=\"screenshot-twitter.com-2021.04.12-13_42_25.jpg\" align=\"center\" width=\"607\" height=\"1467\" srcset=\"https:\/\/usagers-transports.haut-allier.eu\/wp-content\/uploads\/2021\/04\/screenshot-twitter.com-2021.04.12-13_42_25.jpg 607w, https:\/\/usagers-transports.haut-allier.eu\/wp-content\/uploads\/2021\/04\/screenshot-twitter.com-2021.04.12-13_42_25-124x300.jpg 124w, https:\/\/usagers-transports.haut-allier.eu\/wp-content\/uploads\/2021\/04\/screenshot-twitter.com-2021.04.12-13_42_25-424x1024.jpg 424w\" sizes=\"auto, (max-width: 607px) 100vw, 607px\" \/><br \/>\n&nbsp;<br \/>\nAlors du vent ? Le doute demeure et le Collectif attend une annonce officielle.<\/p>\n","protected":false},"excerpt":{"rendered":"<p>Quelle a \u00e9t\u00e9 la surprise de ce membre du Collectif pour la r\u00e9ouverture de la ligne Clermont Ferrand<\/p>\n","protected":false},"author":1,"featured_media":3294,"comment_status":"open","ping_status":"open","sticky":false,"template":"","format":"standard","meta":{"footnotes":""},"categories":[2],"tags":[],"class_list":["post-766","post","type-post","status-publish","format-standard","has-post-thumbnail","hentry","category-infos"],"_links":{"self":[{"href":"https:\/\/usagers-transports.haut-allier.eu\/index.php\/wp-json\/wp\/v2\/posts\/766","targetHints":{"allow":["GET"]}}],"collection":[{"href":"https:\/\/usagers-transports.haut-allier.eu\/index.php\/wp-json\/wp\/v2\/posts"}],"about":[{"href":"https:\/\/usagers-transports.haut-allier.eu\/index.php\/wp-json\/wp\/v2\/types\/post"}],"author":[{"embeddable":true,"href":"https:\/\/usagers-transports.haut-allier.eu\/index.php\/wp-json\/wp\/v2\/users\/1"}],"replies":[{"embeddable":true,"href":"https:\/\/usagers-transports.haut-allier.eu\/index.php\/wp-json\/wp\/v2\/comments?post=766"}],"version-history":[{"count":0,"href":"https:\/\/usagers-transports.haut-allier.eu\/index.php\/wp-json\/wp\/v2\/posts\/766\/revisions"}],"wp:featuredmedia":[{"embeddable":true,"href":"https:\/\/usagers-transports.haut-allier.eu\/index.php\/wp-json\/wp\/v2\/media\/3294"}],"wp:attachment":[{"href":"https:\/\/usagers-transports.haut-allier.eu\/index.php\/wp-json\/wp\/v2\/media?parent=766"}],"wp:term":[{"taxonomy":"category","embeddable":true,"href":"https:\/\/usagers-transports.haut-allier.eu\/index.php\/wp-json\/wp\/v2\/categories?post=766"},{"taxonomy":"post_tag","embeddable":true,"href":"https:\/\/usagers-transports.haut-allier.eu\/index.php\/wp-json\/wp\/v2\/tags?post=766"}],"curies":[{"name":"wp","href":"https:\/\/api.w.org\/{rel}","templated":true}]}}