{"id":767,"date":"2021-04-15T15:41:42","date_gmt":"2021-04-15T13:41:42","guid":{"rendered":"http:\/\/5.45.101.177\/haut-allier\/usagers-transportse\/index.php\/2021\/04\/15\/ligne-nimes-clermont-fd-et-gare-d767\/"},"modified":"2021-04-15T15:41:42","modified_gmt":"2021-04-15T13:41:42","slug":"ligne-nimes-clermont-fd-et-gare-d767","status":"publish","type":"post","link":"https:\/\/usagers-transports.haut-allier.eu\/index.php\/2021\/04\/15\/ligne-nimes-clermont-fd-et-gare-d767\/","title":{"rendered":"Ligne N\u00eemes Clermont-Fd et gare d&rsquo;Alleyras dans les gorges de l&rsquo;Allier : les r\u00e9ponses d\u00e9cevantes de la SNCF"},"content":{"rendered":"<p>Suite \u00e0 notre courrier du 2 mars dernier&#8230;<br \/>\n&nbsp;<br \/>\n<img loading=\"lazy\" decoding=\"async\" class=\" aligncenter size-full wp-image-3298\" src=\"http:\/\/5.45.101.177\/haut-allier\/usagers-transportse\/wp-content\/uploads\/2021\/04\/lettre-region-auvergne-rhone-alpes-sncf-reseau-02mars2021-min-00.jpg\" alt=\"lettre-region-auvergne-rhone-alpes-sncf-reseau-02mars2021-min-00.jpg\" align=\"center\" width=\"826\" height=\"1169\" srcset=\"https:\/\/usagers-transports.haut-allier.eu\/wp-content\/uploads\/2021\/04\/lettre-region-auvergne-rhone-alpes-sncf-reseau-02mars2021-min-00.jpg 826w, https:\/\/usagers-transports.haut-allier.eu\/wp-content\/uploads\/2021\/04\/lettre-region-auvergne-rhone-alpes-sncf-reseau-02mars2021-min-00-212x300.jpg 212w, https:\/\/usagers-transports.haut-allier.eu\/wp-content\/uploads\/2021\/04\/lettre-region-auvergne-rhone-alpes-sncf-reseau-02mars2021-min-00-724x1024.jpg 724w, https:\/\/usagers-transports.haut-allier.eu\/wp-content\/uploads\/2021\/04\/lettre-region-auvergne-rhone-alpes-sncf-reseau-02mars2021-min-00-768x1087.jpg 768w\" sizes=\"auto, (max-width: 826px) 100vw, 826px\" \/><br \/>\n<img loading=\"lazy\" decoding=\"async\" class=\" aligncenter size-full wp-image-3299\" src=\"http:\/\/5.45.101.177\/haut-allier\/usagers-transportse\/wp-content\/uploads\/2021\/04\/lettre-region-auvergne-rhone-alpes-sncf-reseau-02mars2021-min-01.jpg\" alt=\"lettre-region-auvergne-rhone-alpes-sncf-reseau-02mars2021-min-01.jpg\" align=\"center\" width=\"826\" height=\"1169\" srcset=\"https:\/\/usagers-transports.haut-allier.eu\/wp-content\/uploads\/2021\/04\/lettre-region-auvergne-rhone-alpes-sncf-reseau-02mars2021-min-01.jpg 826w, https:\/\/usagers-transports.haut-allier.eu\/wp-content\/uploads\/2021\/04\/lettre-region-auvergne-rhone-alpes-sncf-reseau-02mars2021-min-01-212x300.jpg 212w, https:\/\/usagers-transports.haut-allier.eu\/wp-content\/uploads\/2021\/04\/lettre-region-auvergne-rhone-alpes-sncf-reseau-02mars2021-min-01-724x1024.jpg 724w, https:\/\/usagers-transports.haut-allier.eu\/wp-content\/uploads\/2021\/04\/lettre-region-auvergne-rhone-alpes-sncf-reseau-02mars2021-min-01-768x1087.jpg 768w\" sizes=\"auto, (max-width: 826px) 100vw, 826px\" \/><br \/>\n<img loading=\"lazy\" decoding=\"async\" class=\" aligncenter size-full wp-image-3300\" src=\"http:\/\/5.45.101.177\/haut-allier\/usagers-transportse\/wp-content\/uploads\/2021\/04\/lettre-region-auvergne-rhone-alpes-sncf-reseau-02mars2021-min-02.jpg\" alt=\"lettre-region-auvergne-rhone-alpes-sncf-reseau-02mars2021-min-02.jpg\" align=\"center\" width=\"826\" height=\"1169\" srcset=\"https:\/\/usagers-transports.haut-allier.eu\/wp-content\/uploads\/2021\/04\/lettre-region-auvergne-rhone-alpes-sncf-reseau-02mars2021-min-02.jpg 826w, https:\/\/usagers-transports.haut-allier.eu\/wp-content\/uploads\/2021\/04\/lettre-region-auvergne-rhone-alpes-sncf-reseau-02mars2021-min-02-212x300.jpg 212w, https:\/\/usagers-transports.haut-allier.eu\/wp-content\/uploads\/2021\/04\/lettre-region-auvergne-rhone-alpes-sncf-reseau-02mars2021-min-02-724x1024.jpg 724w, https:\/\/usagers-transports.haut-allier.eu\/wp-content\/uploads\/2021\/04\/lettre-region-auvergne-rhone-alpes-sncf-reseau-02mars2021-min-02-768x1087.jpg 768w\" sizes=\"auto, (max-width: 826px) 100vw, 826px\" \/><br \/>\n&nbsp;<br \/>\nJean-Pierre Farandou, PDG de la SNCF, a demand\u00e9 \u00e0 Alain Thauvette Directeur r\u00e9gional SNCF Lyon de nous r\u00e9pondre. R\u00e9sultats : des r\u00e9ponses bien maigres pour nos attentes.<br \/>\n&nbsp;<br \/>\nToute la panoplie des pr\u00e9textes habituels sont invoqu\u00e9s dans la r\u00e9ponse envoy\u00e9e ce jour. Nous avons surlign\u00e9 les passages qui sortent du blabla habituel :<br \/>\n&nbsp;<br \/>\n<img loading=\"lazy\" decoding=\"async\" class=\" aligncenter size-full wp-image-3301\" src=\"http:\/\/5.45.101.177\/haut-allier\/usagers-transportse\/wp-content\/uploads\/2021\/04\/courrier_marc_gouttebroze_150421-1.jpg\" alt=\"courrier_marc_gouttebroze_150421-1.jpg\" align=\"center\" width=\"826\" height=\"1169\" srcset=\"https:\/\/usagers-transports.haut-allier.eu\/wp-content\/uploads\/2021\/04\/courrier_marc_gouttebroze_150421-1.jpg 826w, https:\/\/usagers-transports.haut-allier.eu\/wp-content\/uploads\/2021\/04\/courrier_marc_gouttebroze_150421-1-212x300.jpg 212w, https:\/\/usagers-transports.haut-allier.eu\/wp-content\/uploads\/2021\/04\/courrier_marc_gouttebroze_150421-1-724x1024.jpg 724w, https:\/\/usagers-transports.haut-allier.eu\/wp-content\/uploads\/2021\/04\/courrier_marc_gouttebroze_150421-1-768x1087.jpg 768w\" sizes=\"auto, (max-width: 826px) 100vw, 826px\" \/><br \/>\n<img loading=\"lazy\" decoding=\"async\" class=\" aligncenter size-full wp-image-3302\" src=\"http:\/\/5.45.101.177\/haut-allier\/usagers-transportse\/wp-content\/uploads\/2021\/04\/courrier_marc_gouttebroze_150421-2.jpg\" alt=\"courrier_marc_gouttebroze_150421-2.jpg\" align=\"center\" width=\"826\" height=\"1169\" srcset=\"https:\/\/usagers-transports.haut-allier.eu\/wp-content\/uploads\/2021\/04\/courrier_marc_gouttebroze_150421-2.jpg 826w, https:\/\/usagers-transports.haut-allier.eu\/wp-content\/uploads\/2021\/04\/courrier_marc_gouttebroze_150421-2-212x300.jpg 212w, https:\/\/usagers-transports.haut-allier.eu\/wp-content\/uploads\/2021\/04\/courrier_marc_gouttebroze_150421-2-724x1024.jpg 724w, https:\/\/usagers-transports.haut-allier.eu\/wp-content\/uploads\/2021\/04\/courrier_marc_gouttebroze_150421-2-768x1087.jpg 768w\" sizes=\"auto, (max-width: 826px) 100vw, 826px\" \/><br \/>\n&nbsp;<br \/>\nAinsi, <strong>\u00e0 part un changement de cl\u00f4ture (!) et des casiers v\u00e9los bienvenus quand m\u00eame<\/strong>, les bonnes aubaines, SNCF botte en touche sur le passage pi\u00e9ton n\u00e9cessaire \u00e0 un acc\u00e8s depuis l&rsquo;avenue de la gare et ses parkings voitures, pr\u00e9textant que le trafic des voyageurs est insuffisant alors qu&rsquo;il est sup\u00e9rieur aux gares de Chapeauroux et Monistrol d&rsquo;Allier qui en sont \u00e9quip\u00e9s. Aussi sur le changement des mats \/ IPN de lampadaires datant d&rsquo;une autre \u00e9poque o\u00f9 elle sp\u00e9cifie que rien n&rsquo;est pr\u00e9vu \u00e0 ce stade. Aussi sur l&rsquo;agrandissement de la halte. On se fiche clairement des usagers. Il faudra sans doute attendre 2050.<br \/>\n&nbsp;<br \/>\nCe que nous attendons surtout c&rsquo;est le renouvellement de la voie RAILS TRAVERSES ET BALLAST entre Chapeauroux et Monistrol d&rsquo;Allier avec le rel\u00e8vement des vitesses au niveau pour lequel la ligne a \u00e9t\u00e9 \u00e9difi\u00e9.<br \/>\n&nbsp;<br \/>\nMais \u00e7a c&rsquo;est de l&rsquo;ordre de l&rsquo;impossible pour SNCF qui refuse de d\u00e9penser un kopeck pour le tron\u00e7on. Tron\u00e7on Chapeauroux &#8211; Monistrol qui lui sert de pr\u00e9texte pour que chaque ann\u00e9e la soci\u00e9t\u00e9 dite ferroviaire pleure un budget aupr\u00e8s des collectivit\u00e9s locales en mena\u00e7ant de fermeture. Alors qu&rsquo;elle est en train de tout renouveler entre Langogne et Labastide c\u00f4t\u00e9 Occitanie.<br \/>\n&nbsp;<br \/>\nGestion du r\u00e9seau et politique sont apparemment de plus en plus li\u00e9s.<br \/>\n&nbsp; <\/p>\n","protected":false},"excerpt":{"rendered":"<p>Suite \u00e0 notre courrier du 2 mars dernier&#8230; &nbsp; &nbsp; Jean-Pierre Farandou, PDG de la SNCF, a demand\u00e9<\/p>\n","protected":false},"author":1,"featured_media":3297,"comment_status":"open","ping_status":"open","sticky":false,"template":"","format":"standard","meta":{"footnotes":""},"categories":[2],"tags":[],"class_list":["post-767","post","type-post","status-publish","format-standard","has-post-thumbnail","hentry","category-infos"],"_links":{"self":[{"href":"https:\/\/usagers-transports.haut-allier.eu\/index.php\/wp-json\/wp\/v2\/posts\/767","targetHints":{"allow":["GET"]}}],"collection":[{"href":"https:\/\/usagers-transports.haut-allier.eu\/index.php\/wp-json\/wp\/v2\/posts"}],"about":[{"href":"https:\/\/usagers-transports.haut-allier.eu\/index.php\/wp-json\/wp\/v2\/types\/post"}],"author":[{"embeddable":true,"href":"https:\/\/usagers-transports.haut-allier.eu\/index.php\/wp-json\/wp\/v2\/users\/1"}],"replies":[{"embeddable":true,"href":"https:\/\/usagers-transports.haut-allier.eu\/index.php\/wp-json\/wp\/v2\/comments?post=767"}],"version-history":[{"count":0,"href":"https:\/\/usagers-transports.haut-allier.eu\/index.php\/wp-json\/wp\/v2\/posts\/767\/revisions"}],"wp:featuredmedia":[{"embeddable":true,"href":"https:\/\/usagers-transports.haut-allier.eu\/index.php\/wp-json\/wp\/v2\/media\/3297"}],"wp:attachment":[{"href":"https:\/\/usagers-transports.haut-allier.eu\/index.php\/wp-json\/wp\/v2\/media?parent=767"}],"wp:term":[{"taxonomy":"category","embeddable":true,"href":"https:\/\/usagers-transports.haut-allier.eu\/index.php\/wp-json\/wp\/v2\/categories?post=767"},{"taxonomy":"post_tag","embeddable":true,"href":"https:\/\/usagers-transports.haut-allier.eu\/index.php\/wp-json\/wp\/v2\/tags?post=767"}],"curies":[{"name":"wp","href":"https:\/\/api.w.org\/{rel}","templated":true}]}}