{"id":768,"date":"2021-04-16T21:55:41","date_gmt":"2021-04-16T19:55:41","guid":{"rendered":"http:\/\/5.45.101.177\/haut-allier\/usagers-transportse\/index.php\/2021\/04\/16\/reouverture-de-la-ligne-ales768\/"},"modified":"2021-04-16T21:55:41","modified_gmt":"2021-04-16T19:55:41","slug":"reouverture-de-la-ligne-ales768","status":"publish","type":"post","link":"https:\/\/usagers-transports.haut-allier.eu\/index.php\/2021\/04\/16\/reouverture-de-la-ligne-ales768\/","title":{"rendered":"R\u00e9ouverture de la ligne Al\u00e8s Bess\u00e8ges : quelques riverains hostiles au train d\u00e9fendent leur bout de gras"},"content":{"rendered":"<p>Comment peut-on \u00eatre \u00e0 ce point individualistes et \u00e0 quelle triste \u00e9poque vivons nous ? Un groupe de quelques personnes vient de lancer une p\u00e9tition contre la r\u00e9ouverture de la ligne ferroviaire Al\u00e8s Bess\u00e8ges dans le seul but apparent est de ne pas \u00eatre ni g\u00ean\u00e9 par <em>\u00ab\u00a0le bruit des trains\u00a0\u00bb<\/em> ni par la soit-disante d\u00e9valuation que subiraient leurs biens immobiliers !<br \/>\n&nbsp;<br \/>\nC&rsquo;est le monde \u00e0 l&rsquo;envers. Alors qu&rsquo;ailleurs on demande du transport collectif par train, le plus \u00e9cologique et le plus zen, dans les campagnes pour les revitaliser, ici ces quelques individus, au lieu de se r\u00e9jouir des nouvelles facilit\u00e9s pour leurs allers venues du quotidien, dont ils seront les premiers \u00e0 b\u00e9n\u00e9ficier, grinchent pour peut-\u00eatre esp\u00e9rer un \u00ab\u00a0gros d\u00e9dommagement p\u00e9cunier\u00a0\u00bb suite \u00e0 un pr\u00e9tendu d\u00e9sagr\u00e9ment&#8230;<br \/>\n&nbsp;<br \/>\nIls r\u00eavent.<br \/>\n&nbsp;<br \/>\nNous souhaitons que les collectivit\u00e9s, la SNCF, la r\u00e9gion Occitanie restent sourdes \u00e0 une demande n\u00e9e de l&rsquo;attitude de quelques privil\u00e9gi\u00e9s que nous jugeons tr\u00e8s agressive pour l&rsquo;int\u00e9r\u00eat commun et particuli\u00e8rement malsaine.<br \/>\n&nbsp;<br \/>\n<strong>Tout notre soutien au Collectif de soutien pour la r\u00e9ouverture de la ligne Al\u00e8s Bess\u00e8ges, toute notre reconnaissance \u00e0 la r\u00e9gion Occitanie et \u00e0 son vice-pr\u00e9sident des transports Jean-Luc Gibelin tr\u00e8s actif sur le dossier ainsi qu&rsquo;\u00e0 tous les acteurs.<\/strong><br \/>\n&nbsp;<br \/>\nOn pourra appr\u00e9cier \u00e0 leur juste valeur les arguments des antis trains sur les sites d&rsquo;information :<br \/>\n&nbsp;<br \/>\nSur France Bleu Gard Loz\u00e8re : <a href=\"https:\/\/www.francebleu.fr\/infos\/elections\/un-collectif-contre-la-reouverture-de-la-ligne-sncf-ales-besseges-tente-de-se-faire-entendre-1618422130\"><em>Un collectif contre la r\u00e9ouverture de la ligne SNCF Al\u00e8s-Bess\u00e8ges tente de se faire entendre<\/em><\/a><br \/>\n&nbsp;<br \/>\nDans Objectif Gard : <a href=\"https:\/\/www.objectifgard.com\/2021\/04\/13\/saint-privat-des-vieux-la-rehabilitation-de-la-ligne-ferroviaire-ales-besseges-ne-fait-pas-que-des-heureux\/\"><em>Saint-Privat-des-Vieux &#8211; La r\u00e9habilitation de la ligne ferroviaire Al\u00e8s-Bess\u00e8ges ne fait pas que des heureux<\/em><\/a><br \/>\n&nbsp;<br \/>\nPour rigoler : <a href=\"https:\/\/www.facebook.com\/groups\/293861868922760\">leur facebouk<\/a>.<br \/>\n&nbsp;<br \/>\n<em>[image logo : Actu TER Occitanie]<\/em><\/p>\n","protected":false},"excerpt":{"rendered":"<p>Comment peut-on \u00eatre \u00e0 ce point individualistes et \u00e0 quelle triste \u00e9poque vivons nous ? Un groupe de<\/p>\n","protected":false},"author":1,"featured_media":3303,"comment_status":"open","ping_status":"open","sticky":false,"template":"","format":"standard","meta":{"footnotes":""},"categories":[2],"tags":[],"class_list":["post-768","post","type-post","status-publish","format-standard","has-post-thumbnail","hentry","category-infos"],"_links":{"self":[{"href":"https:\/\/usagers-transports.haut-allier.eu\/index.php\/wp-json\/wp\/v2\/posts\/768","targetHints":{"allow":["GET"]}}],"collection":[{"href":"https:\/\/usagers-transports.haut-allier.eu\/index.php\/wp-json\/wp\/v2\/posts"}],"about":[{"href":"https:\/\/usagers-transports.haut-allier.eu\/index.php\/wp-json\/wp\/v2\/types\/post"}],"author":[{"embeddable":true,"href":"https:\/\/usagers-transports.haut-allier.eu\/index.php\/wp-json\/wp\/v2\/users\/1"}],"replies":[{"embeddable":true,"href":"https:\/\/usagers-transports.haut-allier.eu\/index.php\/wp-json\/wp\/v2\/comments?post=768"}],"version-history":[{"count":0,"href":"https:\/\/usagers-transports.haut-allier.eu\/index.php\/wp-json\/wp\/v2\/posts\/768\/revisions"}],"wp:featuredmedia":[{"embeddable":true,"href":"https:\/\/usagers-transports.haut-allier.eu\/index.php\/wp-json\/wp\/v2\/media\/3303"}],"wp:attachment":[{"href":"https:\/\/usagers-transports.haut-allier.eu\/index.php\/wp-json\/wp\/v2\/media?parent=768"}],"wp:term":[{"taxonomy":"category","embeddable":true,"href":"https:\/\/usagers-transports.haut-allier.eu\/index.php\/wp-json\/wp\/v2\/categories?post=768"},{"taxonomy":"post_tag","embeddable":true,"href":"https:\/\/usagers-transports.haut-allier.eu\/index.php\/wp-json\/wp\/v2\/tags?post=768"}],"curies":[{"name":"wp","href":"https:\/\/api.w.org\/{rel}","templated":true}]}}