{"id":769,"date":"2021-04-30T21:08:08","date_gmt":"2021-04-30T19:08:08","guid":{"rendered":"http:\/\/5.45.101.177\/haut-allier\/usagers-transportse\/index.php\/2021\/04\/30\/ligne-du-train-cevenol-le-projet769\/"},"modified":"2021-04-30T21:08:08","modified_gmt":"2021-04-30T19:08:08","slug":"ligne-du-train-cevenol-le-projet769","status":"publish","type":"post","link":"https:\/\/usagers-transports.haut-allier.eu\/index.php\/2021\/04\/30\/ligne-du-train-cevenol-le-projet769\/","title":{"rendered":"Ligne du train C\u00e9venol : le projet de fiche horaires pour le 3 juillet avec un aller retour de plus"},"content":{"rendered":"<p>La r\u00e9gion Auvergne Rh\u00f4ne Alpes vient de communiquer son projet d&rsquo;horaires TER pour la ligne N\u00eemes Clermont-Ferrand de la fin des travaux le 3 juillet \u00e0 d\u00e9but d\u00e9cembre. Il s&rsquo;agit bien d&rsquo;un projet qui doit encore avoir l&rsquo;aval de SNCF R\u00e9seau.<br \/>\n&nbsp;<br \/>\n<img loading=\"lazy\" decoding=\"async\" class=\" aligncenter size-full wp-image-3305\" src=\"http:\/\/5.45.101.177\/haut-allier\/usagers-transportse\/wp-content\/uploads\/2021\/04\/projet-horaires-ete-2021-ligne-des-cevennes-a.jpg\" alt=\"projet-horaires-ete-2021-ligne-des-cevennes-a.jpg\" align=\"center\" width=\"1322\" height=\"843\" srcset=\"https:\/\/usagers-transports.haut-allier.eu\/wp-content\/uploads\/2021\/04\/projet-horaires-ete-2021-ligne-des-cevennes-a.jpg 1322w, https:\/\/usagers-transports.haut-allier.eu\/wp-content\/uploads\/2021\/04\/projet-horaires-ete-2021-ligne-des-cevennes-a-300x191.jpg 300w, https:\/\/usagers-transports.haut-allier.eu\/wp-content\/uploads\/2021\/04\/projet-horaires-ete-2021-ligne-des-cevennes-a-1024x653.jpg 1024w, https:\/\/usagers-transports.haut-allier.eu\/wp-content\/uploads\/2021\/04\/projet-horaires-ete-2021-ligne-des-cevennes-a-768x490.jpg 768w\" sizes=\"auto, (max-width: 1322px) 100vw, 1322px\" \/><br \/>\n&nbsp;<br \/>\n<img loading=\"lazy\" decoding=\"async\" class=\" aligncenter size-full wp-image-3306\" src=\"http:\/\/5.45.101.177\/haut-allier\/usagers-transportse\/wp-content\/uploads\/2021\/04\/projet-horaires-ete-2021-ligne-des-cevennes-b.jpg\" alt=\"projet-horaires-ete-2021-ligne-des-cevennes-b.jpg\" align=\"center\" width=\"1301\" height=\"744\" srcset=\"https:\/\/usagers-transports.haut-allier.eu\/wp-content\/uploads\/2021\/04\/projet-horaires-ete-2021-ligne-des-cevennes-b.jpg 1301w, https:\/\/usagers-transports.haut-allier.eu\/wp-content\/uploads\/2021\/04\/projet-horaires-ete-2021-ligne-des-cevennes-b-300x172.jpg 300w, https:\/\/usagers-transports.haut-allier.eu\/wp-content\/uploads\/2021\/04\/projet-horaires-ete-2021-ligne-des-cevennes-b-1024x586.jpg 1024w, https:\/\/usagers-transports.haut-allier.eu\/wp-content\/uploads\/2021\/04\/projet-horaires-ete-2021-ligne-des-cevennes-b-768x439.jpg 768w\" sizes=\"auto, (max-width: 1301px) 100vw, 1301px\" \/><br \/>\n&nbsp;<br \/>\n<strong>Un 4\u00e8me aller retour comme promis ?<\/strong><br \/>\n&nbsp;<br \/>\nCette 4\u00e8me circulation promise le week-end durant l&rsquo;\u00e9t\u00e9 se transforme en :<br \/>\n&nbsp;<br \/>\n[fond noir][blanc]Le samedi :[\/blanc][\/fond noir]<\/p>\n<p>4 trains dans un sens (3 auparavant)<\/p>\n<table>\n<tbody>\n<tr class='row_even'>\n<td> Clermont <\/td>\n<td> 7h34 <\/td>\n<td> <strong>9h18<\/strong> <\/td>\n<td> 12h53 <\/td>\n<td> 16h40 <\/td>\n<\/tr>\n<tr class='row_odd'>\n<td> Langogne <\/td>\n<td> 10h26 <\/td>\n<td> <strong>12h27\/12h44<\/strong> <\/td>\n<td> 15h48 <\/td>\n<td> 19h43 <\/td>\n<\/tr>\n<tr class='row_even'>\n<td> N\u00eemes <\/td>\n<td> 12h40 <\/td>\n<td> <strong>15h04<\/strong> <\/td>\n<td> 18h02 <\/td>\n<td> 22h04 <\/td>\n<\/tr>\n<\/tbody>\n<\/table>\n<p>Horaires jusqu&rsquo;au 11 d\u00e9cembre sauf pour le 9h18 jusqu&rsquo;au 29 ao\u00fbt.<br \/>\nToutes gares desservies sauf pour St Georges d&rsquo;Aurac.<br \/>\n&nbsp;<br \/>\n3 trains dans l&rsquo;autre (2 auparavant)<\/p>\n<table>\n<tbody>\n<tr class='row_even'>\n<td> N\u00eemes <\/td>\n<td> 8h13 <\/td>\n<td> <strong>9h57<\/strong> <\/td>\n<td> 14h18 <\/td>\n<\/tr>\n<tr class='row_odd'>\n<td> Langogne <\/td>\n<td> 10h27 <\/td>\n<td> <strong>12h15\/12h52<\/strong> <\/td>\n<td> 16h30 <\/td>\n<\/tr>\n<tr class='row_even'>\n<td> Clermont <\/td>\n<td> 13h20 <\/td>\n<td> <strong>15h48<\/strong> <\/td>\n<td> 19h16 <\/td>\n<\/tr>\n<\/tbody>\n<\/table>\n<p>Horaires jusqu&rsquo;au 11 d\u00e9cembre sauf pour le 9h57 jusqu&rsquo;au 29 ao\u00fbt.<br \/>\nToutes gares desservies sauf pour Chapeauroux.<br \/>\n&nbsp;<br \/>\n[fond noir][blanc]Le dimanche  :[\/blanc][\/fond noir]<\/p>\n<p>3 trains dans un sens (2 auparavant)<\/p>\n<table>\n<tbody>\n<tr class='row_even'>\n<td> Clermont <\/td>\n<td> <strong>9h18<\/strong> <\/td>\n<td> 12h53 <\/td>\n<td> 16h40 <\/td>\n<\/tr>\n<tr class='row_odd'>\n<td> Langogne <\/td>\n<td> <strong>12h39\/12h44<\/strong> <\/td>\n<td> 15h48 <\/td>\n<td> 19h43 <\/td>\n<\/tr>\n<tr class='row_even'>\n<td> N\u00eemes <\/td>\n<td> <strong>15h04<\/strong> <\/td>\n<td> 18h02 <\/td>\n<td> 22h04 <\/td>\n<\/tr>\n<\/tbody>\n<\/table>\n<p>Horaires jusqu&rsquo;au 11 d\u00e9cembre sauf pour le 9h18 jusqu&rsquo;au 29 ao\u00fbt.<br \/>\nToutes gares desservies sauf pour St Georges d&rsquo;Aurac.<br \/>\n&nbsp;<br \/>\n4 trains dans l&rsquo;autre (3 auparavant)<\/p>\n<table>\n<tbody>\n<tr class='row_even'>\n<td> N\u00eemes <\/td>\n<td> 8h09 <\/td>\n<td> <strong>10h17<\/strong> <\/td>\n<td> 14h18 <\/td>\n<td> 16h58 <\/td>\n<\/tr>\n<tr class='row_odd'>\n<td> Langogne <\/td>\n<td> 10h23 <\/td>\n<td> <strong>12h35\/12h52<\/strong> <\/td>\n<td> 16h30 <\/td>\n<td> 19h40 <\/td>\n<\/tr>\n<tr class='row_even'>\n<td> Clermont <\/td>\n<td> 13h14 <\/td>\n<td> <strong>15h48<\/strong> <\/td>\n<td> 19h16 <\/td>\n<td> 22h26 <\/td>\n<\/tr>\n<\/tbody>\n<\/table>\n<p>Horaires jusqu&rsquo;au 11 d\u00e9cembre sauf pour le 10h17 jusqu&rsquo;au 29 ao\u00fbt.<br \/>\nToutes gares desservies sauf pour Chapeauroux.<\/p>\n<p>&nbsp;<br \/>\n<strong>Cette communication se fait dans le cadre de la concertation R\u00e9gion \/ usagers et donc le collectif fera remonter toutes vos remarques si quelque chose vous d\u00e9pla\u00eet dans ces horaires. N&rsquo;h\u00e9sitez pas.<\/strong><br \/>\n&nbsp;<br \/>\nNous nous r\u00e9jouissons aussi de noter depuis quelques temps un effort visible de la r\u00e9gion AuRA pour les gorges du Haut Allier avec par exemple le service de substitution par minibus pour les 3 gares de Chapeauroux, Alleyras et Monistrol d&rsquo;Allier pendant la coupure de trois mois pour travaux.<br \/>\n&nbsp;<br \/>\nRappel des horaires actuels <a href=\"https:\/\/usagers-transports.haut-allier.eu\/?ligne-du-train-cevenol-les-fiches,748\"><em> <strong>jusqu&rsquo;au 3 juillet ici<\/strong> <\/em><\/a>.<\/p>\n","protected":false},"excerpt":{"rendered":"<p>La r\u00e9gion Auvergne Rh\u00f4ne Alpes vient de communiquer son projet d&rsquo;horaires TER pour la ligne N\u00eemes Clermont-Ferrand de<\/p>\n","protected":false},"author":1,"featured_media":3304,"comment_status":"open","ping_status":"open","sticky":false,"template":"","format":"standard","meta":{"footnotes":""},"categories":[3],"tags":[],"class_list":["post-769","post","type-post","status-publish","format-standard","has-post-thumbnail","hentry","category-en-train"],"_links":{"self":[{"href":"https:\/\/usagers-transports.haut-allier.eu\/index.php\/wp-json\/wp\/v2\/posts\/769","targetHints":{"allow":["GET"]}}],"collection":[{"href":"https:\/\/usagers-transports.haut-allier.eu\/index.php\/wp-json\/wp\/v2\/posts"}],"about":[{"href":"https:\/\/usagers-transports.haut-allier.eu\/index.php\/wp-json\/wp\/v2\/types\/post"}],"author":[{"embeddable":true,"href":"https:\/\/usagers-transports.haut-allier.eu\/index.php\/wp-json\/wp\/v2\/users\/1"}],"replies":[{"embeddable":true,"href":"https:\/\/usagers-transports.haut-allier.eu\/index.php\/wp-json\/wp\/v2\/comments?post=769"}],"version-history":[{"count":0,"href":"https:\/\/usagers-transports.haut-allier.eu\/index.php\/wp-json\/wp\/v2\/posts\/769\/revisions"}],"wp:featuredmedia":[{"embeddable":true,"href":"https:\/\/usagers-transports.haut-allier.eu\/index.php\/wp-json\/wp\/v2\/media\/3304"}],"wp:attachment":[{"href":"https:\/\/usagers-transports.haut-allier.eu\/index.php\/wp-json\/wp\/v2\/media?parent=769"}],"wp:term":[{"taxonomy":"category","embeddable":true,"href":"https:\/\/usagers-transports.haut-allier.eu\/index.php\/wp-json\/wp\/v2\/categories?post=769"},{"taxonomy":"post_tag","embeddable":true,"href":"https:\/\/usagers-transports.haut-allier.eu\/index.php\/wp-json\/wp\/v2\/tags?post=769"}],"curies":[{"name":"wp","href":"https:\/\/api.w.org\/{rel}","templated":true}]}}