{"id":770,"date":"2021-05-01T14:27:22","date_gmt":"2021-05-01T12:27:22","guid":{"rendered":"http:\/\/5.45.101.177\/haut-allier\/usagers-transportse\/index.php\/2021\/05\/01\/ligne-du-train-cevenol-envoi-au770\/"},"modified":"2021-05-01T14:27:22","modified_gmt":"2021-05-01T12:27:22","slug":"ligne-du-train-cevenol-envoi-au770","status":"publish","type":"post","link":"https:\/\/usagers-transports.haut-allier.eu\/index.php\/2021\/05\/01\/ligne-du-train-cevenol-envoi-au770\/","title":{"rendered":"Ligne du train C\u00e9venol : Envoi au Ministre des 39 d\u00e9lib\u00e9rations des Communes pour la r\u00e9novation et le retour du train de nuit"},"content":{"rendered":"<p>Le Collectif Oui au train de nuit &#8211; C\u00e9vennes Auvergne et le Collectif des Usagers des transports du Haut Allier viennent d&rsquo;envoyer ce jour au Ministre des transports avec copie au Premier Ministre et aux r\u00e9gions Auvergne Rh\u00f4ne Alpes et Occitanie les 39 d\u00e9lib\u00e9rations vot\u00e9es par les communes situ\u00e9es sur l&rsquo;axe N\u00eemes Langogne Langeac Clermont-Ferrand demandant express\u00e9ment \u00e0 l&rsquo;Etat le retour du train de nuit vers Paris supprim\u00e9 en 2003 ainsi qu&rsquo;un effort financier exceptionnel pour le renouvellement rapide de l&rsquo;infrastructure ferroviaire.<br \/>\n&nbsp;<br \/>\n<img loading=\"lazy\" decoding=\"async\" class=\" aligncenter size-full wp-image-3308\" src=\"http:\/\/5.45.101.177\/haut-allier\/usagers-transportse\/wp-content\/uploads\/2021\/05\/lettre-oatdn-cevennes-auvergne-a-ministre-des-transports-mai2021-a.jpg\" alt=\"lettre-oatdn-cevennes-auvergne-a-ministre-des-transports-mai2021-a.jpg\" align=\"center\" width=\"495\" height=\"701\" srcset=\"https:\/\/usagers-transports.haut-allier.eu\/wp-content\/uploads\/2021\/05\/lettre-oatdn-cevennes-auvergne-a-ministre-des-transports-mai2021-a.jpg 495w, https:\/\/usagers-transports.haut-allier.eu\/wp-content\/uploads\/2021\/05\/lettre-oatdn-cevennes-auvergne-a-ministre-des-transports-mai2021-a-212x300.jpg 212w\" sizes=\"auto, (max-width: 495px) 100vw, 495px\" \/><br \/>\n&nbsp;<br \/>\n<img loading=\"lazy\" decoding=\"async\" class=\" aligncenter size-full wp-image-3309\" src=\"http:\/\/5.45.101.177\/haut-allier\/usagers-transportse\/wp-content\/uploads\/2021\/05\/lettre-oatdn-cevennes-auvergne-a-ministre-des-transports-mai2021-b-flou.jpg\" alt=\"lettre-oatdn-cevennes-auvergne-a-ministre-des-transports-mai2021-b-flou.jpg\" align=\"center\" width=\"495\" height=\"701\" srcset=\"https:\/\/usagers-transports.haut-allier.eu\/wp-content\/uploads\/2021\/05\/lettre-oatdn-cevennes-auvergne-a-ministre-des-transports-mai2021-b-flou.jpg 495w, https:\/\/usagers-transports.haut-allier.eu\/wp-content\/uploads\/2021\/05\/lettre-oatdn-cevennes-auvergne-a-ministre-des-transports-mai2021-b-flou-212x300.jpg 212w\" sizes=\"auto, (max-width: 495px) 100vw, 495px\" \/><br \/>\n&nbsp;<br \/>\nNous remercions chaleureusement toutes les communes qui ont fait l&rsquo;effort de cette demande. Ce sont :<br \/>\n&nbsp;<br \/>\n&#8211; Brignon (Gard)<br \/>\n&#8211; Bordezac (Gard)<br \/>\n&#8211; Frug\u00e8res les Mines (Puy de D\u00f4me)<br \/>\n&#8211; Saint-Germain Lembron (Puy de D\u00f4me)<br \/>\n&#8211; Lablach\u00e8re (Ard\u00e8che)<br \/>\n&#8211;\u00a0Saint-Laurent Chabreuges (Haute Loire)<br \/>\n&#8211;\u00a0Prades (Haute-Loire)<br \/>\n&#8211;\u00a0Saint-Haon (Haute-Loire)<br \/>\n&#8211;\u00a0Ribaute les Tavernes (Gard)<br \/>\n&#8211;\u00a0Salindres (Gard)<br \/>\n&#8211;\u00a0Beaumont (Haute-Loire)<br \/>\n&#8211;\u00a0Bouillargues (Gard)<br \/>\n&#8211;\u00a0N\u00eemes (Gard)<br \/>\n&#8211;\u00a0Loubaresse (Ard\u00e8che)<br \/>\n&#8211;\u00a0Auroux (Loz\u00e8re)<br \/>\n&#8211;\u00a0Sainte-Anastasie (Gard)<br \/>\n&#8211;\u00a0Salles du Gardon (Gard)<br \/>\n&#8211;\u00a0Maru\u00e9jols l\u00e8s Gardon (Gard)<br \/>\n&#8211;\u00a0Cendras (Gard)<br \/>\n&#8211;\u00a0Parignargues (Gard)<br \/>\n&#8211; Lesp\u00e9ron (Ard\u00e8che)<br \/>\n&#8211; Issoire (Puy de D\u00f4me)<br \/>\n&#8211; Pr\u00e9vench\u00e8res (Loz\u00e8re)<br \/>\n&#8211;\u00a0Laveyrune (Loz\u00e8re)<br \/>\n&#8211;\u00a0Les Pradeaux (Puy de D\u00f4me)<br \/>\n&#8211;\u00a0Malons et Elze (Gard)<br \/>\n&#8211;\u00a0Langogne (Loz\u00e8re)<br \/>\n&#8211;\u00a0Saint-Andr\u00e9 Capc\u00e8ze (Loz\u00e8re)<br \/>\n&#8211;\u00a0Altier (Loz\u00e8re)<br \/>\n&#8211;\u00a0Brioude (Haute-Loire)<br \/>\n&#8211; Monistrol d\u2019Allier (Haute-Loire)<br \/>\n&#8211;\u00a0Labastide Puylaurent (Loz\u00e8re)<br \/>\n&#8211;\u00a0Alleyras (Haute-Loire)<br \/>\n&#8211;\u00a0Sainte-Florine (Puy de D\u00f4me)<br \/>\n&#8211;\u00a0Paulhaguet (Haute-Loire)<br \/>\n&#8211;\u00a0La GrandCombe (Gard)<br \/>\n&#8211;\u00a0Chamborigaud (Gard)<br \/>\n&#8211;\u00a0G\u00e9nolhac (Gard)<br \/>\n&#8211;\u00a0Vieille Brioude (Haute-Loire)<br \/>\n&nbsp;<br \/>\nEsp\u00e9rons que l&rsquo;\u00e9tat ne restera pas insensible \u00e0 notre demande.<br \/>\n&nbsp;<br \/>\n<em>Merci aussi au Collectif pour le soutien de la Gare de Villefort et \u00e0 l&rsquo;association des 150 ans de la ligne du train C\u00e9venol pour l&rsquo;aide apport\u00e9e \u00e0 la motivation de quelques municipalit\u00e9s.<\/em><br \/>\n&nbsp;<br \/>\n[fond noir][blanc]Dans la presse :[\/blanc][\/fond noir]<br \/>\n&nbsp;<br \/>\nLe Progr\u00e8s &#8211; La Tribune du 2 mai 2021 : <a href=\"https:\/\/www.leprogres.fr\/societe\/2021\/05\/02\/ligne-cevenol-des-communes-reclament-le-retour-du-train-de-nuit-au-gouvernement\"><em>Ligne C\u00e9venol &#8211; Des communes r\u00e9clament le retour du train de nuit au gouvernement<\/em><\/a><br \/>\n&nbsp;<br \/>\n<img loading=\"lazy\" decoding=\"async\" class=\" aligncenter size-full wp-image-3310\" src=\"http:\/\/5.45.101.177\/haut-allier\/usagers-transportse\/wp-content\/uploads\/2021\/05\/screenshot-www.leprogres.fr-2021.05.02-15_49_49.jpg\" alt=\"screenshot-www.leprogres.fr-2021.05.02-15_49_49.jpg\" align=\"center\" width=\"1344\" height=\"2529\" srcset=\"https:\/\/usagers-transports.haut-allier.eu\/wp-content\/uploads\/2021\/05\/screenshot-www.leprogres.fr-2021.05.02-15_49_49.jpg 1344w, https:\/\/usagers-transports.haut-allier.eu\/wp-content\/uploads\/2021\/05\/screenshot-www.leprogres.fr-2021.05.02-15_49_49-159x300.jpg 159w, https:\/\/usagers-transports.haut-allier.eu\/wp-content\/uploads\/2021\/05\/screenshot-www.leprogres.fr-2021.05.02-15_49_49-544x1024.jpg 544w, https:\/\/usagers-transports.haut-allier.eu\/wp-content\/uploads\/2021\/05\/screenshot-www.leprogres.fr-2021.05.02-15_49_49-768x1445.jpg 768w, https:\/\/usagers-transports.haut-allier.eu\/wp-content\/uploads\/2021\/05\/screenshot-www.leprogres.fr-2021.05.02-15_49_49-816x1536.jpg 816w, https:\/\/usagers-transports.haut-allier.eu\/wp-content\/uploads\/2021\/05\/screenshot-www.leprogres.fr-2021.05.02-15_49_49-1088x2048.jpg 1088w\" sizes=\"auto, (max-width: 1344px) 100vw, 1344px\" \/><br \/>\n&nbsp;<br \/>\nRadio Totem Loz\u00e8re du 3 mai 2021 journal de 7h30 :<br \/>\n&nbsp;<br \/>\n<a href=\"http:\/\/5.45.101.177\/haut-allier\/usagers-transportse\/wp-content\/uploads\/2021\/05\/totem-lozere-7h30-du-03052021.mp3\">totem-lozere-7h30-du-03052021.mp3<\/a><br \/>\n&nbsp;<br \/>\nRadio Totem Cantal &#038; Haute-Loire du 3 mai 2021 journaux de 7h00 et 8h00 :<br \/>\n&nbsp;<br \/>\n<a href=\"http:\/\/5.45.101.177\/haut-allier\/usagers-transportse\/wp-content\/uploads\/2021\/05\/totem-cantal-brioude-7h-8h-du-03052021.mp3\">totem-cantal-brioude-7h-8h-du-03052021.mp3<\/a><br \/>\n&nbsp;<br \/>\nMidi Libre : <a href=\"https:\/\/www.midilibre.fr\/2021\/05\/05\/pour-le-retour-du-train-de-nuit-nimes-paris-9526291.php\"><em>Pour le retour du train de nuit N\u00eemes-Paris<\/em><\/a><br \/>\n&nbsp;<br \/>\n<img loading=\"lazy\" decoding=\"async\" class=\" aligncenter size-full wp-image-3313\" src=\"http:\/\/5.45.101.177\/haut-allier\/usagers-transportse\/wp-content\/uploads\/2021\/05\/screenshot-www.midilibre.fr-2021.05.05-08_24_03.jpg\" alt=\"screenshot-www.midilibre.fr-2021.05.05-08_24_03.jpg\" align=\"center\" width=\"977\" height=\"1836\" srcset=\"https:\/\/usagers-transports.haut-allier.eu\/wp-content\/uploads\/2021\/05\/screenshot-www.midilibre.fr-2021.05.05-08_24_03.jpg 977w, https:\/\/usagers-transports.haut-allier.eu\/wp-content\/uploads\/2021\/05\/screenshot-www.midilibre.fr-2021.05.05-08_24_03-160x300.jpg 160w, https:\/\/usagers-transports.haut-allier.eu\/wp-content\/uploads\/2021\/05\/screenshot-www.midilibre.fr-2021.05.05-08_24_03-545x1024.jpg 545w, https:\/\/usagers-transports.haut-allier.eu\/wp-content\/uploads\/2021\/05\/screenshot-www.midilibre.fr-2021.05.05-08_24_03-768x1443.jpg 768w, https:\/\/usagers-transports.haut-allier.eu\/wp-content\/uploads\/2021\/05\/screenshot-www.midilibre.fr-2021.05.05-08_24_03-817x1536.jpg 817w\" sizes=\"auto, (max-width: 977px) 100vw, 977px\" \/><br \/>\n&nbsp;<\/p>\n","protected":false},"excerpt":{"rendered":"<p>Le Collectif Oui au train de nuit &#8211; C\u00e9vennes Auvergne et le Collectif des Usagers des transports du<\/p>\n","protected":false},"author":1,"featured_media":3307,"comment_status":"open","ping_status":"open","sticky":false,"template":"","format":"standard","meta":{"footnotes":""},"categories":[2],"tags":[],"class_list":["post-770","post","type-post","status-publish","format-standard","has-post-thumbnail","hentry","category-infos"],"_links":{"self":[{"href":"https:\/\/usagers-transports.haut-allier.eu\/index.php\/wp-json\/wp\/v2\/posts\/770","targetHints":{"allow":["GET"]}}],"collection":[{"href":"https:\/\/usagers-transports.haut-allier.eu\/index.php\/wp-json\/wp\/v2\/posts"}],"about":[{"href":"https:\/\/usagers-transports.haut-allier.eu\/index.php\/wp-json\/wp\/v2\/types\/post"}],"author":[{"embeddable":true,"href":"https:\/\/usagers-transports.haut-allier.eu\/index.php\/wp-json\/wp\/v2\/users\/1"}],"replies":[{"embeddable":true,"href":"https:\/\/usagers-transports.haut-allier.eu\/index.php\/wp-json\/wp\/v2\/comments?post=770"}],"version-history":[{"count":0,"href":"https:\/\/usagers-transports.haut-allier.eu\/index.php\/wp-json\/wp\/v2\/posts\/770\/revisions"}],"wp:featuredmedia":[{"embeddable":true,"href":"https:\/\/usagers-transports.haut-allier.eu\/index.php\/wp-json\/wp\/v2\/media\/3307"}],"wp:attachment":[{"href":"https:\/\/usagers-transports.haut-allier.eu\/index.php\/wp-json\/wp\/v2\/media?parent=770"}],"wp:term":[{"taxonomy":"category","embeddable":true,"href":"https:\/\/usagers-transports.haut-allier.eu\/index.php\/wp-json\/wp\/v2\/categories?post=770"},{"taxonomy":"post_tag","embeddable":true,"href":"https:\/\/usagers-transports.haut-allier.eu\/index.php\/wp-json\/wp\/v2\/tags?post=770"}],"curies":[{"name":"wp","href":"https:\/\/api.w.org\/{rel}","templated":true}]}}