{"id":772,"date":"2021-05-11T13:17:09","date_gmt":"2021-05-11T11:17:09","guid":{"rendered":"http:\/\/5.45.101.177\/haut-allier\/usagers-transportse\/index.php\/2021\/05\/11\/ligne-du-train-cevenol-un-retour772\/"},"modified":"2021-05-11T13:17:09","modified_gmt":"2021-05-11T11:17:09","slug":"ligne-du-train-cevenol-un-retour772","status":"publish","type":"post","link":"https:\/\/usagers-transports.haut-allier.eu\/index.php\/2021\/05\/11\/ligne-du-train-cevenol-un-retour772\/","title":{"rendered":"Ligne du train C\u00e9venol : un retour aux performances nominales pour 2023 ?"},"content":{"rendered":"<p>C&rsquo;est en tous cas ce qui vient d&rsquo;\u00eatre annonc\u00e9 lors du Comit\u00e9 technique de concertation usagers \/ r\u00e9gion Auvergne par la r\u00e9gion AuRA et SNCF R\u00e9seau ce mardi 11 mai devant une vingtaine d&rsquo;usagers et de leurs repr\u00e9sentants : \u00ab\u00a0la r\u00e9g\u00e9n\u00e9ration de la ligne des c\u00e9vennes avec retour aux performances nominales entre 2020 et 2023\u00a0\u00bb.<br \/>\n&nbsp;<br \/>\n<img loading=\"lazy\" decoding=\"async\" class=\" aligncenter size-full wp-image-3314\" src=\"http:\/\/5.45.101.177\/haut-allier\/usagers-transportse\/wp-content\/uploads\/2021\/05\/screenshot-auvergnerhonealpes.bluejeans.com-2021.05.11-11_17_09_1_.jpg\" alt=\"screenshot-auvergnerhonealpes.bluejeans.com-2021.05.11-11_17_09_1_.jpg\" align=\"center\" width=\"1001\" height=\"455\" srcset=\"https:\/\/usagers-transports.haut-allier.eu\/wp-content\/uploads\/2021\/05\/screenshot-auvergnerhonealpes.bluejeans.com-2021.05.11-11_17_09_1_.jpg 1001w, https:\/\/usagers-transports.haut-allier.eu\/wp-content\/uploads\/2021\/05\/screenshot-auvergnerhonealpes.bluejeans.com-2021.05.11-11_17_09_1_-300x136.jpg 300w, https:\/\/usagers-transports.haut-allier.eu\/wp-content\/uploads\/2021\/05\/screenshot-auvergnerhonealpes.bluejeans.com-2021.05.11-11_17_09_1_-768x349.jpg 768w\" sizes=\"auto, (max-width: 1001px) 100vw, 1001px\" \/><br \/>\n&nbsp;<br \/>\n<em>Part des financements<\/em><br \/>\n&nbsp;<br \/>\n<img loading=\"lazy\" decoding=\"async\" class=\" aligncenter size-full wp-image-3316\" src=\"http:\/\/5.45.101.177\/haut-allier\/usagers-transportse\/wp-content\/uploads\/2021\/05\/screenshot-auvergnerhonealpes.bluejeans.com-2021.05.11-11_16_35.jpg\" alt=\"screenshot-auvergnerhonealpes.bluejeans.com-2021.05.11-11_16_35.jpg\" align=\"center\" width=\"688\" height=\"284\" srcset=\"https:\/\/usagers-transports.haut-allier.eu\/wp-content\/uploads\/2021\/05\/screenshot-auvergnerhonealpes.bluejeans.com-2021.05.11-11_16_35.jpg 688w, https:\/\/usagers-transports.haut-allier.eu\/wp-content\/uploads\/2021\/05\/screenshot-auvergnerhonealpes.bluejeans.com-2021.05.11-11_16_35-300x124.jpg 300w\" sizes=\"auto, (max-width: 688px) 100vw, 688px\" \/><br \/>\n&nbsp;<br \/>\n<strong>Nous prenons donc acte de cette excellente nouvelle en n&rsquo;y croyant qu&rsquo;\u00e0 moiti\u00e9, peut-\u00eatre une erreur dans une intervention ? Tout en ne pouvant nous emp\u00eacher de penser que la pression exerc\u00e9e par les motions des 36 communes de la ligne et nos demandes n&rsquo;y est peut-\u00eatre pas \u00e9trang\u00e8re.<\/strong><br \/>\n&nbsp;<br \/>\n[fond noir][blanc]Le 4\u00e8me aller retour quotidien sera reconduit en 2022[\/blanc][\/fond noir]<br \/>\n&nbsp;<br \/>\nAutre annonce : \u00e0 la demande des deux r\u00e9gions travers\u00e9es la 4\u00e8me circulation avec changement \u00e0 Langogne instaur\u00e9e pour la premi\u00e8re fois cet \u00e9t\u00e9 2021 sera reconduit en 2022. Les \u00e9tudes sont en cours.<br \/>\n&nbsp;<br \/>\n<img loading=\"lazy\" decoding=\"async\" class=\" aligncenter size-full wp-image-3315\" src=\"http:\/\/5.45.101.177\/haut-allier\/usagers-transportse\/wp-content\/uploads\/2021\/05\/screenshot-auvergnerhonealpes.bluejeans.com-2021.05.11-11_44_48.jpg\" alt=\"screenshot-auvergnerhonealpes.bluejeans.com-2021.05.11-11_44_48.jpg\" align=\"center\" width=\"1070\" height=\"628\" srcset=\"https:\/\/usagers-transports.haut-allier.eu\/wp-content\/uploads\/2021\/05\/screenshot-auvergnerhonealpes.bluejeans.com-2021.05.11-11_44_48.jpg 1070w, https:\/\/usagers-transports.haut-allier.eu\/wp-content\/uploads\/2021\/05\/screenshot-auvergnerhonealpes.bluejeans.com-2021.05.11-11_44_48-300x176.jpg 300w, https:\/\/usagers-transports.haut-allier.eu\/wp-content\/uploads\/2021\/05\/screenshot-auvergnerhonealpes.bluejeans.com-2021.05.11-11_44_48-1024x601.jpg 1024w, https:\/\/usagers-transports.haut-allier.eu\/wp-content\/uploads\/2021\/05\/screenshot-auvergnerhonealpes.bluejeans.com-2021.05.11-11_44_48-768x451.jpg 768w\" sizes=\"auto, (max-width: 1070px) 100vw, 1070px\" \/><br \/>\n&nbsp;<br \/>\n[fond noir][blanc]Des petits prix sur les TER Auvergne Rh\u00f4ne Alpes cet \u00e9t\u00e9 [\/blanc][\/fond noir]<br \/>\n&nbsp;<br \/>\nD\u00e8s le retour des trains en juillet des petits prix (50% \u00e0 priori) seront propos\u00e9s aux voyageurs d\u00e9sirant se rendre dans les gares de la ligne pour c\u00e9l\u00e9brer les 150 ans du C\u00e9venol et ce suite \u00e0 la demande de l&rsquo;association des 150 ans de la ligne du train C\u00e9venol. Attention : pour certaines dates et sur certains trains. Consulter <a href=\"https:\/\/150anstraincevenol.info\"><strong>le site de l&rsquo;association<\/strong><\/a>. Il y aura aussi de petits prix et le 1 euro sur les TER Occitanie.<br \/>\n&nbsp;<br \/>\n[fond noir][blanc]Autres nouvelles[\/blanc][\/fond noir]<br \/>\n&nbsp;<br \/>\n&#8211; Sur demande de l&rsquo;office de tourisme du Puy en Velay cr\u00e9ation pour juillet ao\u00fbt d&rsquo;un bus quotidien TER la Chaise-Dieu Le Puy&#8230;<br \/>\n&nbsp;<br \/>\n&#8211; Travaux sur la ligne Saint-Georges d&rsquo;Aurac Le Puy men\u00e9s conjointement avec la ligne des C\u00e9vennes pour l\u00e0 aussi r\u00e9g\u00e9n\u00e9rer la ligne.<br \/>\n&nbsp;<br \/>\n<img loading=\"lazy\" decoding=\"async\" class=\" aligncenter size-full wp-image-3317\" src=\"http:\/\/5.45.101.177\/haut-allier\/usagers-transportse\/wp-content\/uploads\/2021\/05\/screenshot-auvergnerhonealpes.bluejeans.com-2021.05.11-11_55_01.jpg\" alt=\"screenshot-auvergnerhonealpes.bluejeans.com-2021.05.11-11_55_01.jpg\" align=\"center\" width=\"1360\" height=\"385\" srcset=\"https:\/\/usagers-transports.haut-allier.eu\/wp-content\/uploads\/2021\/05\/screenshot-auvergnerhonealpes.bluejeans.com-2021.05.11-11_55_01.jpg 1360w, https:\/\/usagers-transports.haut-allier.eu\/wp-content\/uploads\/2021\/05\/screenshot-auvergnerhonealpes.bluejeans.com-2021.05.11-11_55_01-300x85.jpg 300w, https:\/\/usagers-transports.haut-allier.eu\/wp-content\/uploads\/2021\/05\/screenshot-auvergnerhonealpes.bluejeans.com-2021.05.11-11_55_01-1024x290.jpg 1024w, https:\/\/usagers-transports.haut-allier.eu\/wp-content\/uploads\/2021\/05\/screenshot-auvergnerhonealpes.bluejeans.com-2021.05.11-11_55_01-768x217.jpg 768w\" sizes=\"auto, (max-width: 1360px) 100vw, 1360px\" \/><br \/>\n&nbsp;<br \/>\n<em>En 2022 voici la carte des travaux sous r\u00e9serves de l&rsquo;acceptation de SNCF R\u00e9seau. On voit que la ligne des C\u00e9vennes sera coup\u00e9e plusieurs mois et qu&rsquo;elle est indiqu\u00e9e en croissance de l&rsquo;offre (avec le 4\u00e8me AR d&rsquo;\u00e9t\u00e9) <\/em><br \/>\n&nbsp;<br \/>\n<img loading=\"lazy\" decoding=\"async\" class=\" aligncenter size-full wp-image-3319\" src=\"http:\/\/5.45.101.177\/haut-allier\/usagers-transportse\/wp-content\/uploads\/2021\/05\/screenshot-auvergnerhonealpes.bluejeans.com-2021.05.11-11_13_47.jpg\" alt=\"screenshot-auvergnerhonealpes.bluejeans.com-2021.05.11-11_13_47.jpg\" align=\"center\" width=\"1066\" height=\"537\" srcset=\"https:\/\/usagers-transports.haut-allier.eu\/wp-content\/uploads\/2021\/05\/screenshot-auvergnerhonealpes.bluejeans.com-2021.05.11-11_13_47.jpg 1066w, https:\/\/usagers-transports.haut-allier.eu\/wp-content\/uploads\/2021\/05\/screenshot-auvergnerhonealpes.bluejeans.com-2021.05.11-11_13_47-300x151.jpg 300w, https:\/\/usagers-transports.haut-allier.eu\/wp-content\/uploads\/2021\/05\/screenshot-auvergnerhonealpes.bluejeans.com-2021.05.11-11_13_47-1024x516.jpg 1024w, https:\/\/usagers-transports.haut-allier.eu\/wp-content\/uploads\/2021\/05\/screenshot-auvergnerhonealpes.bluejeans.com-2021.05.11-11_13_47-768x387.jpg 768w\" sizes=\"auto, (max-width: 1066px) 100vw, 1066px\" \/><\/p>\n","protected":false},"excerpt":{"rendered":"<p>C&rsquo;est en tous cas ce qui vient d&rsquo;\u00eatre annonc\u00e9 lors du Comit\u00e9 technique de concertation usagers \/ r\u00e9gion<\/p>\n","protected":false},"author":1,"featured_media":3318,"comment_status":"open","ping_status":"open","sticky":false,"template":"","format":"standard","meta":{"footnotes":""},"categories":[2],"tags":[],"class_list":["post-772","post","type-post","status-publish","format-standard","has-post-thumbnail","hentry","category-infos"],"_links":{"self":[{"href":"https:\/\/usagers-transports.haut-allier.eu\/index.php\/wp-json\/wp\/v2\/posts\/772","targetHints":{"allow":["GET"]}}],"collection":[{"href":"https:\/\/usagers-transports.haut-allier.eu\/index.php\/wp-json\/wp\/v2\/posts"}],"about":[{"href":"https:\/\/usagers-transports.haut-allier.eu\/index.php\/wp-json\/wp\/v2\/types\/post"}],"author":[{"embeddable":true,"href":"https:\/\/usagers-transports.haut-allier.eu\/index.php\/wp-json\/wp\/v2\/users\/1"}],"replies":[{"embeddable":true,"href":"https:\/\/usagers-transports.haut-allier.eu\/index.php\/wp-json\/wp\/v2\/comments?post=772"}],"version-history":[{"count":0,"href":"https:\/\/usagers-transports.haut-allier.eu\/index.php\/wp-json\/wp\/v2\/posts\/772\/revisions"}],"wp:featuredmedia":[{"embeddable":true,"href":"https:\/\/usagers-transports.haut-allier.eu\/index.php\/wp-json\/wp\/v2\/media\/3318"}],"wp:attachment":[{"href":"https:\/\/usagers-transports.haut-allier.eu\/index.php\/wp-json\/wp\/v2\/media?parent=772"}],"wp:term":[{"taxonomy":"category","embeddable":true,"href":"https:\/\/usagers-transports.haut-allier.eu\/index.php\/wp-json\/wp\/v2\/categories?post=772"},{"taxonomy":"post_tag","embeddable":true,"href":"https:\/\/usagers-transports.haut-allier.eu\/index.php\/wp-json\/wp\/v2\/tags?post=772"}],"curies":[{"name":"wp","href":"https:\/\/api.w.org\/{rel}","templated":true}]}}