{"id":773,"date":"2021-05-11T17:51:44","date_gmt":"2021-05-11T15:51:44","guid":{"rendered":"http:\/\/5.45.101.177\/haut-allier\/usagers-transportse\/index.php\/2021\/05\/11\/ligne-du-train-aubrac-accord773\/"},"modified":"2021-05-11T17:51:44","modified_gmt":"2021-05-11T15:51:44","slug":"ligne-du-train-aubrac-accord773","status":"publish","type":"post","link":"https:\/\/usagers-transports.haut-allier.eu\/index.php\/2021\/05\/11\/ligne-du-train-aubrac-accord773\/","title":{"rendered":"Ligne du train Aubrac : accord trouv\u00e9 entre les r\u00e9gions Occitanie, Auvergne Rh\u00f4ne Alpes et l&rsquo;Etat"},"content":{"rendered":"<p>Communiqu\u00e9 de presse importantissime re\u00e7u aujourd&rsquo;hui annon\u00e7ant pour la ligne B\u00e9ziers Clermont-Ferrand dite de l&rsquo;Aubrac une s\u00e9rie d&rsquo;engagements financiers du m\u00eame niveau que ceux obtenus pour la ligne N\u00eemes Clermont-Ferrand il y a quelques temps. Le dialogue inter r\u00e9gional a port\u00e9 ses fruits. Les usagers et les \u00e9lus peuvent s&rsquo;en f\u00e9liciter. Maintenant \u00e0 voir quelles seront les objectifs que r\u00e9v\u00e9leront les \u00e9tudes pour l&rsquo;apr\u00e8s 2023 que ce soit sur la ligne du train C\u00e9venol ou de l&rsquo;Aubrac. Les habitants du sud du Massif central y compris les nouveaux exil\u00e9s des m\u00e9tropoles m\u00e9ritent mieux pour leur mobilit\u00e9 que la consid\u00e9ration dont ils ont b\u00e9n\u00e9fici\u00e9 jusqu&rsquo;\u00e0 maintenant.<br \/>\n&nbsp;<br \/>\n<img loading=\"lazy\" decoding=\"async\" class=\" aligncenter size-full wp-image-3321\" src=\"http:\/\/5.45.101.177\/haut-allier\/usagers-transportse\/wp-content\/uploads\/2021\/05\/comm.jpg\" alt=\"comm.jpg\" align=\"center\" width=\"1213\" height=\"1793\" srcset=\"https:\/\/usagers-transports.haut-allier.eu\/wp-content\/uploads\/2021\/05\/comm.jpg 1213w, https:\/\/usagers-transports.haut-allier.eu\/wp-content\/uploads\/2021\/05\/comm-203x300.jpg 203w, https:\/\/usagers-transports.haut-allier.eu\/wp-content\/uploads\/2021\/05\/comm-693x1024.jpg 693w, https:\/\/usagers-transports.haut-allier.eu\/wp-content\/uploads\/2021\/05\/comm-768x1135.jpg 768w, https:\/\/usagers-transports.haut-allier.eu\/wp-content\/uploads\/2021\/05\/comm-1039x1536.jpg 1039w\" sizes=\"auto, (max-width: 1213px) 100vw, 1213px\" \/><br \/>\n&nbsp;<br \/>\nUn excellent point vient d&rsquo;\u00eatre fait ce 16 mai par Rail du Sud : <a href=\"http:\/\/raildusud.canalblog.com\/archives\/2021\/05\/16\/38968484.html#utm_medium=email&#038;utm_source=notification&#038;utm_campaign=raildusud\"><em>Etat, Occitanie et Auvergne-Rh\u00f4ne-Alpes sortent 11,47 M\u20ac pour rouvrir B\u00e9ziers-Neussargues au nord de Saint-Ch\u00e9ly en novembre<\/em><\/a><\/p>\n","protected":false},"excerpt":{"rendered":"<p>Communiqu\u00e9 de presse importantissime re\u00e7u aujourd&rsquo;hui annon\u00e7ant pour la ligne B\u00e9ziers Clermont-Ferrand dite de l&rsquo;Aubrac une s\u00e9rie d&rsquo;engagements<\/p>\n","protected":false},"author":1,"featured_media":3320,"comment_status":"open","ping_status":"open","sticky":false,"template":"","format":"standard","meta":{"footnotes":""},"categories":[8],"tags":[],"class_list":["post-773","post","type-post","status-publish","format-standard","has-post-thumbnail","hentry","category-communiques"],"_links":{"self":[{"href":"https:\/\/usagers-transports.haut-allier.eu\/index.php\/wp-json\/wp\/v2\/posts\/773","targetHints":{"allow":["GET"]}}],"collection":[{"href":"https:\/\/usagers-transports.haut-allier.eu\/index.php\/wp-json\/wp\/v2\/posts"}],"about":[{"href":"https:\/\/usagers-transports.haut-allier.eu\/index.php\/wp-json\/wp\/v2\/types\/post"}],"author":[{"embeddable":true,"href":"https:\/\/usagers-transports.haut-allier.eu\/index.php\/wp-json\/wp\/v2\/users\/1"}],"replies":[{"embeddable":true,"href":"https:\/\/usagers-transports.haut-allier.eu\/index.php\/wp-json\/wp\/v2\/comments?post=773"}],"version-history":[{"count":0,"href":"https:\/\/usagers-transports.haut-allier.eu\/index.php\/wp-json\/wp\/v2\/posts\/773\/revisions"}],"wp:featuredmedia":[{"embeddable":true,"href":"https:\/\/usagers-transports.haut-allier.eu\/index.php\/wp-json\/wp\/v2\/media\/3320"}],"wp:attachment":[{"href":"https:\/\/usagers-transports.haut-allier.eu\/index.php\/wp-json\/wp\/v2\/media?parent=773"}],"wp:term":[{"taxonomy":"category","embeddable":true,"href":"https:\/\/usagers-transports.haut-allier.eu\/index.php\/wp-json\/wp\/v2\/categories?post=773"},{"taxonomy":"post_tag","embeddable":true,"href":"https:\/\/usagers-transports.haut-allier.eu\/index.php\/wp-json\/wp\/v2\/tags?post=773"}],"curies":[{"name":"wp","href":"https:\/\/api.w.org\/{rel}","templated":true}]}}