{"id":774,"date":"2021-05-16T08:09:47","date_gmt":"2021-05-16T06:09:47","guid":{"rendered":"http:\/\/5.45.101.177\/haut-allier\/usagers-transportse\/index.php\/2021\/05\/16\/lignes-ferroviaires-du-livradois774\/"},"modified":"2021-05-16T08:09:47","modified_gmt":"2021-05-16T06:09:47","slug":"lignes-ferroviaires-du-livradois774","status":"publish","type":"post","link":"https:\/\/usagers-transports.haut-allier.eu\/index.php\/2021\/05\/16\/lignes-ferroviaires-du-livradois774\/","title":{"rendered":"LIgnes ferroviaires du Livradois Forez : travaux de maintien et de d\u00e9veloppement"},"content":{"rendered":"<p>Entre Puy de D\u00f4me, Haute-Loire et Loire le syndicat ferroviaire du Livradois Forez entreprend des travaux de maintien et de d\u00e9veloppement de son r\u00e9seau ferr\u00e9 pour les besoins touristiques et de fret. Ils permettront de faire \u00e9voluer l\u2019infrastructure sur les voies emprunt\u00e9es par les associations.<br \/>\n&nbsp;<br \/>\nC&rsquo;est ce que nous apprend l&rsquo;article du Progr\u00e8s : <a href=\"https:\/\/www.leprogres.fr\/societe\/2021\/05\/13\/d-importants-travaux-sont-en-cours-sur-le-reseau-ferroviaire\"><em>Jullianges &#8211; D\u2019importants travaux sont en cours sur le r\u00e9seau ferroviaire<\/em><\/a><br \/>\n&nbsp;<br \/>\n<img loading=\"lazy\" decoding=\"async\" class=\" aligncenter size-full wp-image-3323\" src=\"http:\/\/5.45.101.177\/haut-allier\/usagers-transportse\/wp-content\/uploads\/2021\/05\/screenshot-www.leprogres.fr-2021.05.16-07_54_04.jpg\" alt=\"screenshot-www.leprogres.fr-2021.05.16-07_54_04.jpg\" align=\"center\" width=\"1194\" height=\"2213\" srcset=\"https:\/\/usagers-transports.haut-allier.eu\/wp-content\/uploads\/2021\/05\/screenshot-www.leprogres.fr-2021.05.16-07_54_04.jpg 1194w, https:\/\/usagers-transports.haut-allier.eu\/wp-content\/uploads\/2021\/05\/screenshot-www.leprogres.fr-2021.05.16-07_54_04-162x300.jpg 162w, https:\/\/usagers-transports.haut-allier.eu\/wp-content\/uploads\/2021\/05\/screenshot-www.leprogres.fr-2021.05.16-07_54_04-552x1024.jpg 552w, https:\/\/usagers-transports.haut-allier.eu\/wp-content\/uploads\/2021\/05\/screenshot-www.leprogres.fr-2021.05.16-07_54_04-768x1423.jpg 768w, https:\/\/usagers-transports.haut-allier.eu\/wp-content\/uploads\/2021\/05\/screenshot-www.leprogres.fr-2021.05.16-07_54_04-829x1536.jpg 829w, https:\/\/usagers-transports.haut-allier.eu\/wp-content\/uploads\/2021\/05\/screenshot-www.leprogres.fr-2021.05.16-07_54_04-1105x2048.jpg 1105w\" sizes=\"auto, (max-width: 1194px) 100vw, 1194px\" \/><br \/>\n&nbsp;<br \/>\n&#8211; <a href=\"http:\/\/www.cheminferhautforez.com\/\"><strong>Le site Internet des Chemins de fer du Haut Forez<\/strong><\/a><br \/>\n&#8211; <a href=\"https:\/\/agrivap.fr\/\"><strong>Le site Internet d&rsquo;Agrivap<\/strong><\/a><\/p>\n","protected":false},"excerpt":{"rendered":"<p>Entre Puy de D\u00f4me, Haute-Loire et Loire le syndicat ferroviaire du Livradois Forez entreprend des travaux de maintien<\/p>\n","protected":false},"author":1,"featured_media":3322,"comment_status":"open","ping_status":"open","sticky":false,"template":"","format":"standard","meta":{"footnotes":""},"categories":[2],"tags":[],"class_list":["post-774","post","type-post","status-publish","format-standard","has-post-thumbnail","hentry","category-infos"],"_links":{"self":[{"href":"https:\/\/usagers-transports.haut-allier.eu\/index.php\/wp-json\/wp\/v2\/posts\/774","targetHints":{"allow":["GET"]}}],"collection":[{"href":"https:\/\/usagers-transports.haut-allier.eu\/index.php\/wp-json\/wp\/v2\/posts"}],"about":[{"href":"https:\/\/usagers-transports.haut-allier.eu\/index.php\/wp-json\/wp\/v2\/types\/post"}],"author":[{"embeddable":true,"href":"https:\/\/usagers-transports.haut-allier.eu\/index.php\/wp-json\/wp\/v2\/users\/1"}],"replies":[{"embeddable":true,"href":"https:\/\/usagers-transports.haut-allier.eu\/index.php\/wp-json\/wp\/v2\/comments?post=774"}],"version-history":[{"count":0,"href":"https:\/\/usagers-transports.haut-allier.eu\/index.php\/wp-json\/wp\/v2\/posts\/774\/revisions"}],"wp:featuredmedia":[{"embeddable":true,"href":"https:\/\/usagers-transports.haut-allier.eu\/index.php\/wp-json\/wp\/v2\/media\/3322"}],"wp:attachment":[{"href":"https:\/\/usagers-transports.haut-allier.eu\/index.php\/wp-json\/wp\/v2\/media?parent=774"}],"wp:term":[{"taxonomy":"category","embeddable":true,"href":"https:\/\/usagers-transports.haut-allier.eu\/index.php\/wp-json\/wp\/v2\/categories?post=774"},{"taxonomy":"post_tag","embeddable":true,"href":"https:\/\/usagers-transports.haut-allier.eu\/index.php\/wp-json\/wp\/v2\/tags?post=774"}],"curies":[{"name":"wp","href":"https:\/\/api.w.org\/{rel}","templated":true}]}}