{"id":775,"date":"2021-05-16T09:10:15","date_gmt":"2021-05-16T07:10:15","guid":{"rendered":"http:\/\/5.45.101.177\/haut-allier\/usagers-transportse\/index.php\/2021\/05\/16\/ligne-transversale-labastide-mende775\/"},"modified":"2021-05-16T09:10:15","modified_gmt":"2021-05-16T07:10:15","slug":"ligne-transversale-labastide-mende775","status":"publish","type":"post","link":"https:\/\/usagers-transports.haut-allier.eu\/index.php\/2021\/05\/16\/ligne-transversale-labastide-mende775\/","title":{"rendered":"Ligne transversale Labastide Mende Marvejols : travaux importants de maintenance"},"content":{"rendered":"<p>8000 traverses chang\u00e9es ce printemps sur le H Loz\u00e9rien, entre Mende et Labastide Saint-Laurent les Bains ainsi que deux tunnels r\u00e9nov\u00e9s ce sont les travaux que la SNCF sous-traite \u00e0 une entreprise portuguaise pour les traverses et lyonnaise pour les tunnels. Voici l&rsquo;article de Midi Libre qui relate :<br \/>\n&nbsp;<br \/>\n<img loading=\"lazy\" decoding=\"async\" class=\" aligncenter size-full wp-image-3325\" src=\"http:\/\/5.45.101.177\/haut-allier\/usagers-transportse\/wp-content\/uploads\/2021\/05\/article-2021-05-13-06-31-042421.jpg\" alt=\"article-2021-05-13-06-31-042421.jpg\" align=\"center\" width=\"327\" height=\"527\" srcset=\"https:\/\/usagers-transports.haut-allier.eu\/wp-content\/uploads\/2021\/05\/article-2021-05-13-06-31-042421.jpg 327w, https:\/\/usagers-transports.haut-allier.eu\/wp-content\/uploads\/2021\/05\/article-2021-05-13-06-31-042421-186x300.jpg 186w\" sizes=\"auto, (max-width: 327px) 100vw, 327px\" \/><br \/>\n&nbsp;<br \/>\nEt celui de la Loz\u00e8re Nouvelle : <a href=\"https:\/\/www.lalozerenouvelle.com\/des-travaux-sont-en-cours-sur-la-ligne-sncf\/\"><em>Badaroux &#8211; Des travaux sont en cours sur la ligne SNCF au niveau des tunnels de la Tourette et de Nojaret <\/em> <\/a><br \/>\n&nbsp;<br \/>\nRappelons que cette portion de ligne a \u00e9t\u00e9 enti\u00e8rement r\u00e9nov\u00e9e par feu le pr\u00e9sident de feu la r\u00e9gion Languedoc Roussillon Fr\u00eache en son temps voil\u00e0 quelques ann\u00e9es seulement. Il faut comparer ces travaux \u00e0 ceux actuels aussi de la section Langogne Langeac o\u00f9 seules 5000 traverses vont \u00eatre chang\u00e9es, alors que la v\u00e9tust\u00e9 de la voie est arriv\u00e9e \u00e0 un point de d\u00e9gradation tr\u00e8s inqui\u00e9tant sur tout son parcours.<br \/>\n&nbsp;<br \/>\n<strong>C&rsquo;est pour cela que nous ne cessons de demander \u00e0 l&rsquo;Etat et \u00e0 la SNCF la RENOVATION COMPLETE de la voie entre Chapeauroux et Monistrol d&rsquo;Allier la section la plus d\u00e9grad\u00e9e qui occasionne de forts ralentissements et bloque le d\u00e9veloppement de la ligne et le retour des trains de nuit.  <\/strong><br \/>\n&nbsp;<br \/>\nHeureusement la presse \u00e9crite m\u00eame \u00e9trang\u00e8re s&#8217;empare du sujet et notre collectif est invit\u00e9 \u00e0 faire constater l&rsquo;\u00e9tat de la voie \u00e0 plusieurs m\u00e9dias dans les jours prochains.<br \/>\n&nbsp;<br \/>\n<em>[photo du logo : La Loz\u00e8re Nouvelle]<\/em><\/p>\n","protected":false},"excerpt":{"rendered":"<p>8000 traverses chang\u00e9es ce printemps sur le H Loz\u00e9rien, entre Mende et Labastide Saint-Laurent les Bains ainsi que<\/p>\n","protected":false},"author":1,"featured_media":3324,"comment_status":"open","ping_status":"open","sticky":false,"template":"","format":"standard","meta":{"footnotes":""},"categories":[2],"tags":[],"class_list":["post-775","post","type-post","status-publish","format-standard","has-post-thumbnail","hentry","category-infos"],"_links":{"self":[{"href":"https:\/\/usagers-transports.haut-allier.eu\/index.php\/wp-json\/wp\/v2\/posts\/775","targetHints":{"allow":["GET"]}}],"collection":[{"href":"https:\/\/usagers-transports.haut-allier.eu\/index.php\/wp-json\/wp\/v2\/posts"}],"about":[{"href":"https:\/\/usagers-transports.haut-allier.eu\/index.php\/wp-json\/wp\/v2\/types\/post"}],"author":[{"embeddable":true,"href":"https:\/\/usagers-transports.haut-allier.eu\/index.php\/wp-json\/wp\/v2\/users\/1"}],"replies":[{"embeddable":true,"href":"https:\/\/usagers-transports.haut-allier.eu\/index.php\/wp-json\/wp\/v2\/comments?post=775"}],"version-history":[{"count":0,"href":"https:\/\/usagers-transports.haut-allier.eu\/index.php\/wp-json\/wp\/v2\/posts\/775\/revisions"}],"wp:featuredmedia":[{"embeddable":true,"href":"https:\/\/usagers-transports.haut-allier.eu\/index.php\/wp-json\/wp\/v2\/media\/3324"}],"wp:attachment":[{"href":"https:\/\/usagers-transports.haut-allier.eu\/index.php\/wp-json\/wp\/v2\/media?parent=775"}],"wp:term":[{"taxonomy":"category","embeddable":true,"href":"https:\/\/usagers-transports.haut-allier.eu\/index.php\/wp-json\/wp\/v2\/categories?post=775"},{"taxonomy":"post_tag","embeddable":true,"href":"https:\/\/usagers-transports.haut-allier.eu\/index.php\/wp-json\/wp\/v2\/tags?post=775"}],"curies":[{"name":"wp","href":"https:\/\/api.w.org\/{rel}","templated":true}]}}