{"id":776,"date":"2021-05-18T19:21:01","date_gmt":"2021-05-18T17:21:01","guid":{"rendered":"http:\/\/5.45.101.177\/haut-allier\/usagers-transportse\/index.php\/2021\/05\/18\/ligne-clermont-ferrand-thiers-boen776\/"},"modified":"2021-05-18T19:21:01","modified_gmt":"2021-05-18T17:21:01","slug":"ligne-clermont-ferrand-thiers-boen776","status":"publish","type":"post","link":"https:\/\/usagers-transports.haut-allier.eu\/index.php\/2021\/05\/18\/ligne-clermont-ferrand-thiers-boen776\/","title":{"rendered":"Ligne Clermont Ferrand &#8211; Thiers &#8211; Bo\u00ebn &#8211; Saint Etienne &#8211; Lyon : op\u00e9ration d\u00e9broussaillage de la voie suspendue dim 30 mai"},"content":{"rendered":"<p>Dans le cadre de l\u2019op\u00e9ration \u00ab Le Train des Territoires \u00bb, le Collectif ferroviaire <a href=\"https:\/\/letrain634269.org\">letrain634269<\/a> organise le dimanche 30 Mai 2021 une grande op\u00e9ration d\u00e9broussaillage sur la section suspendue Bo\u00ebn-Thiers.<br \/>\n&nbsp;<br \/>\nDepuis le mois de mai 2016 et la suspension de la ligne Clermont-Ferrand Saint-Etienne par SNCF R\u00e9seau, la v\u00e9g\u00e9tation a fortement envahi cette portion de voie ferr\u00e9e non circul\u00e9e depuis bient\u00f4t 5 ans.<br \/>\n&nbsp;<br \/>\nLe 23 f\u00e9vrier 2021, la r\u00e9gion Auvergne-Rh\u00f4ne-Alpes a demand\u00e9 \u00e0 SNCF R\u00e9seau de pr\u00e9server les installations de la ligne (amendement AP AP-2021.02\/17-10-4868 vot\u00e9 \u00e0 l\u2019unanimit\u00e9), ce \u00e0 quoi SNCF R\u00e9seau n\u2019a pas officiellement donn\u00e9 suite, image d&rsquo;un m\u00e9pris inacceptable pour la population de tout un territoire enclav\u00e9 depuis 2016, montrant clairement son d\u00e9sint\u00e9r\u00eat actuel pour la pr\u00e9servation des soi-disant \u00ab petites lignes \u00bb.<br \/>\n&nbsp;<br \/>\nFace \u00e0 la d\u00e9faillance de la SNCF, nous vous invitons \u00e0 montrer votre attachement \u00e0 la ligne Bo\u00ebn-Thiers dans le cadre de la pr\u00e9paration \u00e0 sa r\u00e9ouverture en apportant votre mat\u00e9riel de d\u00e9broussaillage.<br \/>\n&nbsp;<br \/>\n<strong>Nous vous donnons rendez-vous le dimanche 30 mai 2021 en gare de Noir\u00e9table afin de parcourir la ligne en direction de Thiers d\u00e8s 9h30 sur des zones identifi\u00e9es \u00e0 quelques centaines de m\u00e8tres de la gare.<\/strong><br \/>\n&nbsp;<br \/>\nVenez nombreux pour montrer votre attachement et ainsi participer \u00e0 la pr\u00e9servation de ce bien commun, puissant vecteur d\u2019am\u00e9nagement du territoire, qui concerne 1 000 000 d\u2019habitants entre Clermont-Ferrand et Saint-Etienne.<br \/>\n&nbsp;<br \/>\nCette journ\u00e9e doit \u00eatre un temps fort de la prise de conscience de la sauvegarde d\u2019un patrimoine construit pour unifier les territoires.<br \/>\n&nbsp;<br \/>\n<em>Gestes barri\u00e8res et port du masque obligatoire &#8211; Chaussures de randonn\u00e9es vivement recommand\u00e9es.<\/em><br \/>\n&nbsp;<br \/>\n<img loading=\"lazy\" decoding=\"async\" class=\" aligncenter size-full wp-image-3327\" src=\"http:\/\/5.45.101.177\/haut-allier\/usagers-transportse\/wp-content\/uploads\/2021\/05\/debroussaillage-min.png\" alt=\"debroussaillage-min.png\" align=\"center\" width=\"1414\" height=\"1999\" srcset=\"https:\/\/usagers-transports.haut-allier.eu\/wp-content\/uploads\/2021\/05\/debroussaillage-min.png 1414w, https:\/\/usagers-transports.haut-allier.eu\/wp-content\/uploads\/2021\/05\/debroussaillage-min-212x300.png 212w, https:\/\/usagers-transports.haut-allier.eu\/wp-content\/uploads\/2021\/05\/debroussaillage-min-724x1024.png 724w, https:\/\/usagers-transports.haut-allier.eu\/wp-content\/uploads\/2021\/05\/debroussaillage-min-768x1086.png 768w, https:\/\/usagers-transports.haut-allier.eu\/wp-content\/uploads\/2021\/05\/debroussaillage-min-1086x1536.png 1086w\" sizes=\"auto, (max-width: 1414px) 100vw, 1414px\" \/><br \/>\n&nbsp;<\/p>\n","protected":false},"excerpt":{"rendered":"<p>Dans le cadre de l\u2019op\u00e9ration \u00ab Le Train des Territoires \u00bb, le Collectif ferroviaire letrain634269 organise le dimanche<\/p>\n","protected":false},"author":1,"featured_media":3326,"comment_status":"open","ping_status":"open","sticky":false,"template":"","format":"standard","meta":{"footnotes":""},"categories":[2],"tags":[],"class_list":["post-776","post","type-post","status-publish","format-standard","has-post-thumbnail","hentry","category-infos"],"_links":{"self":[{"href":"https:\/\/usagers-transports.haut-allier.eu\/index.php\/wp-json\/wp\/v2\/posts\/776","targetHints":{"allow":["GET"]}}],"collection":[{"href":"https:\/\/usagers-transports.haut-allier.eu\/index.php\/wp-json\/wp\/v2\/posts"}],"about":[{"href":"https:\/\/usagers-transports.haut-allier.eu\/index.php\/wp-json\/wp\/v2\/types\/post"}],"author":[{"embeddable":true,"href":"https:\/\/usagers-transports.haut-allier.eu\/index.php\/wp-json\/wp\/v2\/users\/1"}],"replies":[{"embeddable":true,"href":"https:\/\/usagers-transports.haut-allier.eu\/index.php\/wp-json\/wp\/v2\/comments?post=776"}],"version-history":[{"count":0,"href":"https:\/\/usagers-transports.haut-allier.eu\/index.php\/wp-json\/wp\/v2\/posts\/776\/revisions"}],"wp:featuredmedia":[{"embeddable":true,"href":"https:\/\/usagers-transports.haut-allier.eu\/index.php\/wp-json\/wp\/v2\/media\/3326"}],"wp:attachment":[{"href":"https:\/\/usagers-transports.haut-allier.eu\/index.php\/wp-json\/wp\/v2\/media?parent=776"}],"wp:term":[{"taxonomy":"category","embeddable":true,"href":"https:\/\/usagers-transports.haut-allier.eu\/index.php\/wp-json\/wp\/v2\/categories?post=776"},{"taxonomy":"post_tag","embeddable":true,"href":"https:\/\/usagers-transports.haut-allier.eu\/index.php\/wp-json\/wp\/v2\/tags?post=776"}],"curies":[{"name":"wp","href":"https:\/\/api.w.org\/{rel}","templated":true}]}}