{"id":777,"date":"2021-05-18T19:42:52","date_gmt":"2021-05-18T17:42:52","guid":{"rendered":"http:\/\/5.45.101.177\/haut-allier\/usagers-transportse\/index.php\/2021\/05\/18\/ligne-du-train-cevenol777\/"},"modified":"2021-05-18T19:42:52","modified_gmt":"2021-05-18T17:42:52","slug":"ligne-du-train-cevenol777","status":"publish","type":"post","link":"https:\/\/usagers-transports.haut-allier.eu\/index.php\/2021\/05\/18\/ligne-du-train-cevenol777\/","title":{"rendered":"Ligne du train C\u00e9venol : Renouvellement total de 6 km de voie entre Labastide et Pranlac (Loz\u00e8re)"},"content":{"rendered":"<p>C\u00f4t\u00e9 Loz\u00e8re SNCF R\u00e9seau s&rsquo;active vraiment et apr\u00e8s les 8000 traverses entre Mende et Labastide c&rsquo;est 6 kilom\u00e8tres de voie qui viennent d&rsquo;\u00eatre enti\u00e8rement refaite et ce entre la gare de La Bastide Saint-Laurent les Bains et Pranlac. Le renouvellement s&rsquo;est effectu\u00e9 en moins d&rsquo;un mois.<br \/>\n&nbsp;<br \/>\nLes images sont assez impressionnantes :<br \/>\n&nbsp;<br \/>\n<em>Au niveau de Rogleton (Ard\u00e8che)<\/em><br \/>\n<img loading=\"lazy\" decoding=\"async\" class=\" aligncenter size-full wp-image-3329\" src=\"http:\/\/5.45.101.177\/haut-allier\/usagers-transportse\/wp-content\/uploads\/2021\/05\/img_20210518_124539_225.jpg\" alt=\"img_20210518_124539_225.jpg\" align=\"center\" width=\"843\" height=\"1500\" srcset=\"https:\/\/usagers-transports.haut-allier.eu\/wp-content\/uploads\/2021\/05\/img_20210518_124539_225.jpg 843w, https:\/\/usagers-transports.haut-allier.eu\/wp-content\/uploads\/2021\/05\/img_20210518_124539_225-169x300.jpg 169w, https:\/\/usagers-transports.haut-allier.eu\/wp-content\/uploads\/2021\/05\/img_20210518_124539_225-575x1024.jpg 575w, https:\/\/usagers-transports.haut-allier.eu\/wp-content\/uploads\/2021\/05\/img_20210518_124539_225-768x1367.jpg 768w\" sizes=\"auto, (max-width: 843px) 100vw, 843px\" \/><br \/>\n&nbsp;<br \/>\n<img loading=\"lazy\" decoding=\"async\" class=\" aligncenter size-full wp-image-3330\" src=\"http:\/\/5.45.101.177\/haut-allier\/usagers-transportse\/wp-content\/uploads\/2021\/05\/img_20210518_124549_662.jpg\" alt=\"img_20210518_124549_662.jpg\" align=\"center\" width=\"843\" height=\"1500\" srcset=\"https:\/\/usagers-transports.haut-allier.eu\/wp-content\/uploads\/2021\/05\/img_20210518_124549_662.jpg 843w, https:\/\/usagers-transports.haut-allier.eu\/wp-content\/uploads\/2021\/05\/img_20210518_124549_662-169x300.jpg 169w, https:\/\/usagers-transports.haut-allier.eu\/wp-content\/uploads\/2021\/05\/img_20210518_124549_662-575x1024.jpg 575w, https:\/\/usagers-transports.haut-allier.eu\/wp-content\/uploads\/2021\/05\/img_20210518_124549_662-768x1367.jpg 768w\" sizes=\"auto, (max-width: 843px) 100vw, 843px\" \/><br \/>\n&nbsp;<br \/>\n<em>Au niveau de Laveyrune (Loz\u00e8re)<\/em><br \/>\n&nbsp;<br \/>\n<img loading=\"lazy\" decoding=\"async\" class=\" aligncenter size-full wp-image-3331\" src=\"http:\/\/5.45.101.177\/haut-allier\/usagers-transportse\/wp-content\/uploads\/2021\/05\/img_20210518_125008_434.jpg\" alt=\"img_20210518_125008_434.jpg\" align=\"center\" width=\"1500\" height=\"821\" srcset=\"https:\/\/usagers-transports.haut-allier.eu\/wp-content\/uploads\/2021\/05\/img_20210518_125008_434.jpg 1500w, https:\/\/usagers-transports.haut-allier.eu\/wp-content\/uploads\/2021\/05\/img_20210518_125008_434-300x164.jpg 300w, https:\/\/usagers-transports.haut-allier.eu\/wp-content\/uploads\/2021\/05\/img_20210518_125008_434-1024x560.jpg 1024w, https:\/\/usagers-transports.haut-allier.eu\/wp-content\/uploads\/2021\/05\/img_20210518_125008_434-768x420.jpg 768w\" sizes=\"auto, (max-width: 1500px) 100vw, 1500px\" \/><br \/>\n&nbsp;<br \/>\n<em>Au niveau de Pranlac (Loz\u00e8re)<\/em><br \/>\n&nbsp;<br \/>\n<img loading=\"lazy\" decoding=\"async\" class=\" aligncenter size-full wp-image-3332\" src=\"http:\/\/5.45.101.177\/haut-allier\/usagers-transportse\/wp-content\/uploads\/2021\/05\/img_20210518_125203_232.jpg\" alt=\"img_20210518_125203_232.jpg\" align=\"center\" width=\"843\" height=\"1500\" srcset=\"https:\/\/usagers-transports.haut-allier.eu\/wp-content\/uploads\/2021\/05\/img_20210518_125203_232.jpg 843w, https:\/\/usagers-transports.haut-allier.eu\/wp-content\/uploads\/2021\/05\/img_20210518_125203_232-169x300.jpg 169w, https:\/\/usagers-transports.haut-allier.eu\/wp-content\/uploads\/2021\/05\/img_20210518_125203_232-575x1024.jpg 575w, https:\/\/usagers-transports.haut-allier.eu\/wp-content\/uploads\/2021\/05\/img_20210518_125203_232-768x1367.jpg 768w\" sizes=\"auto, (max-width: 843px) 100vw, 843px\" \/><br \/>\n&nbsp;<br \/>\n<img loading=\"lazy\" decoding=\"async\" class=\" aligncenter size-full wp-image-3333\" src=\"http:\/\/5.45.101.177\/haut-allier\/usagers-transportse\/wp-content\/uploads\/2021\/05\/img_20210518_125213_196.jpg\" alt=\"img_20210518_125213_196.jpg\" align=\"center\" width=\"843\" height=\"1500\" srcset=\"https:\/\/usagers-transports.haut-allier.eu\/wp-content\/uploads\/2021\/05\/img_20210518_125213_196.jpg 843w, https:\/\/usagers-transports.haut-allier.eu\/wp-content\/uploads\/2021\/05\/img_20210518_125213_196-169x300.jpg 169w, https:\/\/usagers-transports.haut-allier.eu\/wp-content\/uploads\/2021\/05\/img_20210518_125213_196-575x1024.jpg 575w, https:\/\/usagers-transports.haut-allier.eu\/wp-content\/uploads\/2021\/05\/img_20210518_125213_196-768x1367.jpg 768w\" sizes=\"auto, (max-width: 843px) 100vw, 843px\" \/><br \/>\n&nbsp;<br \/>\n<img loading=\"lazy\" decoding=\"async\" class=\" aligncenter size-full wp-image-3334\" src=\"http:\/\/5.45.101.177\/haut-allier\/usagers-transportse\/wp-content\/uploads\/2021\/05\/img_20210518_125446_925.jpg\" alt=\"img_20210518_125446_925.jpg\" align=\"center\" width=\"1500\" height=\"843\" srcset=\"https:\/\/usagers-transports.haut-allier.eu\/wp-content\/uploads\/2021\/05\/img_20210518_125446_925.jpg 1500w, https:\/\/usagers-transports.haut-allier.eu\/wp-content\/uploads\/2021\/05\/img_20210518_125446_925-300x169.jpg 300w, https:\/\/usagers-transports.haut-allier.eu\/wp-content\/uploads\/2021\/05\/img_20210518_125446_925-1024x575.jpg 1024w, https:\/\/usagers-transports.haut-allier.eu\/wp-content\/uploads\/2021\/05\/img_20210518_125446_925-768x432.jpg 768w\" sizes=\"auto, (max-width: 1500px) 100vw, 1500px\" \/><br \/>\n&nbsp;<br \/>\n<em>Le passage \u00e0 niveau de Pranlac<\/em><br \/>\n&nbsp;<br \/>\n<img loading=\"lazy\" decoding=\"async\" class=\" aligncenter size-full wp-image-3335\" src=\"http:\/\/5.45.101.177\/haut-allier\/usagers-transportse\/wp-content\/uploads\/2021\/05\/img_20210518_125507_505.jpg\" alt=\"img_20210518_125507_505.jpg\" align=\"center\" width=\"1500\" height=\"843\" srcset=\"https:\/\/usagers-transports.haut-allier.eu\/wp-content\/uploads\/2021\/05\/img_20210518_125507_505.jpg 1500w, https:\/\/usagers-transports.haut-allier.eu\/wp-content\/uploads\/2021\/05\/img_20210518_125507_505-300x169.jpg 300w, https:\/\/usagers-transports.haut-allier.eu\/wp-content\/uploads\/2021\/05\/img_20210518_125507_505-1024x575.jpg 1024w, https:\/\/usagers-transports.haut-allier.eu\/wp-content\/uploads\/2021\/05\/img_20210518_125507_505-768x432.jpg 768w\" sizes=\"auto, (max-width: 1500px) 100vw, 1500px\" \/><br \/>\n&nbsp;<br \/>\n<img loading=\"lazy\" decoding=\"async\" class=\" aligncenter size-full wp-image-3336\" src=\"http:\/\/5.45.101.177\/haut-allier\/usagers-transportse\/wp-content\/uploads\/2021\/05\/img_20210518_125636_335.jpg\" alt=\"img_20210518_125636_335.jpg\" align=\"center\" width=\"1500\" height=\"843\" srcset=\"https:\/\/usagers-transports.haut-allier.eu\/wp-content\/uploads\/2021\/05\/img_20210518_125636_335.jpg 1500w, https:\/\/usagers-transports.haut-allier.eu\/wp-content\/uploads\/2021\/05\/img_20210518_125636_335-300x169.jpg 300w, https:\/\/usagers-transports.haut-allier.eu\/wp-content\/uploads\/2021\/05\/img_20210518_125636_335-1024x575.jpg 1024w, https:\/\/usagers-transports.haut-allier.eu\/wp-content\/uploads\/2021\/05\/img_20210518_125636_335-768x432.jpg 768w\" sizes=\"auto, (max-width: 1500px) 100vw, 1500px\" \/><br \/>\n&nbsp;<br \/>\nPendant ce temps dans les gorges sauvages de l&rsquo;Allier, c\u00f4t\u00e9 Auvergne Rh\u00f4ne Alpes, \u00e7a ne bouge gu\u00e8re malgr\u00e9 les tr\u00e8s nombreux sous-traitants pr\u00e9sents tous les jours dans les gares comme ici \u00e0 Alleyras (Haute-Loire). Les traverses marqu\u00e9es ne sont toujours pas chang\u00e9es et on se demande bien ce qui motive le remue-m\u00e9nage quotidien.<br \/>\n&nbsp;<br \/>\n<em>Les m\u00eames traverses presque bicentenaires devant la gare d&rsquo;Alleyras<\/em><br \/>\n<img loading=\"lazy\" decoding=\"async\" class=\" aligncenter size-full wp-image-3337\" src=\"http:\/\/5.45.101.177\/haut-allier\/usagers-transportse\/wp-content\/uploads\/2021\/05\/img_20210518_163213_574.jpg\" alt=\"img_20210518_163213_574.jpg\" align=\"center\" width=\"2084\" height=\"1190\" srcset=\"https:\/\/usagers-transports.haut-allier.eu\/wp-content\/uploads\/2021\/05\/img_20210518_163213_574.jpg 2084w, https:\/\/usagers-transports.haut-allier.eu\/wp-content\/uploads\/2021\/05\/img_20210518_163213_574-300x171.jpg 300w, https:\/\/usagers-transports.haut-allier.eu\/wp-content\/uploads\/2021\/05\/img_20210518_163213_574-1024x585.jpg 1024w, https:\/\/usagers-transports.haut-allier.eu\/wp-content\/uploads\/2021\/05\/img_20210518_163213_574-768x439.jpg 768w, https:\/\/usagers-transports.haut-allier.eu\/wp-content\/uploads\/2021\/05\/img_20210518_163213_574-1536x877.jpg 1536w, https:\/\/usagers-transports.haut-allier.eu\/wp-content\/uploads\/2021\/05\/img_20210518_163213_574-2048x1169.jpg 2048w\" sizes=\"auto, (max-width: 2084px) 100vw, 2084px\" \/><br \/>\n&nbsp;<br \/>\n<em>Au loin la flop\u00e9e quotidienne des v\u00e9hicules de chantier. Pourquoi faire ?<\/em><br \/>\n&nbsp;<br \/>\n<img loading=\"lazy\" decoding=\"async\" class=\" aligncenter size-full wp-image-3338\" src=\"http:\/\/5.45.101.177\/haut-allier\/usagers-transportse\/wp-content\/uploads\/2021\/05\/img_20210518_163120_251.jpg\" alt=\"img_20210518_163120_251.jpg\" align=\"center\" width=\"1208\" height=\"634\" srcset=\"https:\/\/usagers-transports.haut-allier.eu\/wp-content\/uploads\/2021\/05\/img_20210518_163120_251.jpg 1208w, https:\/\/usagers-transports.haut-allier.eu\/wp-content\/uploads\/2021\/05\/img_20210518_163120_251-300x157.jpg 300w, https:\/\/usagers-transports.haut-allier.eu\/wp-content\/uploads\/2021\/05\/img_20210518_163120_251-1024x537.jpg 1024w, https:\/\/usagers-transports.haut-allier.eu\/wp-content\/uploads\/2021\/05\/img_20210518_163120_251-768x403.jpg 768w\" sizes=\"auto, (max-width: 1208px) 100vw, 1208px\" \/><br \/>\n&nbsp;<\/p>\n","protected":false},"excerpt":{"rendered":"<p>C\u00f4t\u00e9 Loz\u00e8re SNCF R\u00e9seau s&rsquo;active vraiment et apr\u00e8s les 8000 traverses entre Mende et Labastide c&rsquo;est 6 kilom\u00e8tres<\/p>\n","protected":false},"author":1,"featured_media":3328,"comment_status":"open","ping_status":"open","sticky":false,"template":"","format":"standard","meta":{"footnotes":""},"categories":[2],"tags":[],"class_list":["post-777","post","type-post","status-publish","format-standard","has-post-thumbnail","hentry","category-infos"],"_links":{"self":[{"href":"https:\/\/usagers-transports.haut-allier.eu\/index.php\/wp-json\/wp\/v2\/posts\/777","targetHints":{"allow":["GET"]}}],"collection":[{"href":"https:\/\/usagers-transports.haut-allier.eu\/index.php\/wp-json\/wp\/v2\/posts"}],"about":[{"href":"https:\/\/usagers-transports.haut-allier.eu\/index.php\/wp-json\/wp\/v2\/types\/post"}],"author":[{"embeddable":true,"href":"https:\/\/usagers-transports.haut-allier.eu\/index.php\/wp-json\/wp\/v2\/users\/1"}],"replies":[{"embeddable":true,"href":"https:\/\/usagers-transports.haut-allier.eu\/index.php\/wp-json\/wp\/v2\/comments?post=777"}],"version-history":[{"count":0,"href":"https:\/\/usagers-transports.haut-allier.eu\/index.php\/wp-json\/wp\/v2\/posts\/777\/revisions"}],"wp:featuredmedia":[{"embeddable":true,"href":"https:\/\/usagers-transports.haut-allier.eu\/index.php\/wp-json\/wp\/v2\/media\/3328"}],"wp:attachment":[{"href":"https:\/\/usagers-transports.haut-allier.eu\/index.php\/wp-json\/wp\/v2\/media?parent=777"}],"wp:term":[{"taxonomy":"category","embeddable":true,"href":"https:\/\/usagers-transports.haut-allier.eu\/index.php\/wp-json\/wp\/v2\/categories?post=777"},{"taxonomy":"post_tag","embeddable":true,"href":"https:\/\/usagers-transports.haut-allier.eu\/index.php\/wp-json\/wp\/v2\/tags?post=777"}],"curies":[{"name":"wp","href":"https:\/\/api.w.org\/{rel}","templated":true}]}}