{"id":778,"date":"2021-05-20T10:08:33","date_gmt":"2021-05-20T08:08:33","guid":{"rendered":"http:\/\/5.45.101.177\/haut-allier\/usagers-transportse\/index.php\/2021\/05\/20\/desserte-du-massif-central-par-les778\/"},"modified":"2021-05-20T10:08:33","modified_gmt":"2021-05-20T08:08:33","slug":"desserte-du-massif-central-par-les778","status":"publish","type":"post","link":"https:\/\/usagers-transports.haut-allier.eu\/index.php\/2021\/05\/20\/desserte-du-massif-central-par-les778\/","title":{"rendered":"Desserte du Massif Central par les trains de nuit : le couperet est tomb\u00e9, c&rsquo;est NIET !"},"content":{"rendered":"<p>Le gouvernement vient de rendre public la fameuse \u00e9tude qui tra\u00eene depuis des mois dans les bureaux de la DGTIM et dont nous avions parl\u00e9 \u00e0 de nombreuses reprises ici.<br \/>\n&nbsp;<br \/>\nPas de train de nuit B\u00e9ziers \/ N\u00eemes Clermont Ferrand Paris : c&rsquo;est le r\u00e9sultat de ces longs mois d&rsquo;attente :<br \/>\n&nbsp;<br \/>\n<img loading=\"lazy\" decoding=\"async\" class=\" aligncenter size-full wp-image-3340\" src=\"http:\/\/5.45.101.177\/haut-allier\/usagers-transportse\/wp-content\/uploads\/2021\/05\/tdnenvisages-clermont-le-grand-voyage.jpg\" alt=\"tdnenvisages-clermont-le-grand-voyage.jpg\" align=\"center\" width=\"1127\" height=\"1170\" srcset=\"https:\/\/usagers-transports.haut-allier.eu\/wp-content\/uploads\/2021\/05\/tdnenvisages-clermont-le-grand-voyage.jpg 1127w, https:\/\/usagers-transports.haut-allier.eu\/wp-content\/uploads\/2021\/05\/tdnenvisages-clermont-le-grand-voyage-289x300.jpg 289w, https:\/\/usagers-transports.haut-allier.eu\/wp-content\/uploads\/2021\/05\/tdnenvisages-clermont-le-grand-voyage-986x1024.jpg 986w, https:\/\/usagers-transports.haut-allier.eu\/wp-content\/uploads\/2021\/05\/tdnenvisages-clermont-le-grand-voyage-768x797.jpg 768w\" sizes=\"auto, (max-width: 1127px) 100vw, 1127px\" \/><br \/>\n&nbsp;<br \/>\nS&rsquo;en suit un long discours sur les avantages de ne pas relier B\u00e9ziers et N\u00eemes via Clermont Ferrand et par contre tous les b\u00e9n\u00e9fices que l&rsquo;on peut tirer d&rsquo;un train de nuit Clermont Aurillac Brive la Gaillarde Paris, un d\u00e9tour de 400 km OUI VOUS LISEZ BIEN. C&rsquo;est ce que nous d\u00e9noncions d\u00e8s d\u00e9cembre et ce pourquoi nous avons lanc\u00e9 une mobilisation des \u00e9lus et des communes sans pr\u00e9c\u00e9dent, 39 villes et villages ont vot\u00e9 la d\u00e9lib\u00e9ration pour le retour du train de nuit des C\u00e9vennes disparu en 2003.<br \/>\n&nbsp;<br \/>\n<img loading=\"lazy\" decoding=\"async\" class=\" aligncenter size-full wp-image-3341\" src=\"http:\/\/5.45.101.177\/haut-allier\/usagers-transportse\/wp-content\/uploads\/2021\/05\/tdn-03r.jpg\" alt=\"tdn-03r.jpg\" align=\"center\" width=\"802\" height=\"310\" srcset=\"https:\/\/usagers-transports.haut-allier.eu\/wp-content\/uploads\/2021\/05\/tdn-03r.jpg 802w, https:\/\/usagers-transports.haut-allier.eu\/wp-content\/uploads\/2021\/05\/tdn-03r-300x116.jpg 300w, https:\/\/usagers-transports.haut-allier.eu\/wp-content\/uploads\/2021\/05\/tdn-03r-768x297.jpg 768w\" sizes=\"auto, (max-width: 802px) 100vw, 802px\" \/><br \/>\n&nbsp;<br \/>\nUn crochet via Brive aberrant qui ne choque personne. Que des avantages tentent-ils de nous expliquer. avec des correspondances vers les trains de jour de la ligne Aubrac et et du C\u00e9venol.<br \/>\n&nbsp;<br \/>\n<em>Oui disent-ils on a bien \u00e9tudi\u00e9 la question du Massif central, mais croyez nous, vraiment&#8230; ce n&rsquo;est pas possible.<\/em><br \/>\n<img loading=\"lazy\" decoding=\"async\" class=\" aligncenter size-full wp-image-3342\" src=\"http:\/\/5.45.101.177\/haut-allier\/usagers-transportse\/wp-content\/uploads\/2021\/05\/tdn-01.jpg\" alt=\"tdn-01.jpg\" align=\"center\" width=\"1200\" height=\"807\" srcset=\"https:\/\/usagers-transports.haut-allier.eu\/wp-content\/uploads\/2021\/05\/tdn-01.jpg 1200w, https:\/\/usagers-transports.haut-allier.eu\/wp-content\/uploads\/2021\/05\/tdn-01-300x202.jpg 300w, https:\/\/usagers-transports.haut-allier.eu\/wp-content\/uploads\/2021\/05\/tdn-01-1024x689.jpg 1024w, https:\/\/usagers-transports.haut-allier.eu\/wp-content\/uploads\/2021\/05\/tdn-01-768x516.jpg 768w\" sizes=\"auto, (max-width: 1200px) 100vw, 1200px\" \/><br \/>\n&nbsp;<br \/>\n[fond noir][blanc]<img loading=\"lazy\" decoding=\"async\" class=\" aligncenter size-full wp-image-3343\" src=\"http:\/\/5.45.101.177\/haut-allier\/usagers-transportse\/wp-content\/uploads\/2021\/05\/tdn-02.jpg\" alt=\"tdn-02.jpg\" align=\"center\" width=\"1191\" height=\"1785\" srcset=\"https:\/\/usagers-transports.haut-allier.eu\/wp-content\/uploads\/2021\/05\/tdn-02.jpg 1191w, https:\/\/usagers-transports.haut-allier.eu\/wp-content\/uploads\/2021\/05\/tdn-02-200x300.jpg 200w, https:\/\/usagers-transports.haut-allier.eu\/wp-content\/uploads\/2021\/05\/tdn-02-683x1024.jpg 683w, https:\/\/usagers-transports.haut-allier.eu\/wp-content\/uploads\/2021\/05\/tdn-02-768x1151.jpg 768w, https:\/\/usagers-transports.haut-allier.eu\/wp-content\/uploads\/2021\/05\/tdn-02-1025x1536.jpg 1025w\" sizes=\"auto, (max-width: 1191px) 100vw, 1191px\" \/>[\/blanc][\/fond noir]<br \/>\n&nbsp;<br \/>\n<strong>De plus c&rsquo;est pas s\u00fbr !<\/strong><br \/>\n&nbsp;<br \/>\nLa proposition idiote de la desserte de Clermont par Brive vers Paris est soumise de plus \u00e0 la condition de la r\u00e9g\u00e9n\u00e9ration compl\u00e8te de la section Brive Arvant. Ce que nous explique le document :<br \/>\n&nbsp;<br \/>\n<img loading=\"lazy\" decoding=\"async\" class=\" aligncenter size-full wp-image-3344\" src=\"http:\/\/5.45.101.177\/haut-allier\/usagers-transportse\/wp-content\/uploads\/2021\/05\/tdn-03.jpg\" alt=\"tdn-03.jpg\" align=\"center\" width=\"1162\" height=\"569\" srcset=\"https:\/\/usagers-transports.haut-allier.eu\/wp-content\/uploads\/2021\/05\/tdn-03.jpg 1162w, https:\/\/usagers-transports.haut-allier.eu\/wp-content\/uploads\/2021\/05\/tdn-03-300x147.jpg 300w, https:\/\/usagers-transports.haut-allier.eu\/wp-content\/uploads\/2021\/05\/tdn-03-1024x501.jpg 1024w, https:\/\/usagers-transports.haut-allier.eu\/wp-content\/uploads\/2021\/05\/tdn-03-768x376.jpg 768w\" sizes=\"auto, (max-width: 1162px) 100vw, 1162px\" \/><br \/>\n&nbsp;<br \/>\nC&rsquo;est pas gagn\u00e9 nous dit-on. Et on abonde. Surtout si Monsieur Wauquiez perd les r\u00e9gionales en r\u00e9gion Auvergne Rh\u00f4ne Alpes, collectivit\u00e9 qui contribue de force \u00e0 cette r\u00e9g\u00e9n\u00e9ration. Peut-\u00eatre les successeurs auront-ils un autre point de vue.<br \/>\n&nbsp;<br \/>\nDe bien beaux combats en perspective. On continue.<br \/>\n&nbsp;<br \/>\n<strong> <em>Le document PDF du gouvernement \u00e0 lire. Version de <a href=\"https:\/\/www.mobilettre.com\/\">Mobilettre<\/a>.<\/em> <\/strong><br \/>\n&nbsp;<br \/>\n<a href=\"http:\/\/5.45.101.177\/haut-allier\/usagers-transportse\/wp-content\/uploads\/2021\/05\/tet-etudelom-rapport.pdf\">tet-etudelom-rapport.pdf<\/a><br \/>\n&nbsp;<br \/>\n<strong>R\u00e9action du Collectif Oui au train de nuit C\u00e9vennes Auvergne sur France Bleu Pays d&rsquo;Auvergne vendredi 21 mai journal de 8h00 :<\/strong><br \/>\n&nbsp;<br \/>\n<a href=\"http:\/\/5.45.101.177\/haut-allier\/usagers-transportse\/wp-content\/uploads\/2021\/05\/vlc-record-2021-05-21-07h59m27s-fbpaysdauvergne-midfi.mp3-.mp3\">vlc-record-2021-05-21-07h59m27s-fbpaysdauvergne-midfi.mp3-.mp3<\/a><br \/>\n&nbsp;<\/p>\n","protected":false},"excerpt":{"rendered":"<p>Le gouvernement vient de rendre public la fameuse \u00e9tude qui tra\u00eene depuis des mois dans les bureaux de<\/p>\n","protected":false},"author":1,"featured_media":3339,"comment_status":"open","ping_status":"open","sticky":false,"template":"","format":"standard","meta":{"footnotes":""},"categories":[2],"tags":[],"class_list":["post-778","post","type-post","status-publish","format-standard","has-post-thumbnail","hentry","category-infos"],"_links":{"self":[{"href":"https:\/\/usagers-transports.haut-allier.eu\/index.php\/wp-json\/wp\/v2\/posts\/778","targetHints":{"allow":["GET"]}}],"collection":[{"href":"https:\/\/usagers-transports.haut-allier.eu\/index.php\/wp-json\/wp\/v2\/posts"}],"about":[{"href":"https:\/\/usagers-transports.haut-allier.eu\/index.php\/wp-json\/wp\/v2\/types\/post"}],"author":[{"embeddable":true,"href":"https:\/\/usagers-transports.haut-allier.eu\/index.php\/wp-json\/wp\/v2\/users\/1"}],"replies":[{"embeddable":true,"href":"https:\/\/usagers-transports.haut-allier.eu\/index.php\/wp-json\/wp\/v2\/comments?post=778"}],"version-history":[{"count":0,"href":"https:\/\/usagers-transports.haut-allier.eu\/index.php\/wp-json\/wp\/v2\/posts\/778\/revisions"}],"wp:featuredmedia":[{"embeddable":true,"href":"https:\/\/usagers-transports.haut-allier.eu\/index.php\/wp-json\/wp\/v2\/media\/3339"}],"wp:attachment":[{"href":"https:\/\/usagers-transports.haut-allier.eu\/index.php\/wp-json\/wp\/v2\/media?parent=778"}],"wp:term":[{"taxonomy":"category","embeddable":true,"href":"https:\/\/usagers-transports.haut-allier.eu\/index.php\/wp-json\/wp\/v2\/categories?post=778"},{"taxonomy":"post_tag","embeddable":true,"href":"https:\/\/usagers-transports.haut-allier.eu\/index.php\/wp-json\/wp\/v2\/tags?post=778"}],"curies":[{"name":"wp","href":"https:\/\/api.w.org\/{rel}","templated":true}]}}