{"id":78,"date":"2013-10-02T07:52:56","date_gmt":"2013-10-02T05:52:56","guid":{"rendered":"http:\/\/5.45.101.177\/haut-allier\/usagers-transportse\/index.php\/2013\/10\/02\/guichets-sncf-fermes-les-usagers078\/"},"modified":"2013-10-02T07:52:56","modified_gmt":"2013-10-02T05:52:56","slug":"guichets-sncf-fermes-les-usagers078","status":"publish","type":"post","link":"https:\/\/usagers-transports.haut-allier.eu\/index.php\/2013\/10\/02\/guichets-sncf-fermes-les-usagers078\/","title":{"rendered":"Guichets SNCF ferm\u00e9s : les usagers de Loz\u00e8re et du Gard \u00e0 bout. Bient\u00f4t l&rsquo;Auvergne !"},"content":{"rendered":"<p>L&rsquo;intol\u00e9rable fermeture des guichets des gares les samedis dimanches et jours de f\u00eate dans la partie sud de la ligne des C\u00e9vennes s&rsquo;est fortement invit\u00e9e dans les commentaires de notre <a href=\"http:\/\/usagers-transports.haut-allier.eu\/spip.php?article58\">p\u00e9tition<\/a> estivale qui n&rsquo;avait pas abord\u00e9 ce point pr\u00e9cis car lanc\u00e9e en mai un peu avant la date de la mise en application de la mesure en juillet. Tous les voyageurs n&rsquo;en peuvent plus, des scolaires aux vacanciers en passant par ceux qui utilisent le train pour le trajet domicile travail.<br \/>\n&nbsp;<br \/>\nEn Loz\u00e8re c&rsquo;est donc les gares de Mende, Labastide, Villefort, Langogne qui sont touch\u00e9es. Dans le Gard ce sont G\u00e9nolhac et Grand Combe la Pise. Et de plus des villes touch\u00e9es par la <a href=\"http:\/\/usagers-transports.haut-allier.eu\/spip.php?article77\">suppression<\/a> mi-d\u00e9cembre 2013 de 7 trains quotidiens ! <strong>Existe-t-il une planification secr\u00e8te SNCF \/ R\u00e9gion LR ayant pour objectif la fermeture des lignes ? Nous posons la question. <\/strong><br \/>\n&nbsp;<br \/>\nMais l&rsquo;idiote mesure de la SNCF ne s&rsquo;arr\u00eatera pas l\u00e0. Elle devrait toucher aussi toute l&rsquo;Auvergne avec notamment les gares de Langeac, Arvant et Brassac les Mines. La d\u00e9cision devrait \u00eatre prise avant la fin de l&rsquo;ann\u00e9e malgr\u00e9 les virulentes <a href=\"http:\/\/usagers-transports.haut-allier.eu\/spip.php?article52\">manifestations du 3 mai<\/a> dernier dans toutes les gares concern\u00e9es.<br \/>\n&nbsp;<br \/>\nLe conseil r\u00e9gional Auvergne, lui, ne reste pas silencieux et combat la d\u00e9cision en \u00e9mettant un <a href=\"http:\/\/blog.vertsconseilregionalauvergne.fr\/public\/voeu_gares_et_guichets_en_Auvergne.pdf\">voeu<\/a> contre la fermeture des guichets et des gares SNCF ce 25 septembre. Propos\u00e9 par Europe Ecologie les Verts et vot\u00e9 \u00e0 la majorit\u00e9 des voix par EELV et la droite, avec abstention du PS, le Front de Gauche n\u2019ayant pas pris part au vote.<br \/>\n&nbsp;<br \/>\nNotre <a href=\"http:\/\/usagers-transports.haut-allier.eu\/spip.php?article58\">p\u00e9tition<\/a> quant \u00e0 elle regroupait au 1er octobre 542 vraies signatures de vrais voyageurs recueillies dans les gares ou \u00e0 leurs abords. Les agents de la direction SNCF ont jett\u00e9 nos documents hors des gares de Brioude et Issoire.<\/p>\n","protected":false},"excerpt":{"rendered":"<p>L&rsquo;intol\u00e9rable fermeture des guichets des gares les samedis dimanches et jours de f\u00eate dans la partie sud de<\/p>\n","protected":false},"author":1,"featured_media":1482,"comment_status":"closed","ping_status":"open","sticky":false,"template":"","format":"standard","meta":{"footnotes":""},"categories":[2],"tags":[],"class_list":["post-78","post","type-post","status-publish","format-standard","has-post-thumbnail","hentry","category-infos"],"_links":{"self":[{"href":"https:\/\/usagers-transports.haut-allier.eu\/index.php\/wp-json\/wp\/v2\/posts\/78","targetHints":{"allow":["GET"]}}],"collection":[{"href":"https:\/\/usagers-transports.haut-allier.eu\/index.php\/wp-json\/wp\/v2\/posts"}],"about":[{"href":"https:\/\/usagers-transports.haut-allier.eu\/index.php\/wp-json\/wp\/v2\/types\/post"}],"author":[{"embeddable":true,"href":"https:\/\/usagers-transports.haut-allier.eu\/index.php\/wp-json\/wp\/v2\/users\/1"}],"replies":[{"embeddable":true,"href":"https:\/\/usagers-transports.haut-allier.eu\/index.php\/wp-json\/wp\/v2\/comments?post=78"}],"version-history":[{"count":0,"href":"https:\/\/usagers-transports.haut-allier.eu\/index.php\/wp-json\/wp\/v2\/posts\/78\/revisions"}],"wp:featuredmedia":[{"embeddable":true,"href":"https:\/\/usagers-transports.haut-allier.eu\/index.php\/wp-json\/wp\/v2\/media\/1482"}],"wp:attachment":[{"href":"https:\/\/usagers-transports.haut-allier.eu\/index.php\/wp-json\/wp\/v2\/media?parent=78"}],"wp:term":[{"taxonomy":"category","embeddable":true,"href":"https:\/\/usagers-transports.haut-allier.eu\/index.php\/wp-json\/wp\/v2\/categories?post=78"},{"taxonomy":"post_tag","embeddable":true,"href":"https:\/\/usagers-transports.haut-allier.eu\/index.php\/wp-json\/wp\/v2\/tags?post=78"}],"curies":[{"name":"wp","href":"https:\/\/api.w.org\/{rel}","templated":true}]}}