{"id":780,"date":"2021-06-03T07:45:46","date_gmt":"2021-06-03T05:45:46","guid":{"rendered":"http:\/\/5.45.101.177\/haut-allier\/usagers-transportse\/index.php\/2021\/06\/03\/la-rive-droite-du-rhone-ouverte780\/"},"modified":"2021-06-03T07:45:46","modified_gmt":"2021-06-03T05:45:46","slug":"la-rive-droite-du-rhone-ouverte780","status":"publish","type":"post","link":"https:\/\/usagers-transports.haut-allier.eu\/index.php\/2021\/06\/03\/la-rive-droite-du-rhone-ouverte780\/","title":{"rendered":"La rive droite du Rh\u00f4ne ouverte aux voyageurs en 2022"},"content":{"rendered":"<p>Carole Delga, la pr\u00e9sidente de la R\u00e9gion Occitanie en a re\u00e7u la confirmation par un courrier de Jean Castex, le Premier ministre, dat\u00e9 du lundi 31 mai.<\/p>\n<p>Au nord c\u00f4t\u00e9 ouverture de la partie Auvergne Rh\u00f4ne Alpes on n&rsquo;en sait pas plus. et on attend des pr\u00e9cisions.<\/p>\n<p>En tous cas desserte dans un premier temps des gares voyageurs de Pont-Saint-Esprit et de Bagnols-sur-C\u00e8ze qui autorisa la liaison vers N\u00eemes ou Avignon-Centre. A certaines p\u00e9riodes Remoulins sera \u00e9galement un arr\u00eat. SNCF R\u00e9seau a confirm\u00e9 la faisabilit\u00e9 des travaux n\u00e9cessaires \u00e0 l&rsquo;accueil des trains et des voyageurs dans ces gares d\u00e8s fin 2021, pour une offre de 8 AR quotidiens.<\/p>\n<p>La R\u00e9gion Occitanie a mobilis\u00e9 5,2 M\u20ac pour la conduite des \u00e9tudes et la r\u00e9alisation des travaux sur les gares permettant la r\u00e9ouverture partielle de cette ligne. <\/p>\n<p>Plus de pr\u00e9cisions dans Midi Libre : <a href=\"https:\/\/www.midilibre.fr\/2021\/06\/02\/gard-les-voyageurs-prendront-le-train-a-lete-2022-entre-nimes-et-pont-saint-esprit-9580186.php\"><em>Gard &#8211; les voyageurs prendront le train \u00e0 l\u2019\u00e9t\u00e9 2022 entre N\u00eemes et Pont-Saint-Esprit<\/em><\/a><\/p>\n<p><em>[photo du logo : Midi Libre]<\/em><\/p>\n","protected":false},"excerpt":{"rendered":"<p>Carole Delga, la pr\u00e9sidente de la R\u00e9gion Occitanie en a re\u00e7u la confirmation par un courrier de Jean<\/p>\n","protected":false},"author":1,"featured_media":3351,"comment_status":"open","ping_status":"open","sticky":false,"template":"","format":"standard","meta":{"footnotes":""},"categories":[2],"tags":[],"class_list":["post-780","post","type-post","status-publish","format-standard","has-post-thumbnail","hentry","category-infos"],"_links":{"self":[{"href":"https:\/\/usagers-transports.haut-allier.eu\/index.php\/wp-json\/wp\/v2\/posts\/780","targetHints":{"allow":["GET"]}}],"collection":[{"href":"https:\/\/usagers-transports.haut-allier.eu\/index.php\/wp-json\/wp\/v2\/posts"}],"about":[{"href":"https:\/\/usagers-transports.haut-allier.eu\/index.php\/wp-json\/wp\/v2\/types\/post"}],"author":[{"embeddable":true,"href":"https:\/\/usagers-transports.haut-allier.eu\/index.php\/wp-json\/wp\/v2\/users\/1"}],"replies":[{"embeddable":true,"href":"https:\/\/usagers-transports.haut-allier.eu\/index.php\/wp-json\/wp\/v2\/comments?post=780"}],"version-history":[{"count":0,"href":"https:\/\/usagers-transports.haut-allier.eu\/index.php\/wp-json\/wp\/v2\/posts\/780\/revisions"}],"wp:featuredmedia":[{"embeddable":true,"href":"https:\/\/usagers-transports.haut-allier.eu\/index.php\/wp-json\/wp\/v2\/media\/3351"}],"wp:attachment":[{"href":"https:\/\/usagers-transports.haut-allier.eu\/index.php\/wp-json\/wp\/v2\/media?parent=780"}],"wp:term":[{"taxonomy":"category","embeddable":true,"href":"https:\/\/usagers-transports.haut-allier.eu\/index.php\/wp-json\/wp\/v2\/categories?post=780"},{"taxonomy":"post_tag","embeddable":true,"href":"https:\/\/usagers-transports.haut-allier.eu\/index.php\/wp-json\/wp\/v2\/tags?post=780"}],"curies":[{"name":"wp","href":"https:\/\/api.w.org\/{rel}","templated":true}]}}