{"id":781,"date":"2021-06-04T16:17:59","date_gmt":"2021-06-04T14:17:59","guid":{"rendered":"http:\/\/5.45.101.177\/haut-allier\/usagers-transportse\/index.php\/2021\/06\/04\/occitanie-et-trains-lio-les781\/"},"modified":"2021-06-04T16:17:59","modified_gmt":"2021-06-04T14:17:59","slug":"occitanie-et-trains-lio-les781","status":"publish","type":"post","link":"https:\/\/usagers-transports.haut-allier.eu\/index.php\/2021\/06\/04\/occitanie-et-trains-lio-les781\/","title":{"rendered":"Occitanie et trains LIO : les mercredis et les week-ends plein de billets \u00e0 un euro"},"content":{"rendered":"<p><em>Communiqu\u00e9 du Collectif citoyen de d\u00e9fense de la gare de Villefort :<\/em><br \/>\n&nbsp;<br \/>\nEnvie de bouger les week end sans prendre la voiture et pour pas cher ?<br \/>\n&nbsp;<br \/>\nAvec la r\u00e9gion Occitanie et liO Train SNCF, vos billets achet\u00e9s en ligne pour des voyages les samedis et dimanches, entre le 5 et le 27 juin 2021 sont \u00e0 partir de 1\u20ac quelle que soit votre destination en Occitanie.<br \/>\n&nbsp;<br \/>\n<em>NDLR : Le probl\u00e8me \u00e9tant que la plupart de nos lignes sont ferm\u00e9es pour travaux jusqu&rsquo;\u00e0 d\u00e9but juillet. Mais bon, vous pouvez toujours prendre les bus de substitution.<\/em><br \/>\n&nbsp;<br \/>\nL&rsquo;offre est quand m\u00eame valable dans la limite des places disponibles.<br \/>\n&nbsp;<br \/>\nCette r\u00e9duction est valable pour des billets achet\u00e9s en ligne entre le 1er et le 27\/06\/21 pour des voyages les samedis ou dimanches du 5 au 27\/06\/21.<br \/>\n&nbsp;<br \/>\nTout cet \u00e9t\u00e9, de juin \u00e0 septembre 2021, pour vous garantir les meilleures conditions de confort dans le respect des gestes barri\u00e8res, les billets 1\u20ac des WE de juin et septembre et les mercredis de juillet et ao\u00fbt seront vendus en fonction de la capacit\u00e9 du train pour lequel vous achetez votre billet.<br \/>\n&nbsp;<br \/>\nSi vous effectuez un  trajet sans correspondance, il n\u2019y aura pas de changement dans votre parcours d\u2019achat. Si dans l\u2019\u00e9t\u00e9, un liO Train, un jour donn\u00e9 appara\u00eet en \u00ab complet \u00bb dans votre application, nous vous inviterons \u00e0 voyager avec le liO Train suivant ou pr\u00e9c\u00e9dent.<br \/>\n&nbsp;<br \/>\nSi vous effectuez un trajet en correspondance, durant cette p\u00e9riode estivale, il vous faudra effectuer votre parcours d\u2019achat en 2 ou 3 fois (1 billet 1 \u20ac pour chaque liO Train utilis\u00e9) afin de vous garantir des bonnes conditions de confort dans les deux liO Train que vous utiliserez.<br \/>\n&nbsp;<br \/>\nSoucieux de vous permettre de voyager tout l&rsquo;\u00e9t\u00e9 dans d&rsquo;excellentes conditions de confort, nous vous remercions de votre compr\u00e9hension pour ces adaptations.<br \/>\nPour votre confort, respectez les gestes barri\u00e8res et le port du masque en gare et dans les trains.<br \/>\n&nbsp;<br \/>\nDe plus, si le 19 juin vous \u00eates disponibles et que vous avez envie de passer la journ\u00e9e au Pont du Gard et d&rsquo;y aller en TER il y aura un train inaugural sur la rive droite du Rh\u00f4ne entre N\u00eemes et Remoulins. En correspondance avec les cars de la ligne des C\u00e9vennes (D\u00e9part Villefort 6h52, retour 20h13). L&rsquo;offre sera bient\u00f4t mise en ligne sur le site ter Occitanie, guettez bien les infos!<br \/>\n&nbsp;<br \/>\n<a href=\"https:\/\/www.ter.sncf.com\/occitanie\/offres\/tarifs-region\"><em>Le site LIO Occitanie.<\/em><\/a><br \/>\n&nbsp;<\/p>\n","protected":false},"excerpt":{"rendered":"<p>Communiqu\u00e9 du Collectif citoyen de d\u00e9fense de la gare de Villefort : &nbsp; Envie de bouger les week<\/p>\n","protected":false},"author":1,"featured_media":3352,"comment_status":"open","ping_status":"open","sticky":false,"template":"","format":"standard","meta":{"footnotes":""},"categories":[2],"tags":[],"class_list":["post-781","post","type-post","status-publish","format-standard","has-post-thumbnail","hentry","category-infos"],"_links":{"self":[{"href":"https:\/\/usagers-transports.haut-allier.eu\/index.php\/wp-json\/wp\/v2\/posts\/781","targetHints":{"allow":["GET"]}}],"collection":[{"href":"https:\/\/usagers-transports.haut-allier.eu\/index.php\/wp-json\/wp\/v2\/posts"}],"about":[{"href":"https:\/\/usagers-transports.haut-allier.eu\/index.php\/wp-json\/wp\/v2\/types\/post"}],"author":[{"embeddable":true,"href":"https:\/\/usagers-transports.haut-allier.eu\/index.php\/wp-json\/wp\/v2\/users\/1"}],"replies":[{"embeddable":true,"href":"https:\/\/usagers-transports.haut-allier.eu\/index.php\/wp-json\/wp\/v2\/comments?post=781"}],"version-history":[{"count":0,"href":"https:\/\/usagers-transports.haut-allier.eu\/index.php\/wp-json\/wp\/v2\/posts\/781\/revisions"}],"wp:featuredmedia":[{"embeddable":true,"href":"https:\/\/usagers-transports.haut-allier.eu\/index.php\/wp-json\/wp\/v2\/media\/3352"}],"wp:attachment":[{"href":"https:\/\/usagers-transports.haut-allier.eu\/index.php\/wp-json\/wp\/v2\/media?parent=781"}],"wp:term":[{"taxonomy":"category","embeddable":true,"href":"https:\/\/usagers-transports.haut-allier.eu\/index.php\/wp-json\/wp\/v2\/categories?post=781"},{"taxonomy":"post_tag","embeddable":true,"href":"https:\/\/usagers-transports.haut-allier.eu\/index.php\/wp-json\/wp\/v2\/tags?post=781"}],"curies":[{"name":"wp","href":"https:\/\/api.w.org\/{rel}","templated":true}]}}