{"id":782,"date":"2021-06-04T17:23:04","date_gmt":"2021-06-04T15:23:04","guid":{"rendered":"http:\/\/5.45.101.177\/haut-allier\/usagers-transportse\/index.php\/2021\/06\/04\/ligne-clermont-fd-thiers-boen-st782\/"},"modified":"2021-06-04T17:23:04","modified_gmt":"2021-06-04T15:23:04","slug":"ligne-clermont-fd-thiers-boen-st782","status":"publish","type":"post","link":"https:\/\/usagers-transports.haut-allier.eu\/index.php\/2021\/06\/04\/ligne-clermont-fd-thiers-boen-st782\/","title":{"rendered":"Ligne Clermont Fd &#8211; Thiers &#8211; Bo\u00ebn &#8211; St Etienne &#8211; Lyon : la gare de Noir\u00e9table d\u00e9broussaill\u00e9e"},"content":{"rendered":"<p>Une cinquantaine d&rsquo;usagers arm\u00e9s de serpes, ciseaux et faucilles ont quand m\u00eame eu du mal \u00e0 tout nettoyer tant la v\u00e9g\u00e9tation avait envahie les voies.<br \/>\n&nbsp;<br \/>\nUn laisser aller de SNCF R\u00e9seau, propri\u00e9taire des voies, qui, bien d\u00e9cid\u00e9 \u00e0 fermer cet axe, un jour de 2016 d\u00e9cida de la \u00ab\u00a0suspendre\u00a0\u00bb pr\u00e9textant un manque de financement pour son entretien. On conna\u00eet bien ses m\u00e9thodes, notamment mettre les \u00e9lus et les collectivit\u00e9s devant le fait accompli. Depuis, la ligne est abandonn\u00e9e et le groupe ferroviaire d&rsquo;\u00e9tat comptait bien la fermer d\u00e9finitivement en juillet prochain. Elle n&rsquo;a pas vraiment chang\u00e9 d&rsquo;avis, malgr\u00e9 ses communiqu\u00e9s destin\u00e9s \u00e0 calmer les militants du collectif <a href=\"https:\/\/letrain634269.org\"><em>LeTrain634269<\/em><\/a> qui encha\u00eenent les rendez-vous de protestation et essaient de mobiliser tous les \u00e9lus du secteur. Nous verrons la valeur de la parole de SNCF R\u00e9seau dans un mois, puisqu&rsquo;elle refuse d&rsquo;\u00e9crire ses intentions.<br \/>\n&nbsp;<br \/>\nEn tous cas pour signifier \u00e0 tous que le collectif est vaillant et toujours en vie ce dimanche 31 mars c&rsquo;\u00e9tait jardinage au grand air :<br \/>\n&nbsp;<br \/>\n<em>Un \u00e9quipement qui a fait ses preuves<\/em><br \/>\n<img loading=\"lazy\" decoding=\"async\" class=\" aligncenter size-full wp-image-3354\" src=\"http:\/\/5.45.101.177\/haut-allier\/usagers-transportse\/wp-content\/uploads\/2021\/06\/rimg_20210530_094451_357.jpg\" alt=\"rimg_20210530_094451_357.jpg\" align=\"center\" width=\"1200\" height=\"708\" srcset=\"https:\/\/usagers-transports.haut-allier.eu\/wp-content\/uploads\/2021\/06\/rimg_20210530_094451_357.jpg 1200w, https:\/\/usagers-transports.haut-allier.eu\/wp-content\/uploads\/2021\/06\/rimg_20210530_094451_357-300x177.jpg 300w, https:\/\/usagers-transports.haut-allier.eu\/wp-content\/uploads\/2021\/06\/rimg_20210530_094451_357-1024x604.jpg 1024w, https:\/\/usagers-transports.haut-allier.eu\/wp-content\/uploads\/2021\/06\/rimg_20210530_094451_357-768x453.jpg 768w\" sizes=\"auto, (max-width: 1200px) 100vw, 1200px\" \/><br \/>\n<em>Les premiers arrivants<\/em><br \/>\n<img loading=\"lazy\" decoding=\"async\" class=\" aligncenter size-full wp-image-3355\" src=\"http:\/\/5.45.101.177\/haut-allier\/usagers-transportse\/wp-content\/uploads\/2021\/06\/rimg_20210530_094830_983-scaled.jpg\" alt=\"rimg_20210530_094830_983.jpg\" align=\"center\" width=\"2560\" height=\"1633\" srcset=\"https:\/\/usagers-transports.haut-allier.eu\/wp-content\/uploads\/2021\/06\/rimg_20210530_094830_983-scaled.jpg 2560w, https:\/\/usagers-transports.haut-allier.eu\/wp-content\/uploads\/2021\/06\/rimg_20210530_094830_983-300x191.jpg 300w, https:\/\/usagers-transports.haut-allier.eu\/wp-content\/uploads\/2021\/06\/rimg_20210530_094830_983-1024x653.jpg 1024w, https:\/\/usagers-transports.haut-allier.eu\/wp-content\/uploads\/2021\/06\/rimg_20210530_094830_983-768x490.jpg 768w, https:\/\/usagers-transports.haut-allier.eu\/wp-content\/uploads\/2021\/06\/rimg_20210530_094830_983-1536x980.jpg 1536w, https:\/\/usagers-transports.haut-allier.eu\/wp-content\/uploads\/2021\/06\/rimg_20210530_094830_983-2048x1306.jpg 2048w\" sizes=\"auto, (max-width: 2560px) 100vw, 2560px\" \/><br \/>\n<em>Diaporama explicatif<\/em><br \/>\n<img loading=\"lazy\" decoding=\"async\" class=\" aligncenter size-full wp-image-3356\" src=\"http:\/\/5.45.101.177\/haut-allier\/usagers-transportse\/wp-content\/uploads\/2021\/06\/rimg_20210530_093715_701.jpg\" alt=\"rimg_20210530_093715_701.jpg\" align=\"center\" width=\"1200\" height=\"675\" srcset=\"https:\/\/usagers-transports.haut-allier.eu\/wp-content\/uploads\/2021\/06\/rimg_20210530_093715_701.jpg 1200w, https:\/\/usagers-transports.haut-allier.eu\/wp-content\/uploads\/2021\/06\/rimg_20210530_093715_701-300x169.jpg 300w, https:\/\/usagers-transports.haut-allier.eu\/wp-content\/uploads\/2021\/06\/rimg_20210530_093715_701-1024x576.jpg 1024w, https:\/\/usagers-transports.haut-allier.eu\/wp-content\/uploads\/2021\/06\/rimg_20210530_093715_701-768x432.jpg 768w\" sizes=\"auto, (max-width: 1200px) 100vw, 1200px\" \/><br \/>\n<em>Quelques uns des nombreux arbustes sur la voie<\/em><br \/>\n<img loading=\"lazy\" decoding=\"async\" class=\" aligncenter size-full wp-image-3357\" src=\"http:\/\/5.45.101.177\/haut-allier\/usagers-transportse\/wp-content\/uploads\/2021\/06\/rimg_20210530_101729_483.jpg\" alt=\"rimg_20210530_101729_483.jpg\" align=\"center\" width=\"1200\" height=\"675\" srcset=\"https:\/\/usagers-transports.haut-allier.eu\/wp-content\/uploads\/2021\/06\/rimg_20210530_101729_483.jpg 1200w, https:\/\/usagers-transports.haut-allier.eu\/wp-content\/uploads\/2021\/06\/rimg_20210530_101729_483-300x169.jpg 300w, https:\/\/usagers-transports.haut-allier.eu\/wp-content\/uploads\/2021\/06\/rimg_20210530_101729_483-1024x576.jpg 1024w, https:\/\/usagers-transports.haut-allier.eu\/wp-content\/uploads\/2021\/06\/rimg_20210530_101729_483-768x432.jpg 768w\" sizes=\"auto, (max-width: 1200px) 100vw, 1200px\" \/><br \/>\n<img loading=\"lazy\" decoding=\"async\" class=\" aligncenter size-full wp-image-3358\" src=\"http:\/\/5.45.101.177\/haut-allier\/usagers-transportse\/wp-content\/uploads\/2021\/06\/rimg_20210530_102330_369.jpg\" alt=\"rimg_20210530_102330_369.jpg\" align=\"center\" width=\"1000\" height=\"562\" srcset=\"https:\/\/usagers-transports.haut-allier.eu\/wp-content\/uploads\/2021\/06\/rimg_20210530_102330_369.jpg 1000w, https:\/\/usagers-transports.haut-allier.eu\/wp-content\/uploads\/2021\/06\/rimg_20210530_102330_369-300x169.jpg 300w, https:\/\/usagers-transports.haut-allier.eu\/wp-content\/uploads\/2021\/06\/rimg_20210530_102330_369-768x432.jpg 768w\" sizes=\"auto, (max-width: 1000px) 100vw, 1000px\" \/><br \/>\n<em>Pr\u00e8s du tunnel de Noir\u00e9table&#8230;<\/em><br \/>\n<img loading=\"lazy\" decoding=\"async\" class=\" aligncenter size-full wp-image-3359\" src=\"http:\/\/5.45.101.177\/haut-allier\/usagers-transportse\/wp-content\/uploads\/2021\/06\/rimg_20210530_103154_320.jpg\" alt=\"rimg_20210530_103154_320.jpg\" align=\"center\" width=\"1000\" height=\"562\" srcset=\"https:\/\/usagers-transports.haut-allier.eu\/wp-content\/uploads\/2021\/06\/rimg_20210530_103154_320.jpg 1000w, https:\/\/usagers-transports.haut-allier.eu\/wp-content\/uploads\/2021\/06\/rimg_20210530_103154_320-300x169.jpg 300w, https:\/\/usagers-transports.haut-allier.eu\/wp-content\/uploads\/2021\/06\/rimg_20210530_103154_320-768x432.jpg 768w\" sizes=\"auto, (max-width: 1000px) 100vw, 1000px\" \/><br \/>\n<em>&#8230;la grosse \u00e9quipe de d\u00e9broussailleurs<\/em><br \/>\n<img loading=\"lazy\" decoding=\"async\" class=\" aligncenter size-full wp-image-3360\" src=\"http:\/\/5.45.101.177\/haut-allier\/usagers-transportse\/wp-content\/uploads\/2021\/06\/rimg_20210530_105200_171.jpg\" alt=\"rimg_20210530_105200_171.jpg\" align=\"center\" width=\"1200\" height=\"675\" srcset=\"https:\/\/usagers-transports.haut-allier.eu\/wp-content\/uploads\/2021\/06\/rimg_20210530_105200_171.jpg 1200w, https:\/\/usagers-transports.haut-allier.eu\/wp-content\/uploads\/2021\/06\/rimg_20210530_105200_171-300x169.jpg 300w, https:\/\/usagers-transports.haut-allier.eu\/wp-content\/uploads\/2021\/06\/rimg_20210530_105200_171-1024x576.jpg 1024w, https:\/\/usagers-transports.haut-allier.eu\/wp-content\/uploads\/2021\/06\/rimg_20210530_105200_171-768x432.jpg 768w\" sizes=\"auto, (max-width: 1200px) 100vw, 1200px\" \/><br \/>\n&nbsp;<br \/>\n<em>Le collectif continue ses courtes vid\u00e9os dans lesquelles chaque candidat aux r\u00e9gionales d&rsquo;Auvergne Rh\u00f4ne Alpes prend position sur le th\u00e8me bien s\u00fbr de la r\u00e9ouverture de ce tron\u00e7on vital entre les 3 grandes m\u00e9tropoles. Ici la candidate Lutte Ouvri\u00e8re.<\/em><br \/>\n<img loading=\"lazy\" decoding=\"async\" class=\" aligncenter size-full wp-image-3361\" src=\"http:\/\/5.45.101.177\/haut-allier\/usagers-transportse\/wp-content\/uploads\/2021\/06\/rimg_20210530_111437_580_2.jpg\" alt=\"rimg_20210530_111437_580_2.jpg\" align=\"center\" width=\"704\" height=\"1000\" srcset=\"https:\/\/usagers-transports.haut-allier.eu\/wp-content\/uploads\/2021\/06\/rimg_20210530_111437_580_2.jpg 704w, https:\/\/usagers-transports.haut-allier.eu\/wp-content\/uploads\/2021\/06\/rimg_20210530_111437_580_2-211x300.jpg 211w\" sizes=\"auto, (max-width: 704px) 100vw, 704px\" \/><br \/>\n&nbsp;<br \/>\n<img loading=\"lazy\" decoding=\"async\" class=\" aligncenter size-full wp-image-3362\" src=\"http:\/\/5.45.101.177\/haut-allier\/usagers-transportse\/wp-content\/uploads\/2021\/06\/candidats-elections-regionales-2021.b.jpg\" alt=\"candidats-elections-regionales-2021.b.jpg\" align=\"center\" width=\"768\" height=\"543\" srcset=\"https:\/\/usagers-transports.haut-allier.eu\/wp-content\/uploads\/2021\/06\/candidats-elections-regionales-2021.b.jpg 768w, https:\/\/usagers-transports.haut-allier.eu\/wp-content\/uploads\/2021\/06\/candidats-elections-regionales-2021.b-300x212.jpg 300w\" sizes=\"auto, (max-width: 768px) 100vw, 768px\" \/><br \/>\n&nbsp;<br \/>\nParmi les actifs aux cisailles de ce dimanche se trouvait le technicien du <a href=\"http:\/\/reseau-ferre-livradois-forez-velay.fr\/\"><em>Syndicat ferroviaire du Livradois Forez<\/em><\/a>, organisme qui a en charge la ligne Pont de Dore Ambert La Chaise-Dieu Darsac, venu constater les d\u00e9g\u00e2ts. Guillaume Sournac nous expliqua les cons\u00e9quences tr\u00e8s n\u00e9fastes de cet envahissement v\u00e9g\u00e9tal sur l&rsquo;infrastructure. On pourra \u00e9couter l&rsquo;entrevue sur le site du Collectif de d\u00e9fense de Thiers Bo\u00ebn.<br \/>\n&nbsp;<br \/>\n<img loading=\"lazy\" decoding=\"async\" class=\" aligncenter size-full wp-image-3363\" src=\"http:\/\/5.45.101.177\/haut-allier\/usagers-transportse\/wp-content\/uploads\/2021\/06\/vlcsnap-2021-06-04-16h51m41s635.jpg\" alt=\"vlcsnap-2021-06-04-16h51m41s635.jpg\" align=\"center\" width=\"1000\" height=\"562\" srcset=\"https:\/\/usagers-transports.haut-allier.eu\/wp-content\/uploads\/2021\/06\/vlcsnap-2021-06-04-16h51m41s635.jpg 1000w, https:\/\/usagers-transports.haut-allier.eu\/wp-content\/uploads\/2021\/06\/vlcsnap-2021-06-04-16h51m41s635-300x169.jpg 300w, https:\/\/usagers-transports.haut-allier.eu\/wp-content\/uploads\/2021\/06\/vlcsnap-2021-06-04-16h51m41s635-768x432.jpg 768w\" sizes=\"auto, (max-width: 1000px) 100vw, 1000px\" \/><br \/>\n&nbsp;<\/p>\n","protected":false},"excerpt":{"rendered":"<p>Une cinquantaine d&rsquo;usagers arm\u00e9s de serpes, ciseaux et faucilles ont quand m\u00eame eu du mal \u00e0 tout nettoyer<\/p>\n","protected":false},"author":1,"featured_media":3353,"comment_status":"open","ping_status":"open","sticky":false,"template":"","format":"standard","meta":{"footnotes":""},"categories":[2],"tags":[],"class_list":["post-782","post","type-post","status-publish","format-standard","has-post-thumbnail","hentry","category-infos"],"_links":{"self":[{"href":"https:\/\/usagers-transports.haut-allier.eu\/index.php\/wp-json\/wp\/v2\/posts\/782","targetHints":{"allow":["GET"]}}],"collection":[{"href":"https:\/\/usagers-transports.haut-allier.eu\/index.php\/wp-json\/wp\/v2\/posts"}],"about":[{"href":"https:\/\/usagers-transports.haut-allier.eu\/index.php\/wp-json\/wp\/v2\/types\/post"}],"author":[{"embeddable":true,"href":"https:\/\/usagers-transports.haut-allier.eu\/index.php\/wp-json\/wp\/v2\/users\/1"}],"replies":[{"embeddable":true,"href":"https:\/\/usagers-transports.haut-allier.eu\/index.php\/wp-json\/wp\/v2\/comments?post=782"}],"version-history":[{"count":0,"href":"https:\/\/usagers-transports.haut-allier.eu\/index.php\/wp-json\/wp\/v2\/posts\/782\/revisions"}],"wp:featuredmedia":[{"embeddable":true,"href":"https:\/\/usagers-transports.haut-allier.eu\/index.php\/wp-json\/wp\/v2\/media\/3353"}],"wp:attachment":[{"href":"https:\/\/usagers-transports.haut-allier.eu\/index.php\/wp-json\/wp\/v2\/media?parent=782"}],"wp:term":[{"taxonomy":"category","embeddable":true,"href":"https:\/\/usagers-transports.haut-allier.eu\/index.php\/wp-json\/wp\/v2\/categories?post=782"},{"taxonomy":"post_tag","embeddable":true,"href":"https:\/\/usagers-transports.haut-allier.eu\/index.php\/wp-json\/wp\/v2\/tags?post=782"}],"curies":[{"name":"wp","href":"https:\/\/api.w.org\/{rel}","templated":true}]}}