{"id":783,"date":"2021-06-30T14:29:15","date_gmt":"2021-06-30T12:29:15","guid":{"rendered":"http:\/\/5.45.101.177\/haut-allier\/usagers-transportse\/index.php\/2021\/06\/30\/forez-le-festival-des-mobilites783\/"},"modified":"2021-06-30T14:29:15","modified_gmt":"2021-06-30T12:29:15","slug":"forez-le-festival-des-mobilites783","status":"publish","type":"post","link":"https:\/\/usagers-transports.haut-allier.eu\/index.php\/2021\/06\/30\/forez-le-festival-des-mobilites783\/","title":{"rendered":"Forez : Le festival des mobilit\u00e9s qui p\u00e9tillent"},"content":{"rendered":"<p>L&rsquo;association des Monts qui p\u00e9tillent tr\u00e8s active au sein du <a href=\"https:\/\/letrain634269.org\"><em>Collectif pour la r\u00e9ouverture de la ligne Thiers Bo\u00ebn<\/em><\/a> sur l&rsquo;axe Clermont-Ferrand Saint-Etienne Lyon, organise d\u00e9but juillet son festival des Mobilit\u00e9s qui p\u00e9tillent dans le Forez.<br \/>\n&nbsp;<br \/>\n3 temps pour ce festival :<br \/>\n&nbsp;<br \/>\n&#8211; <strong>Une collecte des r\u00eaves sur le territoire<\/strong>. Tout simplement pour recueillir les id\u00e9es et besoins de mobilit\u00e9 des habitants. Pr\u00e9cisions dans le PDF ci-dessous :<br \/>\n&nbsp;<br \/>\n<a href=\"http:\/\/5.45.101.177\/haut-allier\/usagers-transportse\/wp-content\/uploads\/2021\/06\/collecte_des_reves_demande.pdf\">collecte_des_reves_demande.pdf<\/a><br \/>\n&nbsp;<br \/>\n&#8211; <strong>Une journ\u00e9e d&rsquo;animation le dimanche 4 juillet \u00e0 St Didier sur Rochefort (42)<\/strong><br \/>\n&nbsp;<br \/>\n&#8211; <strong>Une journ\u00e9e d&rsquo;animation le dimanche 11 juillet \u00e0 Celles-sur-Durolle (63)<\/strong><br \/>\n&nbsp;<br \/>\n<a href=\"http:\/\/5.45.101.177\/haut-allier\/usagers-transportse\/wp-content\/uploads\/2021\/06\/flyer-journeesanim-juillet21lmqp.pdf\">flyer-journeesanim-juillet21lmqp.pdf<\/a><br \/>\n&nbsp;<br \/>\nAu programme de ces deux journ\u00e9es :<br \/>\n&nbsp;<br \/>\nLe matin, un atelier d\u2019\u00e9changes pour les \u00e9lus et habitants sur les enjeux<br \/>\nde l\u2019\u00e9co-mobilit\u00e9 &#8211; les multimodalit\u00e9s en zone rurale. Les diff\u00e9rents modes de<br \/>\ntransport en milieu rurale hors la voiture individuelle !<br \/>\n&nbsp;<br \/>\nL&rsquo;apr\u00e8s-midi convivial autour d\u2019animations d\u00e9couvertes et des expositions.<br \/>\n&nbsp;<br \/>\nEn pr\u00e9paration plusieurs autres dates notamment :<\/p>\n<p><strong>&#8211; Samedi 25 septembre : Vollore-Montagne puis Viscomtat<br \/>\n&#8211; Dimanche 26 septembre : re Viscomtat<br \/>\n&#8211; Lundi 27 septembre : Noir\u00e9table<\/strong><br \/>\n&nbsp;<br \/>\nDes pr\u00e9cisions avec le PDF ci-dessous :<br \/>\n&nbsp;<br \/>\n<a href=\"http:\/\/5.45.101.177\/haut-allier\/usagers-transportse\/wp-content\/uploads\/2021\/06\/festival_des_mobilites_presentation.pdf\">festival_des_mobilites_presentation.pdf<\/a><br \/>\n&nbsp;<br \/>\nEt sinon sur leur site : <a href=\"https:\/\/www.lesmontsquipetillent.org\"><em>www.lesmontsquipetillent.org<\/em><br \/>\n<\/a><\/p>\n","protected":false},"excerpt":{"rendered":"<p>L&rsquo;association des Monts qui p\u00e9tillent tr\u00e8s active au sein du Collectif pour la r\u00e9ouverture de la ligne Thiers<\/p>\n","protected":false},"author":1,"featured_media":3364,"comment_status":"open","ping_status":"open","sticky":false,"template":"","format":"standard","meta":{"footnotes":""},"categories":[2],"tags":[],"class_list":["post-783","post","type-post","status-publish","format-standard","has-post-thumbnail","hentry","category-infos"],"_links":{"self":[{"href":"https:\/\/usagers-transports.haut-allier.eu\/index.php\/wp-json\/wp\/v2\/posts\/783","targetHints":{"allow":["GET"]}}],"collection":[{"href":"https:\/\/usagers-transports.haut-allier.eu\/index.php\/wp-json\/wp\/v2\/posts"}],"about":[{"href":"https:\/\/usagers-transports.haut-allier.eu\/index.php\/wp-json\/wp\/v2\/types\/post"}],"author":[{"embeddable":true,"href":"https:\/\/usagers-transports.haut-allier.eu\/index.php\/wp-json\/wp\/v2\/users\/1"}],"replies":[{"embeddable":true,"href":"https:\/\/usagers-transports.haut-allier.eu\/index.php\/wp-json\/wp\/v2\/comments?post=783"}],"version-history":[{"count":0,"href":"https:\/\/usagers-transports.haut-allier.eu\/index.php\/wp-json\/wp\/v2\/posts\/783\/revisions"}],"wp:featuredmedia":[{"embeddable":true,"href":"https:\/\/usagers-transports.haut-allier.eu\/index.php\/wp-json\/wp\/v2\/media\/3364"}],"wp:attachment":[{"href":"https:\/\/usagers-transports.haut-allier.eu\/index.php\/wp-json\/wp\/v2\/media?parent=783"}],"wp:term":[{"taxonomy":"category","embeddable":true,"href":"https:\/\/usagers-transports.haut-allier.eu\/index.php\/wp-json\/wp\/v2\/categories?post=783"},{"taxonomy":"post_tag","embeddable":true,"href":"https:\/\/usagers-transports.haut-allier.eu\/index.php\/wp-json\/wp\/v2\/tags?post=783"}],"curies":[{"name":"wp","href":"https:\/\/api.w.org\/{rel}","templated":true}]}}