{"id":784,"date":"2021-06-30T16:39:31","date_gmt":"2021-06-30T14:39:31","guid":{"rendered":"http:\/\/5.45.101.177\/haut-allier\/usagers-transportse\/index.php\/2021\/06\/30\/en-juillet-et-en-aout-fetons-tous784\/"},"modified":"2021-06-30T16:39:31","modified_gmt":"2021-06-30T14:39:31","slug":"en-juillet-et-en-aout-fetons-tous784","status":"publish","type":"post","link":"https:\/\/usagers-transports.haut-allier.eu\/index.php\/2021\/06\/30\/en-juillet-et-en-aout-fetons-tous784\/","title":{"rendered":"En juillet et en ao\u00fbt f\u00eatons tous les 150 ans de la ligne du train C\u00e9venol !"},"content":{"rendered":"<p>C&rsquo;est parti pour les festivit\u00e9s estivales autour de notre mythique ligne Marseille N\u00eemes Clermont-Ferrand vers Paris, entre M\u00e9diterran\u00e9e, C\u00e9vennes et l&rsquo;Auvergne !<br \/>\n&nbsp;<br \/>\nSi toutes les pr\u00e9cisions sont disponibles sur le <a href=\"https:\/\/150anstraincevenol.info\"><strong>site des 150 ans<\/strong><\/a> avec les r\u00e9servations de places dans les trains historiques, avec les r\u00e9servations pour les spectacles, avec le programme complet des \u00e9v\u00e9nements, heure apr\u00e8s heure, nous tenions quand m\u00eame \u00e0 vous en faire un r\u00e9sum\u00e9 rapide.<br \/>\n&nbsp;<br \/>\n[rouge]<strong>10 ans apr\u00e8s, le retour du train \u00e0 Marseille<\/strong>[\/rouge]<br \/>\n&nbsp;<br \/>\nLes \u00ab\u00a0Avants-go\u00fbts\u00a0\u00bb \u00e0 Mende, Le Puy en Velay, N\u00eemes et Marseille ayant pour objectif d&rsquo;informer les urbains de notre programme ont eu lieu ou se terminent. On attaque le dimanche 4 juillet avec <strong>\u00ab\u00a0Le Retour du train C\u00e9venol \u00e0 Marseille\u00a0\u00bb<\/strong>, une arriv\u00e9e exceptionnelle en gare Saint-Charles \u00e0 12h06 qui sera salu\u00e9e par les \u00e9lus phoc\u00e9ens. Le trajet se fera par la magnifique C\u00f4te Bleue, les prix sont r\u00e9duits \u00e0 50% sur les sites SNCF. Le train part d&rsquo;Al\u00e8s \u00e0 9h et non d&rsquo;une gare plus au nord \u00e0 cause d&rsquo;une impossibilit\u00e9 horaire de faire revenir le train \u00e0 Al\u00e8s dans des horaires qui conviennent \u00e0 la SNCF. A Al\u00e8s le Vice-Pr\u00e9sident charg\u00e9 des transports \u00e0 la r\u00e9gion Occitanie prendra la parole. Le train retournera de Marseille pour les C\u00e9vennes \u00e0 16h36.<br \/>\n&nbsp;<br \/>\n<center><br \/>\n<iframe loading=\"lazy\" width=\"560\" height=\"315\" src=\"https:\/\/www.youtube.com\/embed\/HAjg7jFQ_QY\" title=\"YouTube video player\" frameborder=\"0\" allow=\"accelerometer; autoplay; clipboard-write; encrypted-media; gyroscope; picture-in-picture\" allowfullscreen><\/iframe><br \/>\n<\/center><br \/>\n&nbsp;<br \/>\n[rouge]<strong>Les \u00e9tapes de l&rsquo;\u00e9t\u00e9<\/strong>[\/rouge]<br \/>\n&nbsp;<br \/>\nEnsuite aura lieu mardi 6 juillet <strong>la journ\u00e9e inaugurale<\/strong> avec \u00e0 Langogne un d\u00e9roul\u00e9 dense d&rsquo;\u00e9v\u00e9nements \u00e0 partir de 10h45 devant la gare pour la plus grande partie. Des expositions de mat\u00e9riels ferroviaires, de photos, un d\u00e9voilement de st\u00e8le, des arriv\u00e9es de trains historiques, des visites de nouveaux trains par le constructeur Alstom, du th\u00e9\u00e2tre de rue avec deux contre-visites guid\u00e9es par J\u00e9r\u00f4me Poulain, des d\u00e9gustations de produits r\u00e9gionaux, une conf\u00e9rence sur la ligne du C\u00e9venol&#8230; et une ambiance musicale le soir en centre ville. En fait le d\u00e9but d&rsquo;une semaine agit\u00e9e avec des randonn\u00e9es, du th\u00e9\u00e2tre en gare le jeudi 8 juillet \u00e0 17h et d&rsquo;autres activit\u00e9s.<br \/>\n&nbsp;<br \/>\n<img loading=\"lazy\" decoding=\"async\" class=\" aligncenter size-full wp-image-3369\" src=\"http:\/\/5.45.101.177\/haut-allier\/usagers-transportse\/wp-content\/uploads\/2021\/06\/extraitaffiche.jpg\" alt=\"extraitaffiche.jpg\" align=\"center\" width=\"861\" height=\"1247\" srcset=\"https:\/\/usagers-transports.haut-allier.eu\/wp-content\/uploads\/2021\/06\/extraitaffiche.jpg 861w, https:\/\/usagers-transports.haut-allier.eu\/wp-content\/uploads\/2021\/06\/extraitaffiche-207x300.jpg 207w, https:\/\/usagers-transports.haut-allier.eu\/wp-content\/uploads\/2021\/06\/extraitaffiche-707x1024.jpg 707w, https:\/\/usagers-transports.haut-allier.eu\/wp-content\/uploads\/2021\/06\/extraitaffiche-768x1112.jpg 768w\" sizes=\"auto, (max-width: 861px) 100vw, 861px\" \/><br \/>\n&nbsp;<br \/>\nUne cr\u00e9ation th\u00e9\u00e2trale en plein air, dans les gares a \u00e9t\u00e9 command\u00e9e par l&rsquo;association qui chapeaute les 150 ans aux compagnies l&rsquo;Hermine de rien de Loz\u00e8re et Th\u00e9\u00e2tre des 33 de Haute-Loire. Le titre en est : Chemino ou Oui \u00e0 la deux fois deux voies, ferr\u00e9e. Il y aura 7 s\u00e9ances, une par semaine \u00e9tape.<br \/>\n&nbsp;<br \/>\n<img loading=\"lazy\" decoding=\"async\" class=\" aligncenter size-full wp-image-3370\" src=\"http:\/\/5.45.101.177\/haut-allier\/usagers-transportse\/wp-content\/uploads\/2021\/06\/chemino-a3-r-v3-2000.jpg\" alt=\"chemino-a3-r-v3-2000.jpg\" align=\"center\" width=\"1409\" height=\"2000\" srcset=\"https:\/\/usagers-transports.haut-allier.eu\/wp-content\/uploads\/2021\/06\/chemino-a3-r-v3-2000.jpg 1409w, https:\/\/usagers-transports.haut-allier.eu\/wp-content\/uploads\/2021\/06\/chemino-a3-r-v3-2000-211x300.jpg 211w, https:\/\/usagers-transports.haut-allier.eu\/wp-content\/uploads\/2021\/06\/chemino-a3-r-v3-2000-721x1024.jpg 721w, https:\/\/usagers-transports.haut-allier.eu\/wp-content\/uploads\/2021\/06\/chemino-a3-r-v3-2000-768x1090.jpg 768w, https:\/\/usagers-transports.haut-allier.eu\/wp-content\/uploads\/2021\/06\/chemino-a3-r-v3-2000-1082x1536.jpg 1082w\" sizes=\"auto, (max-width: 1409px) 100vw, 1409px\" \/><br \/>\n&nbsp;<br \/>\nLa semaine Langogne achev\u00e9e ce sera au tour de <strong>l&rsquo;\u00e9tape La GrandCombe Chamborigaud G\u00e9nolhac le 11 juillet<\/strong> avec plein de surprises d\u00e9licieuses : des conf\u00e9rences encore, des randos, des visites, du th\u00e9\u00e2tre, des march\u00e9s paysans, des parcours litt\u00e9raires autour de Chabrol, des expos, des projections de films, des feux d&rsquo;artifices, des visites guid\u00e9es, des rencontres citoyennes, des inaugurations de sentiers, des animations musicales.<br \/>\n&nbsp;<br \/>\nPuis le tour de <strong>Brioude du 19 juillet jusqu&rsquo;au 25<\/strong> avec du cin\u00e9ma en plein air, des expositions, la Biennale d&rsquo;Aquarelle, un escape game, des pr\u00e9sentations d&rsquo;ouvrages.<br \/>\n&nbsp;<br \/>\n<strong>La semaine Langeac et environs d\u00e9marrera \u00e0 partir du 26 juillet<\/strong> avec une programmation tr\u00e8s dense partag\u00e9e avec Saint-Georges d&rsquo;Aurac, Paulhaguet, Saint-Eble, Mazeyrat d&rsquo;Allier, Prades, Chanteuges : des randos, du cin\u00e9ma, des expositions, des lectures d\u00e9dicaces, des rencontres, des sorties g\u00e9ologiques, du th\u00e9\u00e2tre, des trains touristiques.<br \/>\n&nbsp;<br \/>\nLa petite gare d&rsquo;<strong>Alleyras prendra la rel\u00e8ve le 1er ao\u00fbt<\/strong> avec sa f\u00eate des potiers \u00e0 Vabres, des curiosit\u00e9s gastronomiques \u00e0 d\u00e9guster toute la semaine dans les deux restaurants de Pont d&rsquo;Alleyras, beaucoup de balades en boucle depuis la gare, une exposition \u00e0 l&rsquo;air libre, des conf\u00e9rences sur la ligne, des trains sp\u00e9ciaux, du th\u00e9\u00e2tre en gare, des rencontres avec des auteurs d&rsquo;ouvrages ferroviaires, l&rsquo;inauguration d&rsquo;une st\u00e8le, un atelier d&rsquo;orpaillage dans l&rsquo;Allier, une visite d&rsquo;ouvrages d&rsquo;art ferroviaire, la mise en ligne de la webcam de la ligne du C\u00e9venol, et pour terminer samedi la f\u00eate du bourg d&rsquo;Alleyras avec feux d&rsquo;artifices.<br \/>\n&nbsp;<br \/>\nLe 10 ao\u00fbt au tour de <strong>Villefort Pr\u00e9vench\u00e8res et La Bastide<\/strong> avec des expositions, des pr\u00e9sentations de livres, de cartes postales, de maquettes ferroviaires, la pr\u00e9sence de la confr\u00e9rie de la Peyroulade, des conf\u00e9rences, des animations musicales, des trains comm\u00e9moratifs, des intronisations, une rando cyclo le 13 ao\u00fbt entre Villefort et Langeac, du th\u00e9\u00e2tre en gare, un feu d&rsquo;artifices, un vide-grenier et m\u00eame un concours de p\u00e9tanque.<br \/>\n&nbsp;<br \/>\nLe 13 ao\u00fbt donc la [rouge]<strong>rando cycliste<\/strong>[\/rouge] organis\u00e9e par le V\u00e9lo Club du Mont Loz\u00e8re qui passera par toutes les gares, ouvertes \u00e0 tous et toutes, ce n&rsquo;est pas une course. Toutes pr\u00e9cisions sur le site des 150 ans.<br \/>\n&nbsp;<br \/>\n<img loading=\"lazy\" decoding=\"async\" class=\" aligncenter size-full wp-image-3371\" src=\"http:\/\/5.45.101.177\/haut-allier\/usagers-transportse\/wp-content\/uploads\/2021\/06\/img_1181-1500.jpg\" alt=\"img_1181-1500.jpg\" align=\"center\" width=\"1125\" height=\"1500\" srcset=\"https:\/\/usagers-transports.haut-allier.eu\/wp-content\/uploads\/2021\/06\/img_1181-1500.jpg 1125w, https:\/\/usagers-transports.haut-allier.eu\/wp-content\/uploads\/2021\/06\/img_1181-1500-225x300.jpg 225w, https:\/\/usagers-transports.haut-allier.eu\/wp-content\/uploads\/2021\/06\/img_1181-1500-768x1024.jpg 768w\" sizes=\"auto, (max-width: 1125px) 100vw, 1125px\" \/><br \/>\n&nbsp;<br \/>\n<strong>Monistrol d&rsquo;Allier poursuivra le 6 ao\u00fbt<\/strong> pour une semaine de conf\u00e9rences, expositions, randonn\u00e9es, de th\u00e9\u00e2tre en gare, de jeux ferroviaires, de cin\u00e9ma et de passages de trains touristiques.<br \/>\n&nbsp;<br \/>\nEt pour terminer l&rsquo;\u00e9t\u00e9 en beaut\u00e9 \u00e7a se passera autour de la gare de Chapeauroux \u00e0 partir du 24 ao\u00fbt avec du th\u00e9\u00e2tre en gare le 24, des randonn\u00e9es mais surtout <strong>le festival de cl\u00f4ture \u00ab\u00a0Les Arches\u00a0\u00bb<\/strong> dont l&rsquo;association des 150 ans du train C\u00e9venol \u00e0 confi\u00e9 l&rsquo;organisation \u00e0 la Compagnie du L\u00e9zard de Mende. Ce sera le samedi 28 ao\u00fbt d\u00e8s le matin avec concert, fanfare, plusieurs spectacles, restauration et buvette sur place, et feu d&rsquo;artifices.<br \/>\n&nbsp;<br \/>\n<img loading=\"lazy\" decoding=\"async\" class=\" aligncenter size-full wp-image-3372\" src=\"http:\/\/5.45.101.177\/haut-allier\/usagers-transportse\/wp-content\/uploads\/2021\/06\/affichefinale-lesarchesrvb-v00-1500.jpg\" alt=\"affichefinale-lesarchesrvb-v00-1500.jpg\" align=\"center\" width=\"1004\" height=\"1500\" srcset=\"https:\/\/usagers-transports.haut-allier.eu\/wp-content\/uploads\/2021\/06\/affichefinale-lesarchesrvb-v00-1500.jpg 1004w, https:\/\/usagers-transports.haut-allier.eu\/wp-content\/uploads\/2021\/06\/affichefinale-lesarchesrvb-v00-1500-201x300.jpg 201w, https:\/\/usagers-transports.haut-allier.eu\/wp-content\/uploads\/2021\/06\/affichefinale-lesarchesrvb-v00-1500-685x1024.jpg 685w, https:\/\/usagers-transports.haut-allier.eu\/wp-content\/uploads\/2021\/06\/affichefinale-lesarchesrvb-v00-1500-768x1147.jpg 768w\" sizes=\"auto, (max-width: 1004px) 100vw, 1004px\" \/><br \/>\n&nbsp;<br \/>\n[rouge]<strong>Des trains sp\u00e9ciaux suppl\u00e9mentaires et \u00e0 tarifs r\u00e9duits<\/strong>[\/rouge]<br \/>\n&nbsp;<br \/>\nL&rsquo;association des 150 ans s&rsquo;est entendue avec l&rsquo;asso d&rsquo;AP2800 sise \u00e0 Langogne et ses trains historiques pour faire circuler tout l&rsquo;\u00e9t\u00e9 les trains n\u00e9cessaires au d\u00e9roulement des festivit\u00e9s. Les prix sont souvent tr\u00e8s int\u00e9ressants. Le calendrier est visible et les achats de billets se font sur le site des 150 ans onglet \u00ab\u00a0On prend le train\u00a0\u00bb.<br \/>\n&nbsp;<br \/>\nLa SNCF et surtout les r\u00e9gions Occitanie et Auvergne Rh\u00f4ne Alpes font \u00e9galement un effort en offrant sur tous les trains de la ligne des C\u00e9vennes cet \u00e9t\u00e9 50% de r\u00e9duction. A ajouter aux billets \u00e0 un euro les mercredis sur les TER Occitanie. Le tout se passe en ligne sur Oui.sncf<br \/>\n&nbsp;<br \/>\nCertains des trains TER seront anim\u00e9s par trois compagnies de th\u00e9\u00e2tre, et ce par l&rsquo;association des 150 ans.<br \/>\n&nbsp;<br \/>\nEt enfin il y a aussi le train touristique affr\u00e9t\u00e9 par l&rsquo;Office de tourisme du Haut-Allier certains jours d&rsquo;\u00e9t\u00e9. Voir leur calendrier et leurs tarifs.<br \/>\n&nbsp;<br \/>\nPlus aucune excuse pour ne pas venir ambiancer et faire f\u00eates et d\u00e9gustations cet \u00e9t\u00e9 entre Brioude et La GrandCombe ! Tout est l\u00e0.<br \/>\n&nbsp;<br \/>\n[rouge]<strong>Et aussi&#8230;<\/strong>[\/rouge]<br \/>\n&nbsp;<br \/>\nLe site des 150 ans propose \u00e9galement une page de \u00ab\u00a0recettes du train C\u00e9venol\u00a0\u00bb \u00e9labor\u00e9e \u00e0 la fois par Jean-Marie Chouleur et les grands chefs du Haut-Allier.<br \/>\n&nbsp;<br \/>\nQue dire de plus ? Qu&rsquo;un d\u00e9pliant est disponible le long de la ligne entre Marseille et Clermont Ferrand. Oui dans les gares aussi.<br \/>\n&nbsp;<br \/>\n<img loading=\"lazy\" decoding=\"async\" class=\" aligncenter size-full wp-image-3373\" src=\"http:\/\/5.45.101.177\/haut-allier\/usagers-transportse\/wp-content\/uploads\/2021\/06\/depliant150-2021v03-v-2000.jpg\" alt=\"depliant150-2021v03-v-2000.jpg\" align=\"center\" width=\"2000\" height=\"1416\" srcset=\"https:\/\/usagers-transports.haut-allier.eu\/wp-content\/uploads\/2021\/06\/depliant150-2021v03-v-2000.jpg 2000w, https:\/\/usagers-transports.haut-allier.eu\/wp-content\/uploads\/2021\/06\/depliant150-2021v03-v-2000-300x212.jpg 300w, https:\/\/usagers-transports.haut-allier.eu\/wp-content\/uploads\/2021\/06\/depliant150-2021v03-v-2000-1024x725.jpg 1024w, https:\/\/usagers-transports.haut-allier.eu\/wp-content\/uploads\/2021\/06\/depliant150-2021v03-v-2000-768x544.jpg 768w, https:\/\/usagers-transports.haut-allier.eu\/wp-content\/uploads\/2021\/06\/depliant150-2021v03-v-2000-1536x1087.jpg 1536w\" sizes=\"auto, (max-width: 2000px) 100vw, 2000px\" \/><br \/>\n&nbsp;<br \/>\nUn d\u00e9pliant sp\u00e9cial trains est t\u00e9l\u00e9chargeable et imprimable sur le site des 150 ans.<br \/>\n&nbsp;<\/p>\n","protected":false},"excerpt":{"rendered":"<p>C&rsquo;est parti pour les festivit\u00e9s estivales autour de notre mythique ligne Marseille N\u00eemes Clermont-Ferrand vers Paris, entre M\u00e9diterran\u00e9e,<\/p>\n","protected":false},"author":1,"featured_media":3368,"comment_status":"open","ping_status":"open","sticky":false,"template":"","format":"standard","meta":{"footnotes":""},"categories":[3],"tags":[],"class_list":["post-784","post","type-post","status-publish","format-standard","has-post-thumbnail","hentry","category-en-train"],"_links":{"self":[{"href":"https:\/\/usagers-transports.haut-allier.eu\/index.php\/wp-json\/wp\/v2\/posts\/784","targetHints":{"allow":["GET"]}}],"collection":[{"href":"https:\/\/usagers-transports.haut-allier.eu\/index.php\/wp-json\/wp\/v2\/posts"}],"about":[{"href":"https:\/\/usagers-transports.haut-allier.eu\/index.php\/wp-json\/wp\/v2\/types\/post"}],"author":[{"embeddable":true,"href":"https:\/\/usagers-transports.haut-allier.eu\/index.php\/wp-json\/wp\/v2\/users\/1"}],"replies":[{"embeddable":true,"href":"https:\/\/usagers-transports.haut-allier.eu\/index.php\/wp-json\/wp\/v2\/comments?post=784"}],"version-history":[{"count":0,"href":"https:\/\/usagers-transports.haut-allier.eu\/index.php\/wp-json\/wp\/v2\/posts\/784\/revisions"}],"wp:featuredmedia":[{"embeddable":true,"href":"https:\/\/usagers-transports.haut-allier.eu\/index.php\/wp-json\/wp\/v2\/media\/3368"}],"wp:attachment":[{"href":"https:\/\/usagers-transports.haut-allier.eu\/index.php\/wp-json\/wp\/v2\/media?parent=784"}],"wp:term":[{"taxonomy":"category","embeddable":true,"href":"https:\/\/usagers-transports.haut-allier.eu\/index.php\/wp-json\/wp\/v2\/categories?post=784"},{"taxonomy":"post_tag","embeddable":true,"href":"https:\/\/usagers-transports.haut-allier.eu\/index.php\/wp-json\/wp\/v2\/tags?post=784"}],"curies":[{"name":"wp","href":"https:\/\/api.w.org\/{rel}","templated":true}]}}