{"id":785,"date":"2021-07-02T09:21:43","date_gmt":"2021-07-02T07:21:43","guid":{"rendered":"http:\/\/5.45.101.177\/haut-allier\/usagers-transportse\/index.php\/2021\/07\/02\/les-nouvelles-fiches-horaires785\/"},"modified":"2021-07-02T09:21:43","modified_gmt":"2021-07-02T07:21:43","slug":"les-nouvelles-fiches-horaires785","status":"publish","type":"post","link":"https:\/\/usagers-transports.haut-allier.eu\/index.php\/2021\/07\/02\/les-nouvelles-fiches-horaires785\/","title":{"rendered":"Les nouvelles fiches horaires officielles de la ligne du train C\u00e9venol"},"content":{"rendered":"<p>Il ne manque simplement que la circulation exceptionnelle du train C\u00e9venol jusqu&rsquo;\u00e0 Marseille aller et retour le dimanche 4 juillet<br \/>\n&nbsp;<br \/>\n[(<br \/>\n<em>D\u00e9part Al\u00e8s 9h37<br \/>\nArriv\u00e9e Marseille Saint-Charles 12h06<\/em><\/p>\n<p><em>D\u00e9part Marseille Saint-Charles 16h36<br \/>\nArriv\u00e9e Al\u00e8s 19h16<\/em><\/p>\n<p>Tarif 50% pour tous les billets et pour tous.<br \/>\n)]<br \/>\n&nbsp;<br \/>\n<strong>Fiche horaire du 2 au 10 juillet :<\/strong><br \/>\n&nbsp;<br \/>\n<a href=\"http:\/\/5.45.101.177\/haut-allier\/usagers-transportse\/wp-content\/uploads\/2021\/07\/08_aff_-_hiver_2021_-_version_du_24-06-21_tcm72-108874_tcm72-108873.pdf\">08_aff_-_hiver_2021_-_version_du_24-06-21_tcm72-108874_tcm72-108873.pdf<\/a><br \/>\n&nbsp;<br \/>\n<strong>Fiche horaire du 11 juillet au 11 d\u00e9cembre 2021<\/strong><br \/>\n&nbsp;<br \/>\n<a href=\"http:\/\/5.45.101.177\/haut-allier\/usagers-transportse\/wp-content\/uploads\/2021\/07\/08_aff_du_11-07_au_11-12-21-version_du_20-06-21_tcm72-113598_tcm72-152363.pdf\">08_aff_du_11-07_au_11-12-21-version_du_20-06-21_tcm72-113598_tcm72-152363.pdf<\/a><br \/>\n&nbsp;<\/p>\n","protected":false},"excerpt":{"rendered":"<p>Il ne manque simplement que la circulation exceptionnelle du train C\u00e9venol jusqu&rsquo;\u00e0 Marseille aller et retour le dimanche<\/p>\n","protected":false},"author":1,"featured_media":3374,"comment_status":"open","ping_status":"open","sticky":false,"template":"","format":"standard","meta":{"footnotes":""},"categories":[3],"tags":[],"class_list":["post-785","post","type-post","status-publish","format-standard","has-post-thumbnail","hentry","category-en-train"],"_links":{"self":[{"href":"https:\/\/usagers-transports.haut-allier.eu\/index.php\/wp-json\/wp\/v2\/posts\/785","targetHints":{"allow":["GET"]}}],"collection":[{"href":"https:\/\/usagers-transports.haut-allier.eu\/index.php\/wp-json\/wp\/v2\/posts"}],"about":[{"href":"https:\/\/usagers-transports.haut-allier.eu\/index.php\/wp-json\/wp\/v2\/types\/post"}],"author":[{"embeddable":true,"href":"https:\/\/usagers-transports.haut-allier.eu\/index.php\/wp-json\/wp\/v2\/users\/1"}],"replies":[{"embeddable":true,"href":"https:\/\/usagers-transports.haut-allier.eu\/index.php\/wp-json\/wp\/v2\/comments?post=785"}],"version-history":[{"count":0,"href":"https:\/\/usagers-transports.haut-allier.eu\/index.php\/wp-json\/wp\/v2\/posts\/785\/revisions"}],"wp:featuredmedia":[{"embeddable":true,"href":"https:\/\/usagers-transports.haut-allier.eu\/index.php\/wp-json\/wp\/v2\/media\/3374"}],"wp:attachment":[{"href":"https:\/\/usagers-transports.haut-allier.eu\/index.php\/wp-json\/wp\/v2\/media?parent=785"}],"wp:term":[{"taxonomy":"category","embeddable":true,"href":"https:\/\/usagers-transports.haut-allier.eu\/index.php\/wp-json\/wp\/v2\/categories?post=785"},{"taxonomy":"post_tag","embeddable":true,"href":"https:\/\/usagers-transports.haut-allier.eu\/index.php\/wp-json\/wp\/v2\/tags?post=785"}],"curies":[{"name":"wp","href":"https:\/\/api.w.org\/{rel}","templated":true}]}}