{"id":786,"date":"2021-07-02T18:52:39","date_gmt":"2021-07-02T16:52:39","guid":{"rendered":"http:\/\/5.45.101.177\/haut-allier\/usagers-transportse\/index.php\/2021\/07\/02\/qui-va-s-occuper-de-la-ligne-des786\/"},"modified":"2021-07-02T18:52:39","modified_gmt":"2021-07-02T16:52:39","slug":"qui-va-s-occuper-de-la-ligne-des786","status":"publish","type":"post","link":"https:\/\/usagers-transports.haut-allier.eu\/index.php\/2021\/07\/02\/qui-va-s-occuper-de-la-ligne-des786\/","title":{"rendered":"Qui va s&rsquo;occuper de la ligne des C\u00e9vennes en Occitanie et en Auvergne Rh\u00f4ne-Alpes ?"},"content":{"rendered":"<p>Il est tr\u00e8s important de savoir \u00e0 qui seront confi\u00e9es les fonctions de charg\u00e9s des transports dans les deux r\u00e9gions autorit\u00e9s organisatrices concern\u00e9es par les lignes des C\u00e9vennes et de l&rsquo;Aubrac.<br \/>\n&nbsp;<br \/>\nC&rsquo;est ce vendredi 2 juillet qu&rsquo;avaient lieu la 3\u00e8me \u00e9lection, l&rsquo;\u00e9lection officielle des pr\u00e9sidents de r\u00e9gion et celles des vice-pr\u00e9sidents par les conseillers r\u00e9gionaux r\u00e9cemment \u00e9lus.<br \/>\n&nbsp;<br \/>\n<strong>C\u00f4t\u00e9 Auvergne Rh\u00f4ne Alpes en premier<\/strong>, sans surprise Laurent Wauquiez a \u00e9t\u00e9 r\u00e9\u00e9lu pr\u00e9sident du conseil r\u00e9gional, mais changement au poste de charg\u00e9 des transports : Martine Guibert perd sa vice-pr\u00e9sidence et c&rsquo;est Fr\u00e9d\u00e9ric Aguilera, le maire de Vichy, issu du monde associatif qui a \u00e9t\u00e9 nomm\u00e9 puis \u00e9lu d&rsquo;office. Il est aussi vice-pr\u00e9sident du conseil d\u00e9partemental de l&rsquo;Allier. pr\u00e9sident de la communaut\u00e9 d&rsquo;agglom\u00e9ration de Vichy Communaut\u00e9. Esp\u00e9rons qu&rsquo;il arrivera \u00e0 concilier tous ces postes et \u00e0 v\u00e9ritablement s&rsquo;occuper des transports.<br \/>\n&nbsp;<br \/>\n<img loading=\"lazy\" decoding=\"async\" class=\" aligncenter size-full wp-image-3378\" src=\"http:\/\/5.45.101.177\/haut-allier\/usagers-transportse\/wp-content\/uploads\/2021\/07\/aguilera.jpg\" alt=\"aguilera.jpg\" align=\"center\" width=\"1304\" height=\"1078\" srcset=\"https:\/\/usagers-transports.haut-allier.eu\/wp-content\/uploads\/2021\/07\/aguilera.jpg 1304w, https:\/\/usagers-transports.haut-allier.eu\/wp-content\/uploads\/2021\/07\/aguilera-300x248.jpg 300w, https:\/\/usagers-transports.haut-allier.eu\/wp-content\/uploads\/2021\/07\/aguilera-1024x847.jpg 1024w, https:\/\/usagers-transports.haut-allier.eu\/wp-content\/uploads\/2021\/07\/aguilera-768x635.jpg 768w\" sizes=\"auto, (max-width: 1304px) 100vw, 1304px\" \/><br \/>\n&nbsp;<br \/>\nS&rsquo;il a fallu pr\u00e8s de 3 ans \u00e0 Laurent Wauquiez pour soupeser l&rsquo;importance des transports publics dans la r\u00e9gion qu&rsquo;il pr\u00e9sidait dans son mandat pr\u00e9c\u00e9dent en nommant Martine Guibert \u00e0 la place du MODEM Patrick Mignola, tr\u00e8s&#8230; absent \u00e0 sa t\u00e2che, nous pouvons dire que nous avons pu appr\u00e9cier le bon travail de Mme Guibert \u00e0 ce poste, tr\u00e8s technique, durant ces 3 derni\u00e8res ann\u00e9es. Qu&rsquo;elle en soit remerci\u00e9e. Nous souhaitons que la transition se passe au plus vite et que les dossiers en cours sur les lignes dites petites et en perdition de l&rsquo;ex Auvergne soit rapidement int\u00e9gr\u00e9s et men\u00e9s \u00e0 terme.<br \/>\n&nbsp;<br \/>\n<strong>C\u00f4t\u00e9 Occitanie<\/strong>, l\u00e0 aussi Carole Delga a \u00e9t\u00e9 r\u00e9\u00e9lue sans surprise pr\u00e9sidente. Quelques changements chez les vice-pr\u00e9sidents mais pas pour la vice-pr\u00e9sidence aux \u00ab\u00a0Mobilit\u00e9s pour tous et infrastructures de transports\u00a0\u00bb de Jean-Luc Gibelin qui garde son poste et nous l&rsquo;en f\u00e9licitons. C&rsquo;est la preuve de la confiance que lui porte la pr\u00e9sidente et de son travail acharn\u00e9 pour le transport public. Bravo Monsieur Gibelin nous esp\u00e9rons continuer \u00e0 contribuer du mieux que l&rsquo;on pourra au d\u00e9veloppement des lignes du Massif central.<br \/>\n&nbsp;<br \/>\n<img loading=\"lazy\" decoding=\"async\" class=\" aligncenter size-full wp-image-3379\" src=\"http:\/\/5.45.101.177\/haut-allier\/usagers-transportse\/wp-content\/uploads\/2021\/07\/gibelin-reporterre.jpg\" alt=\"gibelin-reporterre.jpg\" align=\"center\" width=\"720\" height=\"480\" srcset=\"https:\/\/usagers-transports.haut-allier.eu\/wp-content\/uploads\/2021\/07\/gibelin-reporterre.jpg 720w, https:\/\/usagers-transports.haut-allier.eu\/wp-content\/uploads\/2021\/07\/gibelin-reporterre-300x200.jpg 300w\" sizes=\"auto, (max-width: 720px) 100vw, 720px\" \/><br \/>\n&nbsp;<\/p>\n","protected":false},"excerpt":{"rendered":"<p>Il est tr\u00e8s important de savoir \u00e0 qui seront confi\u00e9es les fonctions de charg\u00e9s des transports dans les<\/p>\n","protected":false},"author":1,"featured_media":3377,"comment_status":"open","ping_status":"open","sticky":false,"template":"","format":"standard","meta":{"footnotes":""},"categories":[2],"tags":[],"class_list":["post-786","post","type-post","status-publish","format-standard","has-post-thumbnail","hentry","category-infos"],"_links":{"self":[{"href":"https:\/\/usagers-transports.haut-allier.eu\/index.php\/wp-json\/wp\/v2\/posts\/786","targetHints":{"allow":["GET"]}}],"collection":[{"href":"https:\/\/usagers-transports.haut-allier.eu\/index.php\/wp-json\/wp\/v2\/posts"}],"about":[{"href":"https:\/\/usagers-transports.haut-allier.eu\/index.php\/wp-json\/wp\/v2\/types\/post"}],"author":[{"embeddable":true,"href":"https:\/\/usagers-transports.haut-allier.eu\/index.php\/wp-json\/wp\/v2\/users\/1"}],"replies":[{"embeddable":true,"href":"https:\/\/usagers-transports.haut-allier.eu\/index.php\/wp-json\/wp\/v2\/comments?post=786"}],"version-history":[{"count":0,"href":"https:\/\/usagers-transports.haut-allier.eu\/index.php\/wp-json\/wp\/v2\/posts\/786\/revisions"}],"wp:featuredmedia":[{"embeddable":true,"href":"https:\/\/usagers-transports.haut-allier.eu\/index.php\/wp-json\/wp\/v2\/media\/3377"}],"wp:attachment":[{"href":"https:\/\/usagers-transports.haut-allier.eu\/index.php\/wp-json\/wp\/v2\/media?parent=786"}],"wp:term":[{"taxonomy":"category","embeddable":true,"href":"https:\/\/usagers-transports.haut-allier.eu\/index.php\/wp-json\/wp\/v2\/categories?post=786"},{"taxonomy":"post_tag","embeddable":true,"href":"https:\/\/usagers-transports.haut-allier.eu\/index.php\/wp-json\/wp\/v2\/tags?post=786"}],"curies":[{"name":"wp","href":"https:\/\/api.w.org\/{rel}","templated":true}]}}