{"id":787,"date":"2021-07-02T20:21:47","date_gmt":"2021-07-02T18:21:47","guid":{"rendered":"http:\/\/5.45.101.177\/haut-allier\/usagers-transportse\/index.php\/2021\/07\/02\/ligne-du-h-lozerien-trafic-des787\/"},"modified":"2021-07-02T20:21:47","modified_gmt":"2021-07-02T18:21:47","slug":"ligne-du-h-lozerien-trafic-des787","status":"publish","type":"post","link":"https:\/\/usagers-transports.haut-allier.eu\/index.php\/2021\/07\/02\/ligne-du-h-lozerien-trafic-des787\/","title":{"rendered":"Ligne du H loz\u00e9rien : trafic des trains interrompu suite \u00e0 un accident de chantier"},"content":{"rendered":"<p>Il s&rsquo;agirait d&rsquo;un accident de camion grue, situ\u00e9 pr\u00e8s d&rsquo;un tunnel qui aurait \u00e9t\u00e9 endommag\u00e9, apr\u00e8s un glissement sur le champ en amont de la galerie de La Crouzette.<br \/>\n&nbsp;<br \/>\n<img loading=\"lazy\" decoding=\"async\" class=\" aligncenter size-full wp-image-3381\" src=\"http:\/\/5.45.101.177\/haut-allier\/usagers-transportse\/wp-content\/uploads\/2021\/07\/firefox_screenshot_2021-07-03t04-48-42.947z.png\" alt=\"firefox_screenshot_2021-07-03t04-48-42.947z.png\" align=\"center\" width=\"729\" height=\"182\" srcset=\"https:\/\/usagers-transports.haut-allier.eu\/wp-content\/uploads\/2021\/07\/firefox_screenshot_2021-07-03t04-48-42.947z.png 729w, https:\/\/usagers-transports.haut-allier.eu\/wp-content\/uploads\/2021\/07\/firefox_screenshot_2021-07-03t04-48-42.947z-300x75.png 300w\" sizes=\"auto, (max-width: 729px) 100vw, 729px\" \/><br \/>\n&nbsp;<br \/>\nLe trafic est interrompu entre Mende et Labastide \u00ab\u00a0jusqu&rsquo;\u00e0 nouvel ordre\u00a0\u00bb dit la SNCF dans sa fiche horaires \u00e0 partir du 3 juillet.<br \/>\n&nbsp;<br \/>\nCliquer pour obtenir le PDF :<br \/>\n&nbsp;<br \/>\n<a href=\"http:\/\/5.45.101.177\/haut-allier\/usagers-transportse\/wp-content\/uploads\/2021\/07\/v2_coupure_mde-lbs_a_partir_du_3_juillet_tcm76-234911_tcm76-290081_1_.pdf\">v2_coupure_mde-lbs_a_partir_du_3_juillet_tcm76-234911_tcm76-290081_1_.pdf<\/a><br \/>\n&nbsp;<\/p>\n","protected":false},"excerpt":{"rendered":"<p>Il s&rsquo;agirait d&rsquo;un accident de camion grue, situ\u00e9 pr\u00e8s d&rsquo;un tunnel qui aurait \u00e9t\u00e9 endommag\u00e9, apr\u00e8s un glissement<\/p>\n","protected":false},"author":1,"featured_media":3380,"comment_status":"open","ping_status":"open","sticky":false,"template":"","format":"standard","meta":{"footnotes":""},"categories":[2],"tags":[],"class_list":["post-787","post","type-post","status-publish","format-standard","has-post-thumbnail","hentry","category-infos"],"_links":{"self":[{"href":"https:\/\/usagers-transports.haut-allier.eu\/index.php\/wp-json\/wp\/v2\/posts\/787","targetHints":{"allow":["GET"]}}],"collection":[{"href":"https:\/\/usagers-transports.haut-allier.eu\/index.php\/wp-json\/wp\/v2\/posts"}],"about":[{"href":"https:\/\/usagers-transports.haut-allier.eu\/index.php\/wp-json\/wp\/v2\/types\/post"}],"author":[{"embeddable":true,"href":"https:\/\/usagers-transports.haut-allier.eu\/index.php\/wp-json\/wp\/v2\/users\/1"}],"replies":[{"embeddable":true,"href":"https:\/\/usagers-transports.haut-allier.eu\/index.php\/wp-json\/wp\/v2\/comments?post=787"}],"version-history":[{"count":0,"href":"https:\/\/usagers-transports.haut-allier.eu\/index.php\/wp-json\/wp\/v2\/posts\/787\/revisions"}],"wp:featuredmedia":[{"embeddable":true,"href":"https:\/\/usagers-transports.haut-allier.eu\/index.php\/wp-json\/wp\/v2\/media\/3380"}],"wp:attachment":[{"href":"https:\/\/usagers-transports.haut-allier.eu\/index.php\/wp-json\/wp\/v2\/media?parent=787"}],"wp:term":[{"taxonomy":"category","embeddable":true,"href":"https:\/\/usagers-transports.haut-allier.eu\/index.php\/wp-json\/wp\/v2\/categories?post=787"},{"taxonomy":"post_tag","embeddable":true,"href":"https:\/\/usagers-transports.haut-allier.eu\/index.php\/wp-json\/wp\/v2\/tags?post=787"}],"curies":[{"name":"wp","href":"https:\/\/api.w.org\/{rel}","templated":true}]}}