{"id":788,"date":"2021-07-14T08:01:49","date_gmt":"2021-07-14T06:01:49","guid":{"rendered":"http:\/\/5.45.101.177\/haut-allier\/usagers-transportse\/index.php\/2021\/07\/14\/mobilisation-pour-les-trains-de788\/"},"modified":"2021-07-14T08:01:49","modified_gmt":"2021-07-14T06:01:49","slug":"mobilisation-pour-les-trains-de788","status":"publish","type":"post","link":"https:\/\/usagers-transports.haut-allier.eu\/index.php\/2021\/07\/14\/mobilisation-pour-les-trains-de788\/","title":{"rendered":"Mobilisation pour les trains de nuit du Massif central : le Premier Ministre transmet&#8230;"},"content":{"rendered":"<p>La mobilisation des communes de la ligne des C\u00e9vennes n&rsquo;y aura rien fait : Le 3 mai dernier le Collectif Oui Au Train de Nuit ! C\u00e9vennes Auvergne adressait au Ministre des Transports ainsi qu&rsquo;au Premier Ministre l&rsquo;ensemble des 39 d\u00e9lib\u00e9rations pour le retour du train de nuit entre N\u00eemes et Paris par l&rsquo;Auvergne et Clermont-Ferrand, une motion qui prouve le soutien ind\u00e9fectible des territoires travers\u00e9s \u00e0 cet axe ferroviaire vital pour nos C\u00e9vennes et notre Massif Central.<br \/>\n&nbsp;<br \/>\nCe printemps le rapport remis au gouvernement a largement fuit\u00e9 et <a href=\"https:\/\/usagers-transports.haut-allier.eu\/?desserte-du-massif-central-par-les,778\"><strong>\u00e0 notre grand regret<\/strong><\/a> aucune des lignes de train de nuit envisag\u00e9es par le gouvernement dans les proches ann\u00e9es ne dessert le massif central, ni notre axe N\u00eemes Clermont ni l&rsquo;axe B\u00e9ziers Clermont.<br \/>\n&nbsp;<br \/>\nLes d\u00e9marches que nous avons effectu\u00e9es aupr\u00e8s des d\u00e9put\u00e9s concern\u00e9s n&rsquo;y ont apparemment rien fait non plus. Si la publication officielle de ce rapport sur les trains de nuit a mis si longtemps \u00e0 voir le jour c&rsquo;est qu&rsquo;il y avait effectivement g\u00eane au niveau du minist\u00e8re des transports bloqu\u00e9 nous explique-t-on par le ministre du budget.<br \/>\n&nbsp;<br \/>\nPeu importe. Nous avons re\u00e7u hier une lettre du cabinet du Premier Ministre nous informant que notre missive a \u00e9t\u00e9 re\u00e7ue et lue puis transmise au Ministre des Transports. Nous en sommes ravis.<br \/>\n&nbsp;<br \/>\nNous ne croyons pas au miracle. La situation semble dans l&rsquo;impasse \u00e0 ce stade pour nos lignes consid\u00e9r\u00e9es encore comme non p\u00e9rennes, et desservant des bassins de population insuffisants. Nous sommes bien loin de la notion de services de transports d&rsquo;\u00e9quilibre du territoire qui pr\u00e9valait fut un temps.<br \/>\n&nbsp;<br \/>\n<img loading=\"lazy\" decoding=\"async\" class=\" aligncenter size-full wp-image-3384\" src=\"http:\/\/5.45.101.177\/haut-allier\/usagers-transportse\/wp-content\/uploads\/2021\/07\/reponse-premier-ministre-a-oui-au-train-de-nuit-cevennes-auvergne-13-juillet-2021-f.jpg\" alt=\"reponse-premier-ministre-a-oui-au-train-de-nuit-cevennes-auvergne-13-juillet-2021-f.jpg\" align=\"center\" width=\"1121\" height=\"1500\" srcset=\"https:\/\/usagers-transports.haut-allier.eu\/wp-content\/uploads\/2021\/07\/reponse-premier-ministre-a-oui-au-train-de-nuit-cevennes-auvergne-13-juillet-2021-f.jpg 1121w, https:\/\/usagers-transports.haut-allier.eu\/wp-content\/uploads\/2021\/07\/reponse-premier-ministre-a-oui-au-train-de-nuit-cevennes-auvergne-13-juillet-2021-f-224x300.jpg 224w, https:\/\/usagers-transports.haut-allier.eu\/wp-content\/uploads\/2021\/07\/reponse-premier-ministre-a-oui-au-train-de-nuit-cevennes-auvergne-13-juillet-2021-f-765x1024.jpg 765w, https:\/\/usagers-transports.haut-allier.eu\/wp-content\/uploads\/2021\/07\/reponse-premier-ministre-a-oui-au-train-de-nuit-cevennes-auvergne-13-juillet-2021-f-768x1028.jpg 768w\" sizes=\"auto, (max-width: 1121px) 100vw, 1121px\" \/><br \/>\n&nbsp;<br \/>\n<em>Rappelons les communes qui ont pris la peine de voter une motion :<\/em><br \/>\n&nbsp;<br \/>\nBrignon (Gard)<br \/>\nBordezac (Gard)<br \/>\nFrug\u00e8res les Mines (Puy de D\u00f4me)<br \/>\nSaint-Germain Lembron (Puy de D\u00f4me)<br \/>\nLablach\u00e8re (Ard\u00e8che)<br \/>\nSaint-Laurent Chabreuges (Haute Loire)<br \/>\nPrades (Haute-Loire)<br \/>\nSaint-Haon (Haute-Loire)<br \/>\nRibaute les Tavernes (Gard)<br \/>\nSalindres (Gard)<br \/>\nBeaumont (Haute-Loire)<br \/>\nBouillargues (Gard)<br \/>\nN\u00eemes (Gard)<br \/>\nLoubaresse (Ard\u00e8che)<br \/>\nAuroux (Loz\u00e8re)<br \/>\nSainte-Anastasie (Gard)<br \/>\nSalles du Gardon (Gard)<br \/>\nMaru\u00e9jols l\u00e8s Gardon (Gard)<br \/>\nCendras (Gard)<br \/>\nParignargues (Gard)<br \/>\nLesp\u00e9ron (Ard\u00e8che)<br \/>\nIssoire (Puy de D\u00f4me)<br \/>\nPr\u00e9vench\u00e8res (Loz\u00e8re)<br \/>\nLaveyrune (Loz\u00e8re)<br \/>\nLes Pradeaux (Puy de D\u00f4me)<br \/>\nMalons et Elze (Gard)<br \/>\nLangogne (Loz\u00e8re)<br \/>\nSaint-Andr\u00e9 Capc\u00e8ze (Loz\u00e8re)<br \/>\nAltier (Loz\u00e8re)<br \/>\nBrioude (Haute-Loire)<br \/>\nMonistrol d\u2019Allier (Haute-Loire)<br \/>\nLabastide Puylaurent (Loz\u00e8re)<br \/>\nAlleyras (Haute-Loire)<br \/>\nSainte-Florine (Puy de D\u00f4me)<br \/>\nPaulhaguet (Haute-Loire)<br \/>\nLa GrandCombe (Gard)<br \/>\nChamborigaud (Gard)<br \/>\nG\u00e9nolhac (Gard)<br \/>\nVieille Brioude (Haute-Loire)<br \/>\n&nbsp;<br \/>\nMerci \u00e0 elles pour leur mobilisation.<\/p>\n","protected":false},"excerpt":{"rendered":"<p>La mobilisation des communes de la ligne des C\u00e9vennes n&rsquo;y aura rien fait : Le 3 mai dernier<\/p>\n","protected":false},"author":1,"featured_media":3383,"comment_status":"open","ping_status":"open","sticky":false,"template":"","format":"standard","meta":{"footnotes":""},"categories":[2],"tags":[],"class_list":["post-788","post","type-post","status-publish","format-standard","has-post-thumbnail","hentry","category-infos"],"_links":{"self":[{"href":"https:\/\/usagers-transports.haut-allier.eu\/index.php\/wp-json\/wp\/v2\/posts\/788","targetHints":{"allow":["GET"]}}],"collection":[{"href":"https:\/\/usagers-transports.haut-allier.eu\/index.php\/wp-json\/wp\/v2\/posts"}],"about":[{"href":"https:\/\/usagers-transports.haut-allier.eu\/index.php\/wp-json\/wp\/v2\/types\/post"}],"author":[{"embeddable":true,"href":"https:\/\/usagers-transports.haut-allier.eu\/index.php\/wp-json\/wp\/v2\/users\/1"}],"replies":[{"embeddable":true,"href":"https:\/\/usagers-transports.haut-allier.eu\/index.php\/wp-json\/wp\/v2\/comments?post=788"}],"version-history":[{"count":0,"href":"https:\/\/usagers-transports.haut-allier.eu\/index.php\/wp-json\/wp\/v2\/posts\/788\/revisions"}],"wp:featuredmedia":[{"embeddable":true,"href":"https:\/\/usagers-transports.haut-allier.eu\/index.php\/wp-json\/wp\/v2\/media\/3383"}],"wp:attachment":[{"href":"https:\/\/usagers-transports.haut-allier.eu\/index.php\/wp-json\/wp\/v2\/media?parent=788"}],"wp:term":[{"taxonomy":"category","embeddable":true,"href":"https:\/\/usagers-transports.haut-allier.eu\/index.php\/wp-json\/wp\/v2\/categories?post=788"},{"taxonomy":"post_tag","embeddable":true,"href":"https:\/\/usagers-transports.haut-allier.eu\/index.php\/wp-json\/wp\/v2\/tags?post=788"}],"curies":[{"name":"wp","href":"https:\/\/api.w.org\/{rel}","templated":true}]}}