{"id":789,"date":"2021-07-27T15:30:54","date_gmt":"2021-07-27T13:30:54","guid":{"rendered":"http:\/\/5.45.101.177\/haut-allier\/usagers-transportse\/index.php\/2021\/07\/27\/ligne-du-train-cevenol-depuis-7789\/"},"modified":"2021-07-27T15:30:54","modified_gmt":"2021-07-27T13:30:54","slug":"ligne-du-train-cevenol-depuis-7789","status":"publish","type":"post","link":"https:\/\/usagers-transports.haut-allier.eu\/index.php\/2021\/07\/27\/ligne-du-train-cevenol-depuis-7789\/","title":{"rendered":"LIgne du train C\u00e9venol : depuis 7 jours le guichet de la gare de G\u00e9nolhac est en panne informatique"},"content":{"rendered":"<p><em>Le Comit\u00e9 de d\u00e9fense des services publics et des usagers dans les hautes C\u00e9vennes nous informe :<\/em><br \/>\n&nbsp;<br \/>\n<strong>Depuis 7 jours le guichet de la gare de G\u00e9nolhac est en panne informatique !<br \/>\n&nbsp;<br \/>\nRapidement, l&rsquo;unit\u00e9 centrale a \u00e9t\u00e9 remplac\u00e9e.<br \/>\n&nbsp;<br \/>\nMais d&rsquo;apr\u00e8s nos informations, le disque dur contenant l&rsquo;ensemble des informations n\u00e9cessaires au fonctionnement du guichet, s&rsquo;est r\u00e9v\u00e9l\u00e9 d\u00e9faillant \u00f4tant toute possibilit\u00e9 de fonctionnement du guichet !<br \/>\n&nbsp;<br \/>\nCeci au moment o\u00f9 la fr\u00e9quentation de la gare et du guichet est tr\u00e8s importante. Cela se passe de commentaires !<br \/>\n&nbsp;<br \/>\nLa col\u00e8re du Comit\u00e9 de d\u00e9fense des services publics et des usagers dans les hautes C\u00e9vennes est \u00e0 son paroxysme !<br \/>\n&nbsp;<br \/>\nLe Comit\u00e9 exige la r\u00e9paration imm\u00e9diate de la panne.<br \/>\n&nbsp;<br \/>\nIl informe la totalit\u00e9 des responsables concern\u00e9s (de l&rsquo;Etat, de la R\u00e9gion, du D\u00e9partement, des communes, des associations, etc.) et m\u00e9diatisera cette situation.<br \/>\n&nbsp;<br \/>\nContact en l&rsquo;absence de la Pr\u00e9sidente du Comit\u00e9 : 06 01 73 90 15<\/strong><br \/>\n&nbsp;<br \/>\nLe guichet de G\u00e9nolhac pour l&rsquo;ouverture duquel Le Comit\u00e9 de d\u00e9fense s&rsquo;est farouchement battu<br \/>\n&nbsp;<br \/>\n<img loading=\"lazy\" decoding=\"async\" class=\" aligncenter size-full wp-image-3386\" src=\"http:\/\/5.45.101.177\/haut-allier\/usagers-transportse\/wp-content\/uploads\/2021\/07\/e6gxtipxmaueyfg.jpg\" alt=\"e6gxtipxmaueyfg.jpg\" align=\"center\" width=\"1200\" height=\"900\" srcset=\"https:\/\/usagers-transports.haut-allier.eu\/wp-content\/uploads\/2021\/07\/e6gxtipxmaueyfg.jpg 1200w, https:\/\/usagers-transports.haut-allier.eu\/wp-content\/uploads\/2021\/07\/e6gxtipxmaueyfg-300x225.jpg 300w, https:\/\/usagers-transports.haut-allier.eu\/wp-content\/uploads\/2021\/07\/e6gxtipxmaueyfg-1024x768.jpg 1024w, https:\/\/usagers-transports.haut-allier.eu\/wp-content\/uploads\/2021\/07\/e6gxtipxmaueyfg-768x576.jpg 768w\" sizes=\"auto, (max-width: 1200px) 100vw, 1200px\" \/><br \/>\n&nbsp;<\/p>\n","protected":false},"excerpt":{"rendered":"<p>Le Comit\u00e9 de d\u00e9fense des services publics et des usagers dans les hautes C\u00e9vennes nous informe : &nbsp;<\/p>\n","protected":false},"author":1,"featured_media":3385,"comment_status":"open","ping_status":"open","sticky":false,"template":"","format":"standard","meta":{"footnotes":""},"categories":[3],"tags":[],"class_list":["post-789","post","type-post","status-publish","format-standard","has-post-thumbnail","hentry","category-en-train"],"_links":{"self":[{"href":"https:\/\/usagers-transports.haut-allier.eu\/index.php\/wp-json\/wp\/v2\/posts\/789","targetHints":{"allow":["GET"]}}],"collection":[{"href":"https:\/\/usagers-transports.haut-allier.eu\/index.php\/wp-json\/wp\/v2\/posts"}],"about":[{"href":"https:\/\/usagers-transports.haut-allier.eu\/index.php\/wp-json\/wp\/v2\/types\/post"}],"author":[{"embeddable":true,"href":"https:\/\/usagers-transports.haut-allier.eu\/index.php\/wp-json\/wp\/v2\/users\/1"}],"replies":[{"embeddable":true,"href":"https:\/\/usagers-transports.haut-allier.eu\/index.php\/wp-json\/wp\/v2\/comments?post=789"}],"version-history":[{"count":0,"href":"https:\/\/usagers-transports.haut-allier.eu\/index.php\/wp-json\/wp\/v2\/posts\/789\/revisions"}],"wp:featuredmedia":[{"embeddable":true,"href":"https:\/\/usagers-transports.haut-allier.eu\/index.php\/wp-json\/wp\/v2\/media\/3385"}],"wp:attachment":[{"href":"https:\/\/usagers-transports.haut-allier.eu\/index.php\/wp-json\/wp\/v2\/media?parent=789"}],"wp:term":[{"taxonomy":"category","embeddable":true,"href":"https:\/\/usagers-transports.haut-allier.eu\/index.php\/wp-json\/wp\/v2\/categories?post=789"},{"taxonomy":"post_tag","embeddable":true,"href":"https:\/\/usagers-transports.haut-allier.eu\/index.php\/wp-json\/wp\/v2\/tags?post=789"}],"curies":[{"name":"wp","href":"https:\/\/api.w.org\/{rel}","templated":true}]}}