{"id":79,"date":"2013-10-03T10:23:35","date_gmt":"2013-10-03T08:23:35","guid":{"rendered":"http:\/\/5.45.101.177\/haut-allier\/usagers-transportse\/index.php\/2013\/10\/03\/travaux-ligne-du-cevenol-le079\/"},"modified":"2013-10-03T10:23:35","modified_gmt":"2013-10-03T08:23:35","slug":"travaux-ligne-du-cevenol-le079","status":"publish","type":"post","link":"https:\/\/usagers-transports.haut-allier.eu\/index.php\/2013\/10\/03\/travaux-ligne-du-cevenol-le079\/","title":{"rendered":"Travaux ligne du C\u00e9venol : le service Z\u00e9ro pendant 3 mois justifi\u00e9 ? Et les 75 kms\/h ? Jamais ?"},"content":{"rendered":"<p><strong>Pour ceux qui en douteraient des travaux, d&rsquo;enrochement, ont bien lieu<\/strong> en ce moment dans les gorges de l&rsquo;Allier, secteur de Chapeauroux, \u00e0 quelques dizaines de m\u00e8tres de la gare, t\u00e9moins ces clich\u00e9s pris le 1er octobre. <\/p>\n<p><img loading=\"lazy\" decoding=\"async\" class=\" aligncenter size-full wp-image-1484\" src=\"http:\/\/5.45.101.177\/haut-allier\/usagers-transportse\/wp-content\/uploads\/2013\/10\/tvx-chap-02.jpg\" alt=\"tvx-chap-02.jpg\" align=\"center\" width=\"800\" height=\"689\" srcset=\"https:\/\/usagers-transports.haut-allier.eu\/wp-content\/uploads\/2013\/10\/tvx-chap-02.jpg 800w, https:\/\/usagers-transports.haut-allier.eu\/wp-content\/uploads\/2013\/10\/tvx-chap-02-300x258.jpg 300w, https:\/\/usagers-transports.haut-allier.eu\/wp-content\/uploads\/2013\/10\/tvx-chap-02-768x661.jpg 768w\" sizes=\"auto, (max-width: 800px) 100vw, 800px\" \/><br \/>\n<img loading=\"lazy\" decoding=\"async\" class=\" aligncenter size-full wp-image-1485\" src=\"http:\/\/5.45.101.177\/haut-allier\/usagers-transportse\/wp-content\/uploads\/2013\/10\/tvx-chap-00.jpg\" alt=\"tvx-chap-00.jpg\" align=\"center\" width=\"800\" height=\"494\" srcset=\"https:\/\/usagers-transports.haut-allier.eu\/wp-content\/uploads\/2013\/10\/tvx-chap-00.jpg 800w, https:\/\/usagers-transports.haut-allier.eu\/wp-content\/uploads\/2013\/10\/tvx-chap-00-300x185.jpg 300w, https:\/\/usagers-transports.haut-allier.eu\/wp-content\/uploads\/2013\/10\/tvx-chap-00-768x474.jpg 768w\" sizes=\"auto, (max-width: 800px) 100vw, 800px\" \/><br \/>\n<img loading=\"lazy\" decoding=\"async\" class=\" aligncenter size-full wp-image-1486\" src=\"http:\/\/5.45.101.177\/haut-allier\/usagers-transportse\/wp-content\/uploads\/2013\/10\/tvx-chap-03.jpg\" alt=\"tvx-chap-03.jpg\" align=\"center\" width=\"800\" height=\"419\" srcset=\"https:\/\/usagers-transports.haut-allier.eu\/wp-content\/uploads\/2013\/10\/tvx-chap-03.jpg 800w, https:\/\/usagers-transports.haut-allier.eu\/wp-content\/uploads\/2013\/10\/tvx-chap-03-300x157.jpg 300w, https:\/\/usagers-transports.haut-allier.eu\/wp-content\/uploads\/2013\/10\/tvx-chap-03-768x402.jpg 768w\" sizes=\"auto, (max-width: 800px) 100vw, 800px\" \/><\/p>\n<p>Des remplacements de traverses ont eu lieu selon les dires d&rsquo;un agent SNCF (O\u00f9 ? Myst\u00e8re) et des travaux de cimentage de murs et murettes le bord des voies ont \u00e9galement \u00e9t\u00e9 constat\u00e9s comme dans le secteur d&rsquo;Alleyras.<br \/>\n&nbsp;<br \/>\n<strong>Cel\u00e0 justifie-t-il une coupure totale du service pendant deux mois ?<\/strong> Sur ce point qui fait partie des griefs de notre <a href=\"http:\/\/usagers-transports.haut-allier.eu\/spip.php?article58\">p\u00e9tition<\/a> nous attendons toujours une r\u00e9ponse claire de RFF \/ SNCF.<br \/>\n&nbsp;<br \/>\nNous sommes convaincus que le ma\u00eetre d&rsquo;oeuvre n&rsquo;a pas exig\u00e9 dans son appel d&rsquo;offres ou son cahier de charges l&rsquo;obligation de faisabilit\u00e9 des op\u00e9rations en partie de journ\u00e9e voire de nuit comme cel\u00e0 \u00e9tait le cas il y a quelques ann\u00e9es.<br \/>\n&nbsp;<br \/>\nUne chose semble s\u00fbre c&rsquo;est que la SNCF et RFF n&rsquo;agissent plus avec pour objectif premier le service aux voyageurs mais en fonction de leurs propres int\u00e9r\u00eats : moins de complexit\u00e9 pour les op\u00e9rations de maintien, moins de complexit\u00e9 pour le calcul de la circulation des trains, etc. et des agents en gare toujours pr\u00e9sents malgr\u00e9 une ligne totalement ferm\u00e9e. Cherchez l&rsquo;erreur.<br \/>\n&nbsp;<br \/>\n<strong>Et pourquoi s&rsquo;en priveraient ils ?<\/strong> La r\u00e9gion Auvergne appel\u00e9e \u00e0 l&rsquo;aide ne peut qu&rsquo;obtemp\u00e9rer, en confiance : elle a donc financ\u00e9 les yeux ferm\u00e9s pr\u00e8s de la moiti\u00e9 du co\u00fbt des travaux du <a href=\"http:\/\/www.rff.fr\/IMG\/PlanRailAuvergne2009.pdf\">Plan Rail<\/a>, de 13 millions d&rsquo;euros. Un plan rail r\u00e9gional dont la derni\u00e8re phase doit s&rsquo;achever d\u00e9but novembre \u00e0 condition \u00ab\u00a0que l&rsquo;ex\u00e9cution des travaux soit compl\u00e8te et conforme aux cahiers des charges\u00a0\u00bb. Ce qui veut dire qu&rsquo;il y aura prolongation de l&rsquo;interruption du service jusqu&rsquo;en d\u00e9cembre. On le murmure \u00e0 mots couverts : trois mois. \u00ab\u00a0Ce sera en fonction des intemp\u00e9ries\u00a0\u00bb peut-on entendre de la part des agents du chemin de fer.<br \/>\n&nbsp;<br \/>\n<strong>Mais ces coupures automnales et drastiques du service ferroviaire durant 4 ann\u00e9es aboutiront-elles \u00e0 l&rsquo;am\u00e9lioration de la circulation des trains ?<\/strong> Rien n&rsquo;est moins s\u00fbr. Selon un de ses courriers RFF n&rsquo;y serait pas favorable. La coupe est pleine \u00e0 tel point que les \u00e9lus de l&rsquo;Association pour la d\u00e9fense du C\u00e9venol ont <a href=\"http:\/\/usagers-transports.haut-allier.eu\/spip.php?article68\">rappel\u00e9<\/a> \u00e0 RFF et \u00e0 la SNCF leur engagement pour le r\u00e9tablissement des vitesses \u00e0 75 kms dans les gorges de l&rsquo;Allier \u00e0 la fin des travaux. 20 minutes seraient ainsi gagn\u00e9es sur tous les trajets actuels. Le conseil r\u00e9gional Auvergne a lui aussi vot\u00e9 \u00e0 l&rsquo;unanimit\u00e9 un <a href=\"http:\/\/blog.vertsconseilregionalauvergne.fr\/public\/Voeu_relevement_vitesse_Cevenol.pdf\">voeu<\/a> pour le r\u00e9tablissement des vitesses \u00e0 75 kms dans sa derni\u00e8re s\u00e9ance.<br \/>\n&nbsp;<br \/>\nRFF et la SNCF ne jouent que trop avec l&rsquo;argent public depuis longtemps en toute opacit\u00e9. Les r\u00e9gions grandes pourvoyeuses de fonds financent \u00e0 l&rsquo;aveugle sur les dires d&rsquo;une soci\u00e9t\u00e9 de transports qui refuse de leur <a href=\"http:\/\/www.ifrap.org\/TER-Grandes-lignes-Transilien-pourquoi-les-tarifs-SNCF-augmentent,13235.html\">rendre des comptes<\/a>, qui fait d&rsquo;<a href=\"http:\/\/www.lesechos.fr\/entreprises-secteurs\/auto-transport\/actu\/0203016289557-huit-regions-s-associent-pour-reprendre-en-main-l-achat-de-leurs-trains-regionaux-607136.php\">outranciers<\/a> <a href=\"http:\/\/www.20minutes.fr\/economie\/1102915-sncf-triple-resultat-2012-reduit-fortement-dette\">b\u00e9n\u00e9fices<\/a>, pour constater la d\u00e9liquescence permanente du service rendu.<br \/>\n&nbsp;<br \/>\n<strong>Les usagers du Haut-Allier pendant ce temps se d\u00e9tournent du train et les zones travers\u00e9es se d\u00e9peuplent.<\/strong><\/p>\n","protected":false},"excerpt":{"rendered":"<p>Pour ceux qui en douteraient des travaux, d&rsquo;enrochement, ont bien lieu en ce moment dans les gorges de<\/p>\n","protected":false},"author":1,"featured_media":1483,"comment_status":"closed","ping_status":"open","sticky":false,"template":"","format":"standard","meta":{"footnotes":""},"categories":[2],"tags":[],"class_list":["post-79","post","type-post","status-publish","format-standard","has-post-thumbnail","hentry","category-infos"],"_links":{"self":[{"href":"https:\/\/usagers-transports.haut-allier.eu\/index.php\/wp-json\/wp\/v2\/posts\/79","targetHints":{"allow":["GET"]}}],"collection":[{"href":"https:\/\/usagers-transports.haut-allier.eu\/index.php\/wp-json\/wp\/v2\/posts"}],"about":[{"href":"https:\/\/usagers-transports.haut-allier.eu\/index.php\/wp-json\/wp\/v2\/types\/post"}],"author":[{"embeddable":true,"href":"https:\/\/usagers-transports.haut-allier.eu\/index.php\/wp-json\/wp\/v2\/users\/1"}],"replies":[{"embeddable":true,"href":"https:\/\/usagers-transports.haut-allier.eu\/index.php\/wp-json\/wp\/v2\/comments?post=79"}],"version-history":[{"count":0,"href":"https:\/\/usagers-transports.haut-allier.eu\/index.php\/wp-json\/wp\/v2\/posts\/79\/revisions"}],"wp:featuredmedia":[{"embeddable":true,"href":"https:\/\/usagers-transports.haut-allier.eu\/index.php\/wp-json\/wp\/v2\/media\/1483"}],"wp:attachment":[{"href":"https:\/\/usagers-transports.haut-allier.eu\/index.php\/wp-json\/wp\/v2\/media?parent=79"}],"wp:term":[{"taxonomy":"category","embeddable":true,"href":"https:\/\/usagers-transports.haut-allier.eu\/index.php\/wp-json\/wp\/v2\/categories?post=79"},{"taxonomy":"post_tag","embeddable":true,"href":"https:\/\/usagers-transports.haut-allier.eu\/index.php\/wp-json\/wp\/v2\/tags?post=79"}],"curies":[{"name":"wp","href":"https:\/\/api.w.org\/{rel}","templated":true}]}}