{"id":790,"date":"2021-08-05T20:57:14","date_gmt":"2021-08-05T18:57:14","guid":{"rendered":"http:\/\/5.45.101.177\/haut-allier\/usagers-transportse\/index.php\/2021\/08\/05\/transports-en-haute-loire-le790\/"},"modified":"2021-08-05T20:57:14","modified_gmt":"2021-08-05T18:57:14","slug":"transports-en-haute-loire-le790","status":"publish","type":"post","link":"https:\/\/usagers-transports.haut-allier.eu\/index.php\/2021\/08\/05\/transports-en-haute-loire-le790\/","title":{"rendered":"Transports en Haute-Loire, le d\u00e9sespoir"},"content":{"rendered":"<p>C&rsquo;est le coup de gueule de Marie-Jeanne, une habitante confront\u00e9e au n\u00e9ant de l&rsquo;infrastructure des transports collectifs dans ce d\u00e9partement. La r\u00e9gion Auvergne Rh\u00f4ne Alpes a depuis janvier 2021 pris les rennes des transports en bus de Haute-Loire, elle avait d\u00e9j\u00e0 les comp\u00e9tences de l&rsquo;organisation des trains express r\u00e9gionaux, les seuls circulant dans ce d\u00e9partement. La lettre est suffisamment \u00e9loquente pour que nous n&rsquo;y rajoutions rien.<br \/>\n&nbsp;<br \/>\n[**<br \/>\nBonjour,<br \/>\n&nbsp;<br \/>\nOn m&rsquo;a recommand\u00e9 de vous \u00e9crire pour vous informer du message envoy\u00e9 \u00e0 la r\u00e9gion. J&rsquo;exp\u00e9rimente les transports en Haute-Loire et autant vous dire que c&rsquo;est une cata. J&rsquo;ai \u00e9crit le mail ci-dessous sur la plateforme de contact de Laurent Wauquiez. Je suis rest\u00e9e tr\u00e8s courtoise dans l&rsquo;\u00e9crit mais cela cache un profond \u00e9nervement. Je n&rsquo;ai pas \u00e9voqu\u00e9 dans le email le c\u00f4t\u00e9 limite incomp\u00e9tent des agents de la r\u00e9gion \u00e0 qui j&rsquo;ai eu affaire sans quoi je n&rsquo;aurais jamais eu de r\u00e9ponse.<br \/>\n&nbsp;<br \/>\nEn envoyant le mail, je ne me fais gu\u00e8re d&rsquo;illusion sur un changement \u00e0 court terme mais je ne voulais pas me reprocher de l&rsquo;avoir fait. Eh bien quand on lit la r\u00e9ponse re\u00e7ue de la r\u00e9gion, j&rsquo;ai \u00e9t\u00e9 sid\u00e9r\u00e9e, c&rsquo;est compl\u00e8tement \u00e0 c\u00f4t\u00e9 de la plaque et \u00e7a \u00e9lude tous les probl\u00e8mes concrets relev\u00e9s. Au lieu de \u00e7a, j&rsquo;ai droit \u00e0 une citation de Pompidou, bonjour la r\u00e9f\u00e9rence !<br \/>\n&nbsp;<br \/>\nBref, l\u00e0, je ne vois pas \u00e0 quoi \u00e7a sert de jouer le r\u00f4le de citoyen.<br \/>\nPeut-\u00eatre que \u00e7a vous servira dans vos actions au quotidien.<br \/>\nBon courage pour vos travaux.*]<br \/>\n&nbsp;<br \/>\n&nbsp;<br \/>\n<strong>Lettre envoy\u00e9e au pr\u00e9sident de r\u00e9gion :<\/strong><br \/>\n&nbsp;<\/p>\n<p>[(<br \/>\n<em><br \/>\n<em>Monsieur Wauquiez, vous \u00eates r\u00e9\u00e9lu \u00e0 la t\u00eate de la r\u00e9gion Auvergne et Rh\u00f4ne-Alpes, f\u00e9licitations.<br \/>\n&nbsp;<br \/>\nJe vous adresse ce mail suite \u00e0 plusieurs exp\u00e9riences dans les transports de Haute-Loire. Mon message se veut constructif pour que vous preniez conscience du niveau de service car il faut am\u00e9liorer les choses.<br \/>\n&nbsp;<br \/>\nPour les cars \u00ab interurbains \u00bb, les tarifs ne sont pas harmonis\u00e9s entre les d\u00e9partements. La Loire a son tarif, le 43 a le sien etc etc. Harmonisez les prix comme en Occitanie svp.<br \/>\n&nbsp;<br \/>\nLes horaires pour les autocars \u00ab\u00a0interurbains\u00a0\u00bb sont faits pour les jeunes. Essayez d\u2019aller sur une journ\u00e9e du Puy \u00e0 Yssingeaux, La Chaise-Dieu ou Le Monastier\u2026Impossible. J\u2019ai pris le car dimanche pour Yssingeaux, on \u00e9tait 2. Au retour, on \u00e9tait 4. Le chauffeur ne se cachait pas de transporter personne. La RN88, elle, est tr\u00e8s circul\u00e9e. Si vous tenez tant \u00e0 la s\u00e9curit\u00e9, alors cr\u00e9ez des voyages r\u00e9guliers svp.<br \/>\n&nbsp;<br \/>\nLa gare routi\u00e8re du Puy, flambant neuve est tr\u00e8s grande. Au guichet, on ne g\u00e8re que les TUDIP. Les agents n\u2019ont pas d\u2019informations sur les cars interurbains, il faut aller sur le site internet et appeler la r\u00e9gion. Et pourtant, \u00e7a s\u2019appelle p\u00f4le intermodal. Dans le hall de la gare, pareil, pas d\u2019information sur les interurbains. Il faut d\u00e9ambuler sur les 16 quais avant de savoir o\u00f9 part le car, il n\u2019y a aucune affiche papier ou \u00e9lectronique qui centralise les d\u00e9parts. Fa\u00eetes vraiment de ce p\u00f4le un lieu intermodal svp.<br \/>\n&nbsp;<br \/>\nLe site internet de la r\u00e9gion ne divulgue pas les tarifs ni les conditions d\u2019embarquement des v\u00e9los pour les jeunes. J\u2019appelle le num\u00e9ro de t\u00e9l\u00e9phone sur votre site, on me r\u00e9pond \u00ab Je ne sais pas, appelez le transporteur \u00bb.<br \/>\n&nbsp;<br \/>\nFinalement, le transporteur me donne les renseignements. Je me demande qui c\u2019est \u00ab l\u2019autorit\u00e9 organisatrice \u00bb. Simplifiez l\u2019information svp.<br \/>\n&nbsp;<br \/>\nPour les trains r\u00e9gionaux, ce sont 3 pauvres aller retour qui permettent de se rapprocher de Brioude et de Clermont. Le reste c\u2019est en car. D\u00e9veloppez le service ferr\u00e9 svp.<br \/>\n&nbsp;<br \/>\nJe passe \u00e0 la maison de la r\u00e9gion du Puy pour savoir \u00e0 qui relayer ces \u00e9l\u00e9ments. On me r\u00e9pond \u00ab On ne fait que les transports scolaires \u00bb. M\u00eame vos agents ne connaissent pas les comp\u00e9tences de la r\u00e9gion, pas de fiches horaires des cars sur le comptoir, pas \u00e9tonnant qu\u2019il n\u2019y ait personne dans les cars.<br \/>\n&nbsp;<br \/>\nPour moi, la r\u00e9gion n\u2019est pas encore investie de sa mission \u00ab\u00a0d\u2019autorit\u00e9 organisatrice\u00a0\u00bb. Le transport est absent du paysage et dans la t\u00eate de vos propres agents. Je prends le temps de vous \u00e9crire, pos\u00e9ment, en esp\u00e9rant voir un jour les choses s\u2019am\u00e9liorer, svp.<br \/>\n&nbsp;<br \/>\nBon courage pour votre nouveau mandat.<\/em><\/p>\n<p>)]<br \/>\n&nbsp;<br \/>\n<strong>Et voici la r\u00e9ponse de Laurent Wauquiez. Tout est l\u00e0, il n&rsquo;y pas de feuille suppl\u00e9mentaire. On fr\u00f4le l&rsquo;ind\u00e9cence : <\/strong><br \/>\n&nbsp;<br \/>\n<img loading=\"lazy\" decoding=\"async\" class=\" aligncenter size-full wp-image-3388\" src=\"http:\/\/5.45.101.177\/haut-allier\/usagers-transportse\/wp-content\/uploads\/2021\/08\/reponsewau.jpg\" alt=\"reponsewau.jpg\" align=\"center\" width=\"1221\" height=\"1782\" srcset=\"https:\/\/usagers-transports.haut-allier.eu\/wp-content\/uploads\/2021\/08\/reponsewau.jpg 1221w, https:\/\/usagers-transports.haut-allier.eu\/wp-content\/uploads\/2021\/08\/reponsewau-206x300.jpg 206w, https:\/\/usagers-transports.haut-allier.eu\/wp-content\/uploads\/2021\/08\/reponsewau-702x1024.jpg 702w, https:\/\/usagers-transports.haut-allier.eu\/wp-content\/uploads\/2021\/08\/reponsewau-768x1121.jpg 768w, https:\/\/usagers-transports.haut-allier.eu\/wp-content\/uploads\/2021\/08\/reponsewau-1052x1536.jpg 1052w\" sizes=\"auto, (max-width: 1221px) 100vw, 1221px\" \/><br \/>\n&nbsp;<\/p>\n","protected":false},"excerpt":{"rendered":"<p>C&rsquo;est le coup de gueule de Marie-Jeanne, une habitante confront\u00e9e au n\u00e9ant de l&rsquo;infrastructure des transports collectifs dans<\/p>\n","protected":false},"author":1,"featured_media":3387,"comment_status":"open","ping_status":"open","sticky":false,"template":"","format":"standard","meta":{"footnotes":""},"categories":[2],"tags":[],"class_list":["post-790","post","type-post","status-publish","format-standard","has-post-thumbnail","hentry","category-infos"],"_links":{"self":[{"href":"https:\/\/usagers-transports.haut-allier.eu\/index.php\/wp-json\/wp\/v2\/posts\/790","targetHints":{"allow":["GET"]}}],"collection":[{"href":"https:\/\/usagers-transports.haut-allier.eu\/index.php\/wp-json\/wp\/v2\/posts"}],"about":[{"href":"https:\/\/usagers-transports.haut-allier.eu\/index.php\/wp-json\/wp\/v2\/types\/post"}],"author":[{"embeddable":true,"href":"https:\/\/usagers-transports.haut-allier.eu\/index.php\/wp-json\/wp\/v2\/users\/1"}],"replies":[{"embeddable":true,"href":"https:\/\/usagers-transports.haut-allier.eu\/index.php\/wp-json\/wp\/v2\/comments?post=790"}],"version-history":[{"count":0,"href":"https:\/\/usagers-transports.haut-allier.eu\/index.php\/wp-json\/wp\/v2\/posts\/790\/revisions"}],"wp:featuredmedia":[{"embeddable":true,"href":"https:\/\/usagers-transports.haut-allier.eu\/index.php\/wp-json\/wp\/v2\/media\/3387"}],"wp:attachment":[{"href":"https:\/\/usagers-transports.haut-allier.eu\/index.php\/wp-json\/wp\/v2\/media?parent=790"}],"wp:term":[{"taxonomy":"category","embeddable":true,"href":"https:\/\/usagers-transports.haut-allier.eu\/index.php\/wp-json\/wp\/v2\/categories?post=790"},{"taxonomy":"post_tag","embeddable":true,"href":"https:\/\/usagers-transports.haut-allier.eu\/index.php\/wp-json\/wp\/v2\/tags?post=790"}],"curies":[{"name":"wp","href":"https:\/\/api.w.org\/{rel}","templated":true}]}}