{"id":791,"date":"2021-08-06T07:26:57","date_gmt":"2021-08-06T05:26:57","guid":{"rendered":"http:\/\/5.45.101.177\/haut-allier\/usagers-transportse\/index.php\/2021\/08\/06\/pass-sanitaire-les-regles-dans-les791\/"},"modified":"2021-08-06T07:26:57","modified_gmt":"2021-08-06T05:26:57","slug":"pass-sanitaire-les-regles-dans-les791","status":"publish","type":"post","link":"https:\/\/usagers-transports.haut-allier.eu\/index.php\/2021\/08\/06\/pass-sanitaire-les-regles-dans-les791\/","title":{"rendered":"Pass sanitaire : les r\u00e8gles dans les trains \u00e0 partir du 9 ao\u00fbt 2021"},"content":{"rendered":"<p>L&rsquo;Association des Usagers SNCF du Gard r\u00e9sume bien la situation :<br \/>\n&nbsp;<br \/>\nEn r\u00e9sum\u00e9, extrait du site SNCF : <a href=\"https:\/\/www.garesetconnexions.sncf\/fr\/coronavirus-mesures-exceptionnelles-0\">https:\/\/www.garesetconnexions.sncf\/fr\/coronavirus-mesures-exceptionnelles-0<\/a><br \/>\n&nbsp;<br \/>\n<strong>\u00ab\u00a0\u00c0 partir du 9 ao\u00fbt, vous devrez \u00eatre muni d&rsquo;un pass sanitaire pour prendre un train TGV INOUI, Intercit\u00e9s, Ouigo ou un train international longue distance au d\u00e9part de la France.<br \/>\n&#8230;<br \/>\nCes nouvelles mesures ne s&rsquo;appliquent pas aux trains TER circulant en France, RER et Transilien.\u00a0\u00bb<\/strong><br \/>\n&nbsp;<br \/>\nUne bonne occasion de profiter de la ligne des C\u00e9vennes, de celle du Grau du Roi, du train jaune et de nos lignes r\u00e9gionales.<br \/>\n&nbsp;<br \/>\n<em>Point barre.<\/em><\/p>\n","protected":false},"excerpt":{"rendered":"<p>L&rsquo;Association des Usagers SNCF du Gard r\u00e9sume bien la situation : &nbsp; En r\u00e9sum\u00e9, extrait du site SNCF<\/p>\n","protected":false},"author":1,"featured_media":3389,"comment_status":"open","ping_status":"open","sticky":false,"template":"","format":"standard","meta":{"footnotes":""},"categories":[3],"tags":[],"class_list":["post-791","post","type-post","status-publish","format-standard","has-post-thumbnail","hentry","category-en-train"],"_links":{"self":[{"href":"https:\/\/usagers-transports.haut-allier.eu\/index.php\/wp-json\/wp\/v2\/posts\/791","targetHints":{"allow":["GET"]}}],"collection":[{"href":"https:\/\/usagers-transports.haut-allier.eu\/index.php\/wp-json\/wp\/v2\/posts"}],"about":[{"href":"https:\/\/usagers-transports.haut-allier.eu\/index.php\/wp-json\/wp\/v2\/types\/post"}],"author":[{"embeddable":true,"href":"https:\/\/usagers-transports.haut-allier.eu\/index.php\/wp-json\/wp\/v2\/users\/1"}],"replies":[{"embeddable":true,"href":"https:\/\/usagers-transports.haut-allier.eu\/index.php\/wp-json\/wp\/v2\/comments?post=791"}],"version-history":[{"count":0,"href":"https:\/\/usagers-transports.haut-allier.eu\/index.php\/wp-json\/wp\/v2\/posts\/791\/revisions"}],"wp:featuredmedia":[{"embeddable":true,"href":"https:\/\/usagers-transports.haut-allier.eu\/index.php\/wp-json\/wp\/v2\/media\/3389"}],"wp:attachment":[{"href":"https:\/\/usagers-transports.haut-allier.eu\/index.php\/wp-json\/wp\/v2\/media?parent=791"}],"wp:term":[{"taxonomy":"category","embeddable":true,"href":"https:\/\/usagers-transports.haut-allier.eu\/index.php\/wp-json\/wp\/v2\/categories?post=791"},{"taxonomy":"post_tag","embeddable":true,"href":"https:\/\/usagers-transports.haut-allier.eu\/index.php\/wp-json\/wp\/v2\/tags?post=791"}],"curies":[{"name":"wp","href":"https:\/\/api.w.org\/{rel}","templated":true}]}}